{"id":11024,"date":"2015-03-04T19:58:16","date_gmt":"2015-03-04T19:58:16","guid":{"rendered":"http:\/\/copealcoi.es\/new\/?p=11024"},"modified":"2015-03-04T19:58:16","modified_gmt":"2015-03-04T19:58:16","slug":"las-jornadas-gastronomicas-de-la-fira-llegan-a-su-ecuador","status":"publish","type":"post","link":"https:\/\/www.copealcoy.es\/es\/las-jornadas-gastronomicas-de-la-fira-llegan-a-su-ecuador\/","title":{"rendered":"Las Jornadas Gastron\u00f3micas de la Fira llegan a su ecuador"},"content":{"rendered":"<p style=\"text-align: justify;\">Las Jornadas Gastron\u00f3micas de la Fira de Tots Sants de Cocentaina llegan ya a su ecuador. Los establecimientos que est\u00e1n participando en las mismas hacen una valoraci\u00f3n positiva y muestran su satisfacci\u00f3n por la buena acogida que han tenido sus propuestas culinarias.<\/p>\n<p style=\"text-align: justify;\">Los profesionales del sector han colgado el cartel de completo durante estas semanas y desde la organizaci\u00f3n se\u00f1alan que la buena oferta y la adaptabilidad de la misma a los diferentes bolsillos han sido las principales causas del \u00e9xito. Desde la concejal\u00eda de promoci\u00f3n econ\u00f3mica y la asociaci\u00f3n de hosteler\u00eda de la Villa Condal se habla de consolidaci\u00f3n y acierto &#8220;es una cita que los contestanos y muchos vecinos de la comarca asumen como propia y acuden a los bares y restaurantes para disfrutar de los platos, tapas, men\u00fas y c\u00f3cteles que han preparado con tan buen gusto&#8221;, se\u00f1ala el edil, Vicent Sandoval.<\/p>\n<p style=\"text-align: justify;\">Las Jornadas Gastron\u00f3micas Fira de Tots Sants de Cocentaina seguir\u00e1n durante los pr\u00f3ximos d\u00edas hasta el 15 de marzo.<\/p>\n","protected":false},"excerpt":{"rendered":"<p>Las Jornadas Gastron\u00f3micas de la Fira de Tots Sants de Cocentaina llegan ya a su ecuador. Los establecimientos que est\u00e1n&#8230;<\/p>\n","protected":false},"author":1,"featured_media":10571,"comment_status":"open","ping_status":"open","sticky":false,"template":"","format":"standard","meta":{"footnotes":""},"categories":[98,75],"tags":[132,237,390,635,716],"class_list":["post-11024","post","type-post","status-publish","format-standard","has-post-thumbnail","hentry","category-comarcas","category-noticias","tag-cocentaina","tag-comtat","tag-economia","tag-fira-de-tots-sants","tag-gastronomia"],"yoast_head":"<!-- This site is optimized with the Yoast SEO plugin v27.3 - https:\/\/yoast.com\/product\/yoast-seo-wordpress\/ -->\n<title>Las Jornadas Gastron\u00f3micas de la Fira llegan a su ecuador - COPE Alcoy<\/title>\n<meta name=\"robots\" content=\"index, follow, max-snippet:-1, max-image-preview:large, max-video-preview:-1\" \/>\n<link rel=\"canonical\" href=\"https:\/\/www.copealcoy.es\/es\/las-jornadas-gastronomicas-de-la-fira-llegan-a-su-ecuador\/\" \/>\n<meta property=\"og:locale\" content=\"es_ES\" \/>\n<meta property=\"og:type\" content=\"article\" \/>\n<meta property=\"og:title\" content=\"Las Jornadas Gastron\u00f3micas de la Fira llegan a su ecuador - COPE Alcoy\" \/>\n<meta property=\"og:description\" content=\"Las Jornadas Gastron\u00f3micas de la Fira de Tots Sants de Cocentaina llegan ya a su ecuador. Los establecimientos que est\u00e1n...\" \/>\n<meta property=\"og:url\" content=\"https:\/\/www.copealcoy.es\/es\/las-jornadas-gastronomicas-de-la-fira-llegan-a-su-ecuador\/\" \/>\n<meta property=\"og:site_name\" content=\"COPE Alcoy\" \/>\n<meta property=\"article:published_time\" content=\"2015-03-04T19:58:16+00:00\" \/>\n<meta property=\"og:image\" content=\"https:\/\/www.copealcoy.es\/wp-content\/uploads\/2015\/02\/image41-1024x768.jpg\" \/>\n\t<meta property=\"og:image:width\" content=\"1024\" \/>\n\t<meta property=\"og:image:height\" content=\"768\" \/>\n\t<meta property=\"og:image:type\" content=\"image\/jpeg\" \/>\n<meta name=\"author\" content=\"Cope Alcoy\" \/>\n<meta name=\"twitter:label1\" content=\"Escrito por\" \/>\n\t<meta name=\"twitter:data1\" content=\"Cope Alcoy\" \/>\n\t<meta name=\"twitter:label2\" content=\"Tiempo de lectura\" \/>\n\t<meta name=\"twitter:data2\" content=\"1 minuto\" \/>\n<script type=\"application\/ld+json\" class=\"yoast-schema-graph\">{\"@context\":\"https:\\\/\\\/schema.org\",\"@graph\":[{\"@type\":\"Article\",\"@id\":\"https:\\\/\\\/www.copealcoy.es\\\/es\\\/las-jornadas-gastronomicas-de-la-fira-llegan-a-su-ecuador\\\/#article\",\"isPartOf\":{\"@id\":\"https:\\\/\\\/www.copealcoy.es\\\/es\\\/las-jornadas-gastronomicas-de-la-fira-llegan-a-su-ecuador\\\/\"},\"author\":{\"name\":\"Cope Alcoy\",\"@id\":\"https:\\\/\\\/www.copealcoy.es\\\/es\\\/#\\\/schema\\\/person\\\/e777c87fa024e57d40170af9df39882c\"},\"headline\":\"Las Jornadas Gastron\u00f3micas de la Fira llegan a su ecuador\",\"datePublished\":\"2015-03-04T19:58:16+00:00\",\"mainEntityOfPage\":{\"@id\":\"https:\\\/\\\/www.copealcoy.es\\\/es\\\/las-jornadas-gastronomicas-de-la-fira-llegan-a-su-ecuador\\\/\"},\"wordCount\":193,\"commentCount\":0,\"image\":{\"@id\":\"https:\\\/\\\/www.copealcoy.es\\\/es\\\/las-jornadas-gastronomicas-de-la-fira-llegan-a-su-ecuador\\\/#primaryimage\"},\"thumbnailUrl\":\"https:\\\/\\\/www.copealcoy.es\\\/wp-content\\\/uploads\\\/2015\\\/02\\\/image41.jpg\",\"keywords\":[\"Cocentaina\",\"Comtat\",\"Econom\u00eda\",\"Fira de Tots Sants\",\"Gastronom\u00eda\"],\"articleSection\":[\"Comarcas\",\"Noticias\"],\"inLanguage\":\"es\"},{\"@type\":\"WebPage\",\"@id\":\"https:\\\/\\\/www.copealcoy.es\\\/es\\\/las-jornadas-gastronomicas-de-la-fira-llegan-a-su-ecuador\\\/\",\"url\":\"https:\\\/\\\/www.copealcoy.es\\\/es\\\/las-jornadas-gastronomicas-de-la-fira-llegan-a-su-ecuador\\\/\",\"name\":\"Las Jornadas Gastron\u00f3micas de la Fira llegan a su ecuador - COPE Alcoy\",\"isPartOf\":{\"@id\":\"https:\\\/\\\/www.copealcoy.es\\\/es\\\/#website\"},\"primaryImageOfPage\":{\"@id\":\"https:\\\/\\\/www.copealcoy.es\\\/es\\\/las-jornadas-gastronomicas-de-la-fira-llegan-a-su-ecuador\\\/#primaryimage\"},\"image\":{\"@id\":\"https:\\\/\\\/www.copealcoy.es\\\/es\\\/las-jornadas-gastronomicas-de-la-fira-llegan-a-su-ecuador\\\/#primaryimage\"},\"thumbnailUrl\":\"https:\\\/\\\/www.copealcoy.es\\\/wp-content\\\/uploads\\\/2015\\\/02\\\/image41.jpg\",\"datePublished\":\"2015-03-04T19:58:16+00:00\",\"author\":{\"@id\":\"https:\\\/\\\/www.copealcoy.es\\\/es\\\/#\\\/schema\\\/person\\\/e777c87fa024e57d40170af9df39882c\"},\"breadcrumb\":{\"@id\":\"https:\\\/\\\/www.copealcoy.es\\\/es\\\/las-jornadas-gastronomicas-de-la-fira-llegan-a-su-ecuador\\\/#breadcrumb\"},\"inLanguage\":\"es\",\"potentialAction\":[{\"@type\":\"ReadAction\",\"target\":[\"https:\\\/\\\/www.copealcoy.es\\\/es\\\/las-jornadas-gastronomicas-de-la-fira-llegan-a-su-ecuador\\\/\"]}]},{\"@type\":\"ImageObject\",\"inLanguage\":\"es\",\"@id\":\"https:\\\/\\\/www.copealcoy.es\\\/es\\\/las-jornadas-gastronomicas-de-la-fira-llegan-a-su-ecuador\\\/#primaryimage\",\"url\":\"https:\\\/\\\/www.copealcoy.es\\\/wp-content\\\/uploads\\\/2015\\\/02\\\/image41.jpg\",\"contentUrl\":\"https:\\\/\\\/www.copealcoy.es\\\/wp-content\\\/uploads\\\/2015\\\/02\\\/image41.jpg\",\"width\":1440,\"height\":1080},{\"@type\":\"BreadcrumbList\",\"@id\":\"https:\\\/\\\/www.copealcoy.es\\\/es\\\/las-jornadas-gastronomicas-de-la-fira-llegan-a-su-ecuador\\\/#breadcrumb\",\"itemListElement\":[{\"@type\":\"ListItem\",\"position\":1,\"name\":\"Portada\",\"item\":\"https:\\\/\\\/www.copealcoy.es\\\/es\\\/\"},{\"@type\":\"ListItem\",\"position\":2,\"name\":\"Las Jornadas Gastron\u00f3micas de la Fira llegan a su ecuador\"}]},{\"@type\":\"WebSite\",\"@id\":\"https:\\\/\\\/www.copealcoy.es\\\/es\\\/#website\",\"url\":\"https:\\\/\\\/www.copealcoy.es\\\/es\\\/\",\"name\":\"COPE Alcoy\",\"description\":\"Emisora COPE de radio local con emisi\u00f3n online. Pont de Sant Jordi 8-10 03803 Alcoy\",\"potentialAction\":[{\"@type\":\"SearchAction\",\"target\":{\"@type\":\"EntryPoint\",\"urlTemplate\":\"https:\\\/\\\/www.copealcoy.es\\\/es\\\/?s={search_term_string}\"},\"query-input\":{\"@type\":\"PropertyValueSpecification\",\"valueRequired\":true,\"valueName\":\"search_term_string\"}}],\"inLanguage\":\"es\"},{\"@type\":\"Person\",\"@id\":\"https:\\\/\\\/www.copealcoy.es\\\/es\\\/#\\\/schema\\\/person\\\/e777c87fa024e57d40170af9df39882c\",\"name\":\"Cope Alcoy\",\"image\":{\"@type\":\"ImageObject\",\"inLanguage\":\"es\",\"@id\":\"https:\\\/\\\/secure.gravatar.com\\\/avatar\\\/bb65d0283347e303893ba14f0692005417c1e0e690a325a4c5d8bb2b3943ee14?s=96&d=mm&r=g\",\"url\":\"https:\\\/\\\/secure.gravatar.com\\\/avatar\\\/bb65d0283347e303893ba14f0692005417c1e0e690a325a4c5d8bb2b3943ee14?s=96&d=mm&r=g\",\"contentUrl\":\"https:\\\/\\\/secure.gravatar.com\\\/avatar\\\/bb65d0283347e303893ba14f0692005417c1e0e690a325a4c5d8bb2b3943ee14?s=96&d=mm&r=g\",\"caption\":\"Cope Alcoy\"}}]}<\/script>\n<!-- \/ Yoast SEO plugin. -->","yoast_head_json":{"title":"Las Jornadas Gastron\u00f3micas de la Fira llegan a su ecuador - COPE Alcoy","robots":{"index":"index","follow":"follow","max-snippet":"max-snippet:-1","max-image-preview":"max-image-preview:large","max-video-preview":"max-video-preview:-1"},"canonical":"https:\/\/www.copealcoy.es\/es\/las-jornadas-gastronomicas-de-la-fira-llegan-a-su-ecuador\/","og_locale":"es_ES","og_type":"article","og_title":"Las Jornadas Gastron\u00f3micas de la Fira llegan a su ecuador - COPE Alcoy","og_description":"Las Jornadas Gastron\u00f3micas de la Fira de Tots Sants de Cocentaina llegan ya a su ecuador. Los establecimientos que est\u00e1n...","og_url":"https:\/\/www.copealcoy.es\/es\/las-jornadas-gastronomicas-de-la-fira-llegan-a-su-ecuador\/","og_site_name":"COPE Alcoy","article_published_time":"2015-03-04T19:58:16+00:00","og_image":[{"width":1024,"height":768,"url":"https:\/\/www.copealcoy.es\/wp-content\/uploads\/2015\/02\/image41-1024x768.jpg","type":"image\/jpeg"}],"author":"Cope Alcoy","twitter_misc":{"Escrito por":"Cope Alcoy","Tiempo de lectura":"1 minuto"},"schema":{"@context":"https:\/\/schema.org","@graph":[{"@type":"Article","@id":"https:\/\/www.copealcoy.es\/es\/las-jornadas-gastronomicas-de-la-fira-llegan-a-su-ecuador\/#article","isPartOf":{"@id":"https:\/\/www.copealcoy.es\/es\/las-jornadas-gastronomicas-de-la-fira-llegan-a-su-ecuador\/"},"author":{"name":"Cope Alcoy","@id":"https:\/\/www.copealcoy.es\/es\/#\/schema\/person\/e777c87fa024e57d40170af9df39882c"},"headline":"Las Jornadas Gastron\u00f3micas de la Fira llegan a su ecuador","datePublished":"2015-03-04T19:58:16+00:00","mainEntityOfPage":{"@id":"https:\/\/www.copealcoy.es\/es\/las-jornadas-gastronomicas-de-la-fira-llegan-a-su-ecuador\/"},"wordCount":193,"commentCount":0,"image":{"@id":"https:\/\/www.copealcoy.es\/es\/las-jornadas-gastronomicas-de-la-fira-llegan-a-su-ecuador\/#primaryimage"},"thumbnailUrl":"https:\/\/www.copealcoy.es\/wp-content\/uploads\/2015\/02\/image41.jpg","keywords":["Cocentaina","Comtat","Econom\u00eda","Fira de Tots Sants","Gastronom\u00eda"],"articleSection":["Comarcas","Noticias"],"inLanguage":"es"},{"@type":"WebPage","@id":"https:\/\/www.copealcoy.es\/es\/las-jornadas-gastronomicas-de-la-fira-llegan-a-su-ecuador\/","url":"https:\/\/www.copealcoy.es\/es\/las-jornadas-gastronomicas-de-la-fira-llegan-a-su-ecuador\/","name":"Las Jornadas Gastron\u00f3micas de la Fira llegan a su ecuador - COPE Alcoy","isPartOf":{"@id":"https:\/\/www.copealcoy.es\/es\/#website"},"primaryImageOfPage":{"@id":"https:\/\/www.copealcoy.es\/es\/las-jornadas-gastronomicas-de-la-fira-llegan-a-su-ecuador\/#primaryimage"},"image":{"@id":"https:\/\/www.copealcoy.es\/es\/las-jornadas-gastronomicas-de-la-fira-llegan-a-su-ecuador\/#primaryimage"},"thumbnailUrl":"https:\/\/www.copealcoy.es\/wp-content\/uploads\/2015\/02\/image41.jpg","datePublished":"2015-03-04T19:58:16+00:00","author":{"@id":"https:\/\/www.copealcoy.es\/es\/#\/schema\/person\/e777c87fa024e57d40170af9df39882c"},"breadcrumb":{"@id":"https:\/\/www.copealcoy.es\/es\/las-jornadas-gastronomicas-de-la-fira-llegan-a-su-ecuador\/#breadcrumb"},"inLanguage":"es","potentialAction":[{"@type":"ReadAction","target":["https:\/\/www.copealcoy.es\/es\/las-jornadas-gastronomicas-de-la-fira-llegan-a-su-ecuador\/"]}]},{"@type":"ImageObject","inLanguage":"es","@id":"https:\/\/www.copealcoy.es\/es\/las-jornadas-gastronomicas-de-la-fira-llegan-a-su-ecuador\/#primaryimage","url":"https:\/\/www.copealcoy.es\/wp-content\/uploads\/2015\/02\/image41.jpg","contentUrl":"https:\/\/www.copealcoy.es\/wp-content\/uploads\/2015\/02\/image41.jpg","width":1440,"height":1080},{"@type":"BreadcrumbList","@id":"https:\/\/www.copealcoy.es\/es\/las-jornadas-gastronomicas-de-la-fira-llegan-a-su-ecuador\/#breadcrumb","itemListElement":[{"@type":"ListItem","position":1,"name":"Portada","item":"https:\/\/www.copealcoy.es\/es\/"},{"@type":"ListItem","position":2,"name":"Las Jornadas Gastron\u00f3micas de la Fira llegan a su ecuador"}]},{"@type":"WebSite","@id":"https:\/\/www.copealcoy.es\/es\/#website","url":"https:\/\/www.copealcoy.es\/es\/","name":"COPE Alcoy","description":"Emisora COPE de radio local con emisi\u00f3n online. Pont de Sant Jordi 8-10 03803 Alcoy","potentialAction":[{"@type":"SearchAction","target":{"@type":"EntryPoint","urlTemplate":"https:\/\/www.copealcoy.es\/es\/?s={search_term_string}"},"query-input":{"@type":"PropertyValueSpecification","valueRequired":true,"valueName":"search_term_string"}}],"inLanguage":"es"},{"@type":"Person","@id":"https:\/\/www.copealcoy.es\/es\/#\/schema\/person\/e777c87fa024e57d40170af9df39882c","name":"Cope Alcoy","image":{"@type":"ImageObject","inLanguage":"es","@id":"https:\/\/secure.gravatar.com\/avatar\/bb65d0283347e303893ba14f0692005417c1e0e690a325a4c5d8bb2b3943ee14?s=96&d=mm&r=g","url":"https:\/\/secure.gravatar.com\/avatar\/bb65d0283347e303893ba14f0692005417c1e0e690a325a4c5d8bb2b3943ee14?s=96&d=mm&r=g","contentUrl":"https:\/\/secure.gravatar.com\/avatar\/bb65d0283347e303893ba14f0692005417c1e0e690a325a4c5d8bb2b3943ee14?s=96&d=mm&r=g","caption":"Cope Alcoy"}}]}},"_links":{"self":[{"href":"https:\/\/www.copealcoy.es\/es\/wp-json\/wp\/v2\/posts\/11024","targetHints":{"allow":["GET"]}}],"collection":[{"href":"https:\/\/www.copealcoy.es\/es\/wp-json\/wp\/v2\/posts"}],"about":[{"href":"https:\/\/www.copealcoy.es\/es\/wp-json\/wp\/v2\/types\/post"}],"author":[{"embeddable":true,"href":"https:\/\/www.copealcoy.es\/es\/wp-json\/wp\/v2\/users\/1"}],"replies":[{"embeddable":true,"href":"https:\/\/www.copealcoy.es\/es\/wp-json\/wp\/v2\/comments?post=11024"}],"version-history":[{"count":0,"href":"https:\/\/www.copealcoy.es\/es\/wp-json\/wp\/v2\/posts\/11024\/revisions"}],"wp:featuredmedia":[{"embeddable":true,"href":"https:\/\/www.copealcoy.es\/es\/wp-json\/wp\/v2\/media\/10571"}],"wp:attachment":[{"href":"https:\/\/www.copealcoy.es\/es\/wp-json\/wp\/v2\/media?parent=11024"}],"wp:term":[{"taxonomy":"category","embeddable":true,"href":"https:\/\/www.copealcoy.es\/es\/wp-json\/wp\/v2\/categories?post=11024"},{"taxonomy":"post_tag","embeddable":true,"href":"https:\/\/www.copealcoy.es\/es\/wp-json\/wp\/v2\/tags?post=11024"}],"curies":[{"name":"wp","href":"https:\/\/api.w.org\/{rel}","templated":true}]}}