{"id":110215,"date":"2023-02-09T07:30:47","date_gmt":"2023-02-09T06:30:47","guid":{"rendered":"https:\/\/www.copealcoy.es\/?p=110215"},"modified":"2023-02-09T08:06:26","modified_gmt":"2023-02-09T07:06:26","slug":"informativo-matinal-jueves-9-de-febrero-2023-0720h","status":"publish","type":"post","link":"https:\/\/www.copealcoy.es\/es\/informativo-matinal-jueves-9-de-febrero-2023-0720h\/","title":{"rendered":"Informativo matinal jueves 9 de febrero 2023 (07:20h)"},"content":{"rendered":"<p><iframe loading=\"lazy\" title=\"Informatiu Matinal Dijous 9 De Febrer 2023 (07:20h)\" width=\"100%\" height=\"120\" src=\"https:\/\/www.mixcloud.com\/widget\/iframe\/?feed=https%3A%2F%2Fwww.mixcloud.com%2FCOPEAlcoy%2Finformatiu-matinal-dijous-9-de-febrer-2023-0720h%2F&amp;hide_cover=1\" frameborder=\"0\"><\/iframe><\/p>\n<p style=\"text-align: justify;\">La detenci\u00f3n de <strong>los dos presuntos autores de robos a punto de pistola<\/strong> en Alcoy y <strong>la \u00faltima hora del temporal en la Comunitat Valenciana<\/strong>, marcan la actualidad de la jornada. Tambi\u00e9n hemos recordado que <strong>ya no es obligatorio el uso de la mascarilla<\/strong> en el transporte p\u00fablico.<\/p>\n<p style=\"text-align: justify;\">Tras m\u00e1s de dos a\u00f1os, este mi\u00e9rcoles<strong>\u00a0la mascarilla deja de ser obligatoria en el transporte p\u00fablico<\/strong>. Su uso tambi\u00e9n ser\u00e1 opcional en establecimientos como \u00f3pticas y ortopedias. Sin embargo, por el momento, seguir\u00e1 siendo imprescindible para acceder a centros sanitarios, residencias y farmacias.<\/p>\n<p style=\"text-align: justify;\">Pero,\u00a0<strong>\u00bfc\u00f3mo valoran los ciudadanos la medida?<\/strong>\u00a0Por el momento, hay quien piensa que es una medida que deber\u00eda haberse tomado hace tiempo. Otros, en cambio, preferir\u00edan que el fin de la obligatoriedad de la mascarilla en este tipo de espacios hubiera llegado en primavera, cuando la situaci\u00f3n por virus respiratorios -como resfriados o gripes- est\u00e1 m\u00e1s controlada. \u00abPuedes entrar en todos los sitios sin mascarilla, \u00bfpor qu\u00e9 en el transporte p\u00fablico no?\u00bb, explicaba un ciudadano. Otra alcoyana, sin embargo, lo ve\u00eda de distinto modo: \u00abQuitarte la mascarilla para subir al autob\u00fas, que es un sitio cerrado, no me parece del todo bien\u00bb.<\/p>\n<p style=\"text-align: justify;\">Precisamente, esta medida llega<strong><span style=\"color: #0000ff;\">\u00a0<a style=\"color: #0000ff;\" href=\"https:\/\/www.copealcoy.es\/fin-de-la-mascarilla-en-interiores-donde-tengo-que-seguir-usandola\/\" target=\"_blank\" rel=\"noopener\">casi un a\u00f1o despu\u00e9s de que dejara de ser obligatoria en los espacios cerrados<\/a><\/span><\/strong>. La doctora\u00a0<strong>Gloria Mera<\/strong>,\u00a0<strong>m\u00e9dica de urgencias en el hospital IMED San Jorge<\/strong>, considera que\u00a0<strong>la decisi\u00f3n se ha tomado en el momento oportuno<\/strong>. \u00abSe ha adoptado seg\u00fan lo que nos marca la epidemiolog\u00eda. Las cifras del covid actualmente est\u00e1n bajando, est\u00e1n disminuyendo los pacientes hospitalizados y los que est\u00e1n en UCI, y los n\u00fameros de contagio van siendo menores. Hay que tener en cuenta que la gente quiere avanzar hacia la normalidad\u00bb, aseguraba en declaraciones a\u00a0<strong>Cope Alcoy<\/strong>.<\/p>\n<p style=\"text-align: justify;\">No obstante, para la doctora resulta\u00a0<strong>fundamental que se siga utilizando esta medida preventiva en centros sanitarios<\/strong>. \u00abSe va a seguir utilizando en espacios en los que nos encontramos, con mayor probabilidad, con pacientes inmunodeprimidos y enfermos m\u00e1s vulnerables. Ah\u00ed es donde tenemos que tener la conciencia y el autocuidado. Un contagio de covid puede empeorar su situaci\u00f3n de salud o sus patolog\u00edas de base. En estos sitios s\u00ed que es id\u00f3neo que se siga utilizado la mascarilla como prevenci\u00f3n y no solo del covid, tambi\u00e9n de otras enfermedades que se transmiten por el aire\u00bb.<\/p>\n","protected":false},"excerpt":{"rendered":"<p>La detenci\u00f3n de los dos presuntos autores de robos a punto de pistola en Alcoy y la \u00faltima hora del&#8230;<\/p>\n","protected":false},"author":1,"featured_media":96687,"comment_status":"open","ping_status":"open","sticky":false,"template":"","format":"standard","meta":{"footnotes":""},"categories":[6909,89,91],"tags":[],"class_list":["post-110215","post","type-post","status-publish","format-standard","has-post-thumbnail","hentry","category-actualidad","category-audiosdelosprogramas","category-informativos"],"yoast_head":"<!-- This site is optimized with the Yoast SEO plugin v27.3 - https:\/\/yoast.com\/product\/yoast-seo-wordpress\/ -->\n<title>Informativo matinal jueves 9 de febrero 2023 (07:20h) - COPE Alcoy<\/title>\n<meta name=\"robots\" content=\"index, follow, max-snippet:-1, max-image-preview:large, max-video-preview:-1\" \/>\n<link rel=\"canonical\" href=\"https:\/\/www.copealcoy.es\/es\/informativo-matinal-jueves-9-de-febrero-2023-0720h\/\" \/>\n<meta property=\"og:locale\" content=\"es_ES\" \/>\n<meta property=\"og:type\" content=\"article\" \/>\n<meta property=\"og:title\" content=\"Informativo matinal jueves 9 de febrero 2023 (07:20h) - COPE Alcoy\" \/>\n<meta property=\"og:description\" content=\"La detenci\u00f3n de los dos presuntos autores de robos a punto de pistola en Alcoy y la \u00faltima hora del...\" \/>\n<meta property=\"og:url\" content=\"https:\/\/www.copealcoy.es\/es\/informativo-matinal-jueves-9-de-febrero-2023-0720h\/\" \/>\n<meta property=\"og:site_name\" content=\"COPE Alcoy\" \/>\n<meta property=\"article:published_time\" content=\"2023-02-09T06:30:47+00:00\" \/>\n<meta property=\"article:modified_time\" content=\"2023-02-09T07:06:26+00:00\" \/>\n<meta property=\"og:image\" content=\"https:\/\/www.copealcoy.es\/wp-content\/uploads\/2023\/01\/Matinal-1.jpg\" \/>\n\t<meta property=\"og:image:width\" content=\"500\" \/>\n\t<meta property=\"og:image:height\" content=\"284\" \/>\n\t<meta property=\"og:image:type\" content=\"image\/jpeg\" \/>\n<meta name=\"author\" content=\"Cope Alcoy\" \/>\n<meta name=\"twitter:label1\" content=\"Escrito por\" \/>\n\t<meta name=\"twitter:data1\" content=\"Cope Alcoy\" \/>\n\t<meta name=\"twitter:label2\" content=\"Tiempo de lectura\" \/>\n\t<meta name=\"twitter:data2\" content=\"2 minutos\" \/>\n<script type=\"application\/ld+json\" class=\"yoast-schema-graph\">{\"@context\":\"https:\\\/\\\/schema.org\",\"@graph\":[{\"@type\":\"Article\",\"@id\":\"https:\\\/\\\/www.copealcoy.es\\\/es\\\/informativo-matinal-jueves-9-de-febrero-2023-0720h\\\/#article\",\"isPartOf\":{\"@id\":\"https:\\\/\\\/www.copealcoy.es\\\/es\\\/informativo-matinal-jueves-9-de-febrero-2023-0720h\\\/\"},\"author\":{\"name\":\"Cope Alcoy\",\"@id\":\"https:\\\/\\\/www.copealcoy.es\\\/es\\\/#\\\/schema\\\/person\\\/e777c87fa024e57d40170af9df39882c\"},\"headline\":\"Informativo matinal jueves 9 de febrero 2023 (07:20h)\",\"datePublished\":\"2023-02-09T06:30:47+00:00\",\"dateModified\":\"2023-02-09T07:06:26+00:00\",\"mainEntityOfPage\":{\"@id\":\"https:\\\/\\\/www.copealcoy.es\\\/es\\\/informativo-matinal-jueves-9-de-febrero-2023-0720h\\\/\"},\"wordCount\":434,\"commentCount\":0,\"image\":{\"@id\":\"https:\\\/\\\/www.copealcoy.es\\\/es\\\/informativo-matinal-jueves-9-de-febrero-2023-0720h\\\/#primaryimage\"},\"thumbnailUrl\":\"https:\\\/\\\/www.copealcoy.es\\\/wp-content\\\/uploads\\\/2023\\\/01\\\/Matinal-1.jpg\",\"articleSection\":[\"Actualidad\",\"Audios de los programas\",\"Informativos\"],\"inLanguage\":\"es\"},{\"@type\":\"WebPage\",\"@id\":\"https:\\\/\\\/www.copealcoy.es\\\/es\\\/informativo-matinal-jueves-9-de-febrero-2023-0720h\\\/\",\"url\":\"https:\\\/\\\/www.copealcoy.es\\\/es\\\/informativo-matinal-jueves-9-de-febrero-2023-0720h\\\/\",\"name\":\"Informativo matinal jueves 9 de febrero 2023 (07:20h) - COPE Alcoy\",\"isPartOf\":{\"@id\":\"https:\\\/\\\/www.copealcoy.es\\\/es\\\/#website\"},\"primaryImageOfPage\":{\"@id\":\"https:\\\/\\\/www.copealcoy.es\\\/es\\\/informativo-matinal-jueves-9-de-febrero-2023-0720h\\\/#primaryimage\"},\"image\":{\"@id\":\"https:\\\/\\\/www.copealcoy.es\\\/es\\\/informativo-matinal-jueves-9-de-febrero-2023-0720h\\\/#primaryimage\"},\"thumbnailUrl\":\"https:\\\/\\\/www.copealcoy.es\\\/wp-content\\\/uploads\\\/2023\\\/01\\\/Matinal-1.jpg\",\"datePublished\":\"2023-02-09T06:30:47+00:00\",\"dateModified\":\"2023-02-09T07:06:26+00:00\",\"author\":{\"@id\":\"https:\\\/\\\/www.copealcoy.es\\\/es\\\/#\\\/schema\\\/person\\\/e777c87fa024e57d40170af9df39882c\"},\"breadcrumb\":{\"@id\":\"https:\\\/\\\/www.copealcoy.es\\\/es\\\/informativo-matinal-jueves-9-de-febrero-2023-0720h\\\/#breadcrumb\"},\"inLanguage\":\"es\",\"potentialAction\":[{\"@type\":\"ReadAction\",\"target\":[\"https:\\\/\\\/www.copealcoy.es\\\/es\\\/informativo-matinal-jueves-9-de-febrero-2023-0720h\\\/\"]}]},{\"@type\":\"ImageObject\",\"inLanguage\":\"es\",\"@id\":\"https:\\\/\\\/www.copealcoy.es\\\/es\\\/informativo-matinal-jueves-9-de-febrero-2023-0720h\\\/#primaryimage\",\"url\":\"https:\\\/\\\/www.copealcoy.es\\\/wp-content\\\/uploads\\\/2023\\\/01\\\/Matinal-1.jpg\",\"contentUrl\":\"https:\\\/\\\/www.copealcoy.es\\\/wp-content\\\/uploads\\\/2023\\\/01\\\/Matinal-1.jpg\",\"width\":500,\"height\":284},{\"@type\":\"BreadcrumbList\",\"@id\":\"https:\\\/\\\/www.copealcoy.es\\\/es\\\/informativo-matinal-jueves-9-de-febrero-2023-0720h\\\/#breadcrumb\",\"itemListElement\":[{\"@type\":\"ListItem\",\"position\":1,\"name\":\"Portada\",\"item\":\"https:\\\/\\\/www.copealcoy.es\\\/es\\\/\"},{\"@type\":\"ListItem\",\"position\":2,\"name\":\"Informativo matinal jueves 9 de febrero 2023 (07:20h)\"}]},{\"@type\":\"WebSite\",\"@id\":\"https:\\\/\\\/www.copealcoy.es\\\/es\\\/#website\",\"url\":\"https:\\\/\\\/www.copealcoy.es\\\/es\\\/\",\"name\":\"COPE Alcoy\",\"description\":\"Emisora COPE de radio local con emisi\u00f3n online. Pont de Sant Jordi 8-10 03803 Alcoy\",\"potentialAction\":[{\"@type\":\"SearchAction\",\"target\":{\"@type\":\"EntryPoint\",\"urlTemplate\":\"https:\\\/\\\/www.copealcoy.es\\\/es\\\/?s={search_term_string}\"},\"query-input\":{\"@type\":\"PropertyValueSpecification\",\"valueRequired\":true,\"valueName\":\"search_term_string\"}}],\"inLanguage\":\"es\"},{\"@type\":\"Person\",\"@id\":\"https:\\\/\\\/www.copealcoy.es\\\/es\\\/#\\\/schema\\\/person\\\/e777c87fa024e57d40170af9df39882c\",\"name\":\"Cope Alcoy\",\"image\":{\"@type\":\"ImageObject\",\"inLanguage\":\"es\",\"@id\":\"https:\\\/\\\/secure.gravatar.com\\\/avatar\\\/bb65d0283347e303893ba14f0692005417c1e0e690a325a4c5d8bb2b3943ee14?s=96&d=mm&r=g\",\"url\":\"https:\\\/\\\/secure.gravatar.com\\\/avatar\\\/bb65d0283347e303893ba14f0692005417c1e0e690a325a4c5d8bb2b3943ee14?s=96&d=mm&r=g\",\"contentUrl\":\"https:\\\/\\\/secure.gravatar.com\\\/avatar\\\/bb65d0283347e303893ba14f0692005417c1e0e690a325a4c5d8bb2b3943ee14?s=96&d=mm&r=g\",\"caption\":\"Cope Alcoy\"}}]}<\/script>\n<!-- \/ Yoast SEO plugin. -->","yoast_head_json":{"title":"Informativo matinal jueves 9 de febrero 2023 (07:20h) - COPE Alcoy","robots":{"index":"index","follow":"follow","max-snippet":"max-snippet:-1","max-image-preview":"max-image-preview:large","max-video-preview":"max-video-preview:-1"},"canonical":"https:\/\/www.copealcoy.es\/es\/informativo-matinal-jueves-9-de-febrero-2023-0720h\/","og_locale":"es_ES","og_type":"article","og_title":"Informativo matinal jueves 9 de febrero 2023 (07:20h) - COPE Alcoy","og_description":"La detenci\u00f3n de los dos presuntos autores de robos a punto de pistola en Alcoy y la \u00faltima hora del...","og_url":"https:\/\/www.copealcoy.es\/es\/informativo-matinal-jueves-9-de-febrero-2023-0720h\/","og_site_name":"COPE Alcoy","article_published_time":"2023-02-09T06:30:47+00:00","article_modified_time":"2023-02-09T07:06:26+00:00","og_image":[{"width":500,"height":284,"url":"https:\/\/www.copealcoy.es\/wp-content\/uploads\/2023\/01\/Matinal-1.jpg","type":"image\/jpeg"}],"author":"Cope Alcoy","twitter_misc":{"Escrito por":"Cope Alcoy","Tiempo de lectura":"2 minutos"},"schema":{"@context":"https:\/\/schema.org","@graph":[{"@type":"Article","@id":"https:\/\/www.copealcoy.es\/es\/informativo-matinal-jueves-9-de-febrero-2023-0720h\/#article","isPartOf":{"@id":"https:\/\/www.copealcoy.es\/es\/informativo-matinal-jueves-9-de-febrero-2023-0720h\/"},"author":{"name":"Cope Alcoy","@id":"https:\/\/www.copealcoy.es\/es\/#\/schema\/person\/e777c87fa024e57d40170af9df39882c"},"headline":"Informativo matinal jueves 9 de febrero 2023 (07:20h)","datePublished":"2023-02-09T06:30:47+00:00","dateModified":"2023-02-09T07:06:26+00:00","mainEntityOfPage":{"@id":"https:\/\/www.copealcoy.es\/es\/informativo-matinal-jueves-9-de-febrero-2023-0720h\/"},"wordCount":434,"commentCount":0,"image":{"@id":"https:\/\/www.copealcoy.es\/es\/informativo-matinal-jueves-9-de-febrero-2023-0720h\/#primaryimage"},"thumbnailUrl":"https:\/\/www.copealcoy.es\/wp-content\/uploads\/2023\/01\/Matinal-1.jpg","articleSection":["Actualidad","Audios de los programas","Informativos"],"inLanguage":"es"},{"@type":"WebPage","@id":"https:\/\/www.copealcoy.es\/es\/informativo-matinal-jueves-9-de-febrero-2023-0720h\/","url":"https:\/\/www.copealcoy.es\/es\/informativo-matinal-jueves-9-de-febrero-2023-0720h\/","name":"Informativo matinal jueves 9 de febrero 2023 (07:20h) - COPE Alcoy","isPartOf":{"@id":"https:\/\/www.copealcoy.es\/es\/#website"},"primaryImageOfPage":{"@id":"https:\/\/www.copealcoy.es\/es\/informativo-matinal-jueves-9-de-febrero-2023-0720h\/#primaryimage"},"image":{"@id":"https:\/\/www.copealcoy.es\/es\/informativo-matinal-jueves-9-de-febrero-2023-0720h\/#primaryimage"},"thumbnailUrl":"https:\/\/www.copealcoy.es\/wp-content\/uploads\/2023\/01\/Matinal-1.jpg","datePublished":"2023-02-09T06:30:47+00:00","dateModified":"2023-02-09T07:06:26+00:00","author":{"@id":"https:\/\/www.copealcoy.es\/es\/#\/schema\/person\/e777c87fa024e57d40170af9df39882c"},"breadcrumb":{"@id":"https:\/\/www.copealcoy.es\/es\/informativo-matinal-jueves-9-de-febrero-2023-0720h\/#breadcrumb"},"inLanguage":"es","potentialAction":[{"@type":"ReadAction","target":["https:\/\/www.copealcoy.es\/es\/informativo-matinal-jueves-9-de-febrero-2023-0720h\/"]}]},{"@type":"ImageObject","inLanguage":"es","@id":"https:\/\/www.copealcoy.es\/es\/informativo-matinal-jueves-9-de-febrero-2023-0720h\/#primaryimage","url":"https:\/\/www.copealcoy.es\/wp-content\/uploads\/2023\/01\/Matinal-1.jpg","contentUrl":"https:\/\/www.copealcoy.es\/wp-content\/uploads\/2023\/01\/Matinal-1.jpg","width":500,"height":284},{"@type":"BreadcrumbList","@id":"https:\/\/www.copealcoy.es\/es\/informativo-matinal-jueves-9-de-febrero-2023-0720h\/#breadcrumb","itemListElement":[{"@type":"ListItem","position":1,"name":"Portada","item":"https:\/\/www.copealcoy.es\/es\/"},{"@type":"ListItem","position":2,"name":"Informativo matinal jueves 9 de febrero 2023 (07:20h)"}]},{"@type":"WebSite","@id":"https:\/\/www.copealcoy.es\/es\/#website","url":"https:\/\/www.copealcoy.es\/es\/","name":"COPE Alcoy","description":"Emisora COPE de radio local con emisi\u00f3n online. Pont de Sant Jordi 8-10 03803 Alcoy","potentialAction":[{"@type":"SearchAction","target":{"@type":"EntryPoint","urlTemplate":"https:\/\/www.copealcoy.es\/es\/?s={search_term_string}"},"query-input":{"@type":"PropertyValueSpecification","valueRequired":true,"valueName":"search_term_string"}}],"inLanguage":"es"},{"@type":"Person","@id":"https:\/\/www.copealcoy.es\/es\/#\/schema\/person\/e777c87fa024e57d40170af9df39882c","name":"Cope Alcoy","image":{"@type":"ImageObject","inLanguage":"es","@id":"https:\/\/secure.gravatar.com\/avatar\/bb65d0283347e303893ba14f0692005417c1e0e690a325a4c5d8bb2b3943ee14?s=96&d=mm&r=g","url":"https:\/\/secure.gravatar.com\/avatar\/bb65d0283347e303893ba14f0692005417c1e0e690a325a4c5d8bb2b3943ee14?s=96&d=mm&r=g","contentUrl":"https:\/\/secure.gravatar.com\/avatar\/bb65d0283347e303893ba14f0692005417c1e0e690a325a4c5d8bb2b3943ee14?s=96&d=mm&r=g","caption":"Cope Alcoy"}}]}},"_links":{"self":[{"href":"https:\/\/www.copealcoy.es\/es\/wp-json\/wp\/v2\/posts\/110215","targetHints":{"allow":["GET"]}}],"collection":[{"href":"https:\/\/www.copealcoy.es\/es\/wp-json\/wp\/v2\/posts"}],"about":[{"href":"https:\/\/www.copealcoy.es\/es\/wp-json\/wp\/v2\/types\/post"}],"author":[{"embeddable":true,"href":"https:\/\/www.copealcoy.es\/es\/wp-json\/wp\/v2\/users\/1"}],"replies":[{"embeddable":true,"href":"https:\/\/www.copealcoy.es\/es\/wp-json\/wp\/v2\/comments?post=110215"}],"version-history":[{"count":0,"href":"https:\/\/www.copealcoy.es\/es\/wp-json\/wp\/v2\/posts\/110215\/revisions"}],"wp:featuredmedia":[{"embeddable":true,"href":"https:\/\/www.copealcoy.es\/es\/wp-json\/wp\/v2\/media\/96687"}],"wp:attachment":[{"href":"https:\/\/www.copealcoy.es\/es\/wp-json\/wp\/v2\/media?parent=110215"}],"wp:term":[{"taxonomy":"category","embeddable":true,"href":"https:\/\/www.copealcoy.es\/es\/wp-json\/wp\/v2\/categories?post=110215"},{"taxonomy":"post_tag","embeddable":true,"href":"https:\/\/www.copealcoy.es\/es\/wp-json\/wp\/v2\/tags?post=110215"}],"curies":[{"name":"wp","href":"https:\/\/api.w.org\/{rel}","templated":true}]}}