{"id":110161,"date":"2023-02-08T13:39:57","date_gmt":"2023-02-08T12:39:57","guid":{"rendered":"https:\/\/www.copealcoy.es\/?p=110161"},"modified":"2023-02-08T13:58:22","modified_gmt":"2023-02-08T12:58:22","slug":"aumentan-los-contagios-por-sarna-en-el-departamento-de-salud-de-alcoy","status":"publish","type":"post","link":"https:\/\/www.copealcoy.es\/es\/aumentan-los-contagios-por-sarna-en-el-departamento-de-salud-de-alcoy\/","title":{"rendered":"Aumentan los contagios por sarna en el Departamento de Salud de Alcoy"},"content":{"rendered":"<p style=\"text-align: justify;\">La sarna <strong>sigue siendo noticia en esta semana<\/strong> y el brote que est\u00e1 afectando a nuestro Departamento de Salud <strong>no deja de sumar casos<\/strong>. Hasta media ma\u00f1ana de hoy <strong>se habr\u00edan contabilizado m\u00e1s se sesenta<\/strong> seg\u00fan han confirmado a esta casa fuentes de nuestra \u00e1rea sanitaria.<\/p>\n<p style=\"text-align: justify;\">El mencionado perjudica en estos momentos a <strong>cuatro centros educativos de Alcoy y a uno de la comarca<\/strong>, concretamente situado en el municipio de Benimarfull. Los contagios <strong>afectan a peque\u00f1os de entre 1 y 10 a\u00f1os<\/strong> siendo el origen un caso mal curado que al parecer se registr\u00f3 semanas atr\u00e1s. Desde el \u00e1rea de Salud P\u00fablica del Ayuntamiento de Alcoy insisten en hacer <strong>un llamamiento a la calma<\/strong> y aseguran que la sarna no causa mayores problemas de salud en aquellos que resultan contagiados &#8220;<em>estamos seguros de que los casos ir\u00e1n en aumento porque los ni\u00f1os que se han contagiado han estado en contacto con otras personas pero insistimos en que lo m\u00e1s importante es seguir el tratamiento a rajatabla para volver a la normalidad lo antes posible<\/em>&#8220;, manifestaba en declaraciones a COPE ALCOY la edil <strong>Tere Sanju\u00e1n<\/strong>. Por el momento el Departamento de Salud ha adoptado algunas medidas &#8220;<em>se ha enviado un dermat\u00f3logo a los colegios afectados para que explore a aquellos ni\u00f1os que la autoricen los padres y tambi\u00e9n va a enviarse una circular a las familias con las medidas higi\u00e9nicas a tener en cuenta<\/em>&#8220;, concluye.<\/p>\n<p style=\"text-align: justify;\">La sarna, recordamos, es un trastorno de la piel, provocado por peque\u00f1os \u00e1caros <strong>que produce un sarpullido<\/strong> acompa\u00f1ado de picor. Estos par\u00e1sitos est\u00e1n presentes en el textil, por ejemplo. Es por ello que, aunque el enfermo se puede curar,<strong> tambi\u00e9n puede reinfectarse si los \u00e1caros no se eliminan de los ambientes que frecuenta el paciente<\/strong>. Y es precisamente este el origen del brote, <strong>el caso de un escolar<\/strong> que se contagi\u00f3 en el mes de octubre y que -al no seguirse todas las pautas- no se cur\u00f3 correctamente.<\/p>\n","protected":false},"excerpt":{"rendered":"<p>La sarna sigue siendo noticia en esta semana y el brote que est\u00e1 afectando a nuestro Departamento de Salud no&#8230;<\/p>\n","protected":false},"author":1,"featured_media":89486,"comment_status":"open","ping_status":"open","sticky":false,"template":"","format":"standard","meta":{"footnotes":""},"categories":[6909,97,75],"tags":[1494,3934,1527,13843,6962],"class_list":["post-110161","post","type-post","status-publish","format-standard","has-post-thumbnail","hentry","category-actualidad","category-alcoy","category-noticias","tag-alcoy","tag-brote","tag-departamento-de-salud","tag-sarna","tag-tere-sanjuan"],"yoast_head":"<!-- This site is optimized with the Yoast SEO plugin v27.3 - https:\/\/yoast.com\/product\/yoast-seo-wordpress\/ -->\n<title>Aumentan los contagios por sarna en el Departamento de Salud de Alcoy - COPE Alcoy<\/title>\n<meta name=\"description\" content=\"La sarna sigue siendo noticia en esta semana y el brote que est\u00e1 afectando a nuestro Departamento de Salud no deja de sumar casos\" \/>\n<meta name=\"robots\" content=\"index, follow, max-snippet:-1, max-image-preview:large, max-video-preview:-1\" \/>\n<link rel=\"canonical\" href=\"https:\/\/www.copealcoy.es\/es\/aumentan-los-contagios-por-sarna-en-el-departamento-de-salud-de-alcoy\/\" \/>\n<meta property=\"og:locale\" content=\"es_ES\" \/>\n<meta property=\"og:type\" content=\"article\" \/>\n<meta property=\"og:title\" content=\"Aumentan los contagios por sarna en el Departamento de Salud de Alcoy - COPE Alcoy\" \/>\n<meta property=\"og:description\" content=\"La sarna sigue siendo noticia en esta semana y el brote que est\u00e1 afectando a nuestro Departamento de Salud no deja de sumar casos\" \/>\n<meta property=\"og:url\" content=\"https:\/\/www.copealcoy.es\/es\/aumentan-los-contagios-por-sarna-en-el-departamento-de-salud-de-alcoy\/\" \/>\n<meta property=\"og:site_name\" content=\"COPE Alcoy\" \/>\n<meta property=\"article:published_time\" content=\"2023-02-08T12:39:57+00:00\" \/>\n<meta property=\"article:modified_time\" content=\"2023-02-08T12:58:22+00:00\" \/>\n<meta property=\"og:image\" content=\"https:\/\/www.copealcoy.es\/wp-content\/uploads\/2022\/07\/IMG_20180823_110741-copia-1280x640-1.jpg\" \/>\n\t<meta property=\"og:image:width\" content=\"971\" \/>\n\t<meta property=\"og:image:height\" content=\"461\" \/>\n\t<meta property=\"og:image:type\" content=\"image\/jpeg\" \/>\n<meta name=\"author\" content=\"Cope Alcoy\" \/>\n<meta name=\"twitter:label1\" content=\"Escrito por\" \/>\n\t<meta name=\"twitter:data1\" content=\"Cope Alcoy\" \/>\n\t<meta name=\"twitter:label2\" content=\"Tiempo de lectura\" \/>\n\t<meta name=\"twitter:data2\" content=\"2 minutos\" \/>\n<script type=\"application\/ld+json\" class=\"yoast-schema-graph\">{\"@context\":\"https:\\\/\\\/schema.org\",\"@graph\":[{\"@type\":\"Article\",\"@id\":\"https:\\\/\\\/www.copealcoy.es\\\/es\\\/aumentan-los-contagios-por-sarna-en-el-departamento-de-salud-de-alcoy\\\/#article\",\"isPartOf\":{\"@id\":\"https:\\\/\\\/www.copealcoy.es\\\/es\\\/aumentan-los-contagios-por-sarna-en-el-departamento-de-salud-de-alcoy\\\/\"},\"author\":{\"name\":\"Cope Alcoy\",\"@id\":\"https:\\\/\\\/www.copealcoy.es\\\/es\\\/#\\\/schema\\\/person\\\/e777c87fa024e57d40170af9df39882c\"},\"headline\":\"Aumentan los contagios por sarna en el Departamento de Salud de Alcoy\",\"datePublished\":\"2023-02-08T12:39:57+00:00\",\"dateModified\":\"2023-02-08T12:58:22+00:00\",\"mainEntityOfPage\":{\"@id\":\"https:\\\/\\\/www.copealcoy.es\\\/es\\\/aumentan-los-contagios-por-sarna-en-el-departamento-de-salud-de-alcoy\\\/\"},\"wordCount\":353,\"commentCount\":0,\"image\":{\"@id\":\"https:\\\/\\\/www.copealcoy.es\\\/es\\\/aumentan-los-contagios-por-sarna-en-el-departamento-de-salud-de-alcoy\\\/#primaryimage\"},\"thumbnailUrl\":\"https:\\\/\\\/www.copealcoy.es\\\/wp-content\\\/uploads\\\/2022\\\/07\\\/IMG_20180823_110741-copia-1280x640-1.jpg\",\"keywords\":[\"Alcoy\",\"brote\",\"Departamento de Salud\",\"sarna\",\"Tere Sanjuan\"],\"articleSection\":[\"Actualidad\",\"Alcoy\",\"Noticias\"],\"inLanguage\":\"es\"},{\"@type\":\"WebPage\",\"@id\":\"https:\\\/\\\/www.copealcoy.es\\\/es\\\/aumentan-los-contagios-por-sarna-en-el-departamento-de-salud-de-alcoy\\\/\",\"url\":\"https:\\\/\\\/www.copealcoy.es\\\/es\\\/aumentan-los-contagios-por-sarna-en-el-departamento-de-salud-de-alcoy\\\/\",\"name\":\"Aumentan los contagios por sarna en el Departamento de Salud de Alcoy - COPE Alcoy\",\"isPartOf\":{\"@id\":\"https:\\\/\\\/www.copealcoy.es\\\/es\\\/#website\"},\"primaryImageOfPage\":{\"@id\":\"https:\\\/\\\/www.copealcoy.es\\\/es\\\/aumentan-los-contagios-por-sarna-en-el-departamento-de-salud-de-alcoy\\\/#primaryimage\"},\"image\":{\"@id\":\"https:\\\/\\\/www.copealcoy.es\\\/es\\\/aumentan-los-contagios-por-sarna-en-el-departamento-de-salud-de-alcoy\\\/#primaryimage\"},\"thumbnailUrl\":\"https:\\\/\\\/www.copealcoy.es\\\/wp-content\\\/uploads\\\/2022\\\/07\\\/IMG_20180823_110741-copia-1280x640-1.jpg\",\"datePublished\":\"2023-02-08T12:39:57+00:00\",\"dateModified\":\"2023-02-08T12:58:22+00:00\",\"author\":{\"@id\":\"https:\\\/\\\/www.copealcoy.es\\\/es\\\/#\\\/schema\\\/person\\\/e777c87fa024e57d40170af9df39882c\"},\"description\":\"La sarna sigue siendo noticia en esta semana y el brote que est\u00e1 afectando a nuestro Departamento de Salud no deja de sumar casos\",\"breadcrumb\":{\"@id\":\"https:\\\/\\\/www.copealcoy.es\\\/es\\\/aumentan-los-contagios-por-sarna-en-el-departamento-de-salud-de-alcoy\\\/#breadcrumb\"},\"inLanguage\":\"es\",\"potentialAction\":[{\"@type\":\"ReadAction\",\"target\":[\"https:\\\/\\\/www.copealcoy.es\\\/es\\\/aumentan-los-contagios-por-sarna-en-el-departamento-de-salud-de-alcoy\\\/\"]}]},{\"@type\":\"ImageObject\",\"inLanguage\":\"es\",\"@id\":\"https:\\\/\\\/www.copealcoy.es\\\/es\\\/aumentan-los-contagios-por-sarna-en-el-departamento-de-salud-de-alcoy\\\/#primaryimage\",\"url\":\"https:\\\/\\\/www.copealcoy.es\\\/wp-content\\\/uploads\\\/2022\\\/07\\\/IMG_20180823_110741-copia-1280x640-1.jpg\",\"contentUrl\":\"https:\\\/\\\/www.copealcoy.es\\\/wp-content\\\/uploads\\\/2022\\\/07\\\/IMG_20180823_110741-copia-1280x640-1.jpg\",\"width\":971,\"height\":461},{\"@type\":\"BreadcrumbList\",\"@id\":\"https:\\\/\\\/www.copealcoy.es\\\/es\\\/aumentan-los-contagios-por-sarna-en-el-departamento-de-salud-de-alcoy\\\/#breadcrumb\",\"itemListElement\":[{\"@type\":\"ListItem\",\"position\":1,\"name\":\"Portada\",\"item\":\"https:\\\/\\\/www.copealcoy.es\\\/es\\\/\"},{\"@type\":\"ListItem\",\"position\":2,\"name\":\"Aumentan los contagios por sarna en el Departamento de Salud de Alcoy\"}]},{\"@type\":\"WebSite\",\"@id\":\"https:\\\/\\\/www.copealcoy.es\\\/es\\\/#website\",\"url\":\"https:\\\/\\\/www.copealcoy.es\\\/es\\\/\",\"name\":\"COPE Alcoy\",\"description\":\"Emisora COPE de radio local con emisi\u00f3n online. Pont de Sant Jordi 8-10 03803 Alcoy\",\"potentialAction\":[{\"@type\":\"SearchAction\",\"target\":{\"@type\":\"EntryPoint\",\"urlTemplate\":\"https:\\\/\\\/www.copealcoy.es\\\/es\\\/?s={search_term_string}\"},\"query-input\":{\"@type\":\"PropertyValueSpecification\",\"valueRequired\":true,\"valueName\":\"search_term_string\"}}],\"inLanguage\":\"es\"},{\"@type\":\"Person\",\"@id\":\"https:\\\/\\\/www.copealcoy.es\\\/es\\\/#\\\/schema\\\/person\\\/e777c87fa024e57d40170af9df39882c\",\"name\":\"Cope Alcoy\",\"image\":{\"@type\":\"ImageObject\",\"inLanguage\":\"es\",\"@id\":\"https:\\\/\\\/secure.gravatar.com\\\/avatar\\\/bb65d0283347e303893ba14f0692005417c1e0e690a325a4c5d8bb2b3943ee14?s=96&d=mm&r=g\",\"url\":\"https:\\\/\\\/secure.gravatar.com\\\/avatar\\\/bb65d0283347e303893ba14f0692005417c1e0e690a325a4c5d8bb2b3943ee14?s=96&d=mm&r=g\",\"contentUrl\":\"https:\\\/\\\/secure.gravatar.com\\\/avatar\\\/bb65d0283347e303893ba14f0692005417c1e0e690a325a4c5d8bb2b3943ee14?s=96&d=mm&r=g\",\"caption\":\"Cope Alcoy\"}}]}<\/script>\n<!-- \/ Yoast SEO plugin. -->","yoast_head_json":{"title":"Aumentan los contagios por sarna en el Departamento de Salud de Alcoy - COPE Alcoy","description":"La sarna sigue siendo noticia en esta semana y el brote que est\u00e1 afectando a nuestro Departamento de Salud no deja de sumar casos","robots":{"index":"index","follow":"follow","max-snippet":"max-snippet:-1","max-image-preview":"max-image-preview:large","max-video-preview":"max-video-preview:-1"},"canonical":"https:\/\/www.copealcoy.es\/es\/aumentan-los-contagios-por-sarna-en-el-departamento-de-salud-de-alcoy\/","og_locale":"es_ES","og_type":"article","og_title":"Aumentan los contagios por sarna en el Departamento de Salud de Alcoy - COPE Alcoy","og_description":"La sarna sigue siendo noticia en esta semana y el brote que est\u00e1 afectando a nuestro Departamento de Salud no deja de sumar casos","og_url":"https:\/\/www.copealcoy.es\/es\/aumentan-los-contagios-por-sarna-en-el-departamento-de-salud-de-alcoy\/","og_site_name":"COPE Alcoy","article_published_time":"2023-02-08T12:39:57+00:00","article_modified_time":"2023-02-08T12:58:22+00:00","og_image":[{"width":971,"height":461,"url":"https:\/\/www.copealcoy.es\/wp-content\/uploads\/2022\/07\/IMG_20180823_110741-copia-1280x640-1.jpg","type":"image\/jpeg"}],"author":"Cope Alcoy","twitter_misc":{"Escrito por":"Cope Alcoy","Tiempo de lectura":"2 minutos"},"schema":{"@context":"https:\/\/schema.org","@graph":[{"@type":"Article","@id":"https:\/\/www.copealcoy.es\/es\/aumentan-los-contagios-por-sarna-en-el-departamento-de-salud-de-alcoy\/#article","isPartOf":{"@id":"https:\/\/www.copealcoy.es\/es\/aumentan-los-contagios-por-sarna-en-el-departamento-de-salud-de-alcoy\/"},"author":{"name":"Cope Alcoy","@id":"https:\/\/www.copealcoy.es\/es\/#\/schema\/person\/e777c87fa024e57d40170af9df39882c"},"headline":"Aumentan los contagios por sarna en el Departamento de Salud de Alcoy","datePublished":"2023-02-08T12:39:57+00:00","dateModified":"2023-02-08T12:58:22+00:00","mainEntityOfPage":{"@id":"https:\/\/www.copealcoy.es\/es\/aumentan-los-contagios-por-sarna-en-el-departamento-de-salud-de-alcoy\/"},"wordCount":353,"commentCount":0,"image":{"@id":"https:\/\/www.copealcoy.es\/es\/aumentan-los-contagios-por-sarna-en-el-departamento-de-salud-de-alcoy\/#primaryimage"},"thumbnailUrl":"https:\/\/www.copealcoy.es\/wp-content\/uploads\/2022\/07\/IMG_20180823_110741-copia-1280x640-1.jpg","keywords":["Alcoy","brote","Departamento de Salud","sarna","Tere Sanjuan"],"articleSection":["Actualidad","Alcoy","Noticias"],"inLanguage":"es"},{"@type":"WebPage","@id":"https:\/\/www.copealcoy.es\/es\/aumentan-los-contagios-por-sarna-en-el-departamento-de-salud-de-alcoy\/","url":"https:\/\/www.copealcoy.es\/es\/aumentan-los-contagios-por-sarna-en-el-departamento-de-salud-de-alcoy\/","name":"Aumentan los contagios por sarna en el Departamento de Salud de Alcoy - COPE Alcoy","isPartOf":{"@id":"https:\/\/www.copealcoy.es\/es\/#website"},"primaryImageOfPage":{"@id":"https:\/\/www.copealcoy.es\/es\/aumentan-los-contagios-por-sarna-en-el-departamento-de-salud-de-alcoy\/#primaryimage"},"image":{"@id":"https:\/\/www.copealcoy.es\/es\/aumentan-los-contagios-por-sarna-en-el-departamento-de-salud-de-alcoy\/#primaryimage"},"thumbnailUrl":"https:\/\/www.copealcoy.es\/wp-content\/uploads\/2022\/07\/IMG_20180823_110741-copia-1280x640-1.jpg","datePublished":"2023-02-08T12:39:57+00:00","dateModified":"2023-02-08T12:58:22+00:00","author":{"@id":"https:\/\/www.copealcoy.es\/es\/#\/schema\/person\/e777c87fa024e57d40170af9df39882c"},"description":"La sarna sigue siendo noticia en esta semana y el brote que est\u00e1 afectando a nuestro Departamento de Salud no deja de sumar casos","breadcrumb":{"@id":"https:\/\/www.copealcoy.es\/es\/aumentan-los-contagios-por-sarna-en-el-departamento-de-salud-de-alcoy\/#breadcrumb"},"inLanguage":"es","potentialAction":[{"@type":"ReadAction","target":["https:\/\/www.copealcoy.es\/es\/aumentan-los-contagios-por-sarna-en-el-departamento-de-salud-de-alcoy\/"]}]},{"@type":"ImageObject","inLanguage":"es","@id":"https:\/\/www.copealcoy.es\/es\/aumentan-los-contagios-por-sarna-en-el-departamento-de-salud-de-alcoy\/#primaryimage","url":"https:\/\/www.copealcoy.es\/wp-content\/uploads\/2022\/07\/IMG_20180823_110741-copia-1280x640-1.jpg","contentUrl":"https:\/\/www.copealcoy.es\/wp-content\/uploads\/2022\/07\/IMG_20180823_110741-copia-1280x640-1.jpg","width":971,"height":461},{"@type":"BreadcrumbList","@id":"https:\/\/www.copealcoy.es\/es\/aumentan-los-contagios-por-sarna-en-el-departamento-de-salud-de-alcoy\/#breadcrumb","itemListElement":[{"@type":"ListItem","position":1,"name":"Portada","item":"https:\/\/www.copealcoy.es\/es\/"},{"@type":"ListItem","position":2,"name":"Aumentan los contagios por sarna en el Departamento de Salud de Alcoy"}]},{"@type":"WebSite","@id":"https:\/\/www.copealcoy.es\/es\/#website","url":"https:\/\/www.copealcoy.es\/es\/","name":"COPE Alcoy","description":"Emisora COPE de radio local con emisi\u00f3n online. Pont de Sant Jordi 8-10 03803 Alcoy","potentialAction":[{"@type":"SearchAction","target":{"@type":"EntryPoint","urlTemplate":"https:\/\/www.copealcoy.es\/es\/?s={search_term_string}"},"query-input":{"@type":"PropertyValueSpecification","valueRequired":true,"valueName":"search_term_string"}}],"inLanguage":"es"},{"@type":"Person","@id":"https:\/\/www.copealcoy.es\/es\/#\/schema\/person\/e777c87fa024e57d40170af9df39882c","name":"Cope Alcoy","image":{"@type":"ImageObject","inLanguage":"es","@id":"https:\/\/secure.gravatar.com\/avatar\/bb65d0283347e303893ba14f0692005417c1e0e690a325a4c5d8bb2b3943ee14?s=96&d=mm&r=g","url":"https:\/\/secure.gravatar.com\/avatar\/bb65d0283347e303893ba14f0692005417c1e0e690a325a4c5d8bb2b3943ee14?s=96&d=mm&r=g","contentUrl":"https:\/\/secure.gravatar.com\/avatar\/bb65d0283347e303893ba14f0692005417c1e0e690a325a4c5d8bb2b3943ee14?s=96&d=mm&r=g","caption":"Cope Alcoy"}}]}},"_links":{"self":[{"href":"https:\/\/www.copealcoy.es\/es\/wp-json\/wp\/v2\/posts\/110161","targetHints":{"allow":["GET"]}}],"collection":[{"href":"https:\/\/www.copealcoy.es\/es\/wp-json\/wp\/v2\/posts"}],"about":[{"href":"https:\/\/www.copealcoy.es\/es\/wp-json\/wp\/v2\/types\/post"}],"author":[{"embeddable":true,"href":"https:\/\/www.copealcoy.es\/es\/wp-json\/wp\/v2\/users\/1"}],"replies":[{"embeddable":true,"href":"https:\/\/www.copealcoy.es\/es\/wp-json\/wp\/v2\/comments?post=110161"}],"version-history":[{"count":0,"href":"https:\/\/www.copealcoy.es\/es\/wp-json\/wp\/v2\/posts\/110161\/revisions"}],"wp:featuredmedia":[{"embeddable":true,"href":"https:\/\/www.copealcoy.es\/es\/wp-json\/wp\/v2\/media\/89486"}],"wp:attachment":[{"href":"https:\/\/www.copealcoy.es\/es\/wp-json\/wp\/v2\/media?parent=110161"}],"wp:term":[{"taxonomy":"category","embeddable":true,"href":"https:\/\/www.copealcoy.es\/es\/wp-json\/wp\/v2\/categories?post=110161"},{"taxonomy":"post_tag","embeddable":true,"href":"https:\/\/www.copealcoy.es\/es\/wp-json\/wp\/v2\/tags?post=110161"}],"curies":[{"name":"wp","href":"https:\/\/api.w.org\/{rel}","templated":true}]}}