{"id":110126,"date":"2023-02-08T10:25:54","date_gmt":"2023-02-08T09:25:54","guid":{"rendered":"https:\/\/www.copealcoy.es\/?p=110126"},"modified":"2023-02-08T11:05:15","modified_gmt":"2023-02-08T10:05:15","slug":"buena-acogida-al-bus-por-la-tarde-al-polideportivo-de-alcoy","status":"publish","type":"post","link":"https:\/\/www.copealcoy.es\/es\/buena-acogida-al-bus-por-la-tarde-al-polideportivo-de-alcoy\/","title":{"rendered":"Buena acogida al bus por la tarde al Polideportivo de Alcoy"},"content":{"rendered":"<p style=\"text-align: justify;\">El <strong>servicio de bus al <a href=\"https:\/\/www.facebook.com\/EsportsAlcoi\" target=\"_blank\" rel=\"noopener\"><span style=\"color: #0000ff;\">Polideportivo Municipal de Alcoy<\/span><\/a><\/strong> durante <strong>las tardes de los d\u00edas laborables<\/strong> ha tenido muy buena acogida en sus primeros d\u00edas de funcionamiento. Esta medida <strong>fue propuesta en los Presupuestos Participativos del a\u00f1o 2020<\/strong> y ahora <strong>se hace realidad con car\u00e1cter piloto<\/strong> una vez superadas las restricciones que llev\u00f3 la pandemia de la COVID-19.<\/p>\n<p style=\"text-align: justify;\">Este nuevo autob\u00fas <strong>entr\u00f3 en funcionamiento el pasado 1 de febrero<\/strong> y en los tres primeros d\u00edas <strong>registr\u00f3 un total de 668 usos<\/strong>. El mencionado servicio <strong>seguir\u00e1 en marcha hasta junio<\/strong> y despu\u00e9s <strong>se evalur\u00e1n los resultados<\/strong> para decidir si esta l\u00ednea<strong> se incorpora o no en el nuevo contrato del bus urbano<\/strong> con el cual ya trabaja el Ayuntamiento de Alcoy \u201c<em>en los primeros meses de funcionamiento el bus ser\u00e1 grat\u00fcit, porque se sufraga a trav\u00e9s de la correspondiente partida de los presupuestos participativos, y en caso de establecerse de manera definitiva ya se pagar\u00eda como el resto de viajes del autob\u00fas urbano<\/em>\u201c, explica al respeto el edil de Deportes; <strong>Alberto Belda<\/strong>. Adem\u00e1s este insiste en que las cifras que han dejado estos primeros d\u00edas de bus al Polideportivo son muy positivas \u201c<em>estamos satisfechos por la buena acogida y esperamos que mejore gracias al boca a boca, a la comunicaci\u00f3n de los clubes deportivos y las entidades entre sus deportistas, as\u00ed como a la campa\u00f1a publicitaria y en redes sociales que estamos haciendo por parte de la Concejal\u00eda. As\u00ed que animo a todos los usuarios del polideportivo al hecho que utilizan este servicio de autob\u00fas<\/em>\u201d, comenta.<\/p>\n<p><strong><span style=\"color: #0000ff;\">El recorrido del bus<\/span><\/strong><\/p>\n<p style=\"text-align: justify;\">Hay que recordar que este servicio de autob\u00fas <strong>cuenta con dos l\u00edneas diferenciadas<\/strong>. La <strong>primera<\/strong> recorrer\u00e1 <strong>Santa Rosa, Batoi y una parte del Eixample<\/strong>, con una frecuencia de 30 minutos. La salida ser\u00e1 a las 15.30 horas desde la plaza Miguel Hern\u00e1ndez, de all\u00ed subir\u00e1 a Batoi donde habr\u00e1 una parada en la calle Banyeras, 2, la siguiente parada ser\u00e1 en Santa Rosa, 52, (justo antes del puente Fernando Reig) y llegar\u00e1 al Polideportivo a las 15.45 horas. El autob\u00fas seguir\u00e1 con el recorrido parando en el paseo Cervantes y Espronceda, 2, antes volver a la plaza Miguel Hernandez. El \u00faltimo autob\u00fas saldr\u00e1 del Polideportivo a las 21.15 horas.<\/p>\n<p style=\"text-align: justify;\">Por otro lado destaca <strong>la l\u00ednea que cubrir\u00e1 Zona Norte, Eixample, Centro y Zona Alta<\/strong> con una frecuencia de 45 minutos entre cada autob\u00fas. El primero saldr\u00e1 a las 15.25 horas de la Avenida Hispanidad 39, e ir\u00e1 hacia el Polideportivo donde llegar\u00e1 a las 15.45 horas, teniendo las siguientes paradas: Mestre Laporta (Aulas Verdes);\u00a0 Enten\u00e7a 69; San Tom\u00e1s, 15; plaza Ram\u00f3n y Cajal y El Cam\u00ed, 68. En direcci\u00f3n de vuelta pasar\u00e1 por la calle Caballero Merita, junto al parque; San Nicolau, 65; plaza de Espa\u00f1a; Pont de Sant Jordi, 6; Alameda Camilo Sesto, 86 y Cotes Baixes Calle B, hasta volver a la Avinguda de la Hispanitat. El \u00faltimo viaje saldr\u00e1 del polideportivo a las 21 horas.<\/p>\n","protected":false},"excerpt":{"rendered":"<p>El servicio de bus al Polideportivo Municipal de Alcoy durante las tardes de los d\u00edas laborables ha tenido muy buena&#8230;<\/p>\n","protected":false},"author":1,"featured_media":0,"comment_status":"open","ping_status":"open","sticky":false,"template":"","format":"standard","meta":{"footnotes":""},"categories":[6909,97,75],"tags":[160,13914,1335,13740,2355,7777,10113,1508],"class_list":["post-110126","post","type-post","status-publish","format-standard","hentry","category-actualidad","category-alcoy","category-noticias","tag-alcoi","tag-buenos-resultados","tag-bus","tag-kike-alcaraz","tag-polideportivo-municipal","tag-poliesportiu-municipal","tag-servei","tag-servicio"],"yoast_head":"<!-- This site is optimized with the Yoast SEO plugin v27.3 - https:\/\/yoast.com\/product\/yoast-seo-wordpress\/ -->\n<title>Buena acogida al bus por la tarde al Polideportivo de Alcoy - COPE Alcoy<\/title>\n<meta name=\"description\" content=\"El servicio de bus al Polideportivo Municipal de Alcoy durante las tardes de los d\u00edas laborables ha tenido muy buena acogida\" \/>\n<meta name=\"robots\" content=\"index, follow, max-snippet:-1, max-image-preview:large, max-video-preview:-1\" \/>\n<link rel=\"canonical\" href=\"https:\/\/www.copealcoy.es\/es\/buena-acogida-al-bus-por-la-tarde-al-polideportivo-de-alcoy\/\" \/>\n<meta property=\"og:locale\" content=\"es_ES\" \/>\n<meta property=\"og:type\" content=\"article\" \/>\n<meta property=\"og:title\" content=\"Buena acogida al bus por la tarde al Polideportivo de Alcoy - COPE Alcoy\" \/>\n<meta property=\"og:description\" content=\"El servicio de bus al Polideportivo Municipal de Alcoy durante las tardes de los d\u00edas laborables ha tenido muy buena acogida\" \/>\n<meta property=\"og:url\" content=\"https:\/\/www.copealcoy.es\/es\/buena-acogida-al-bus-por-la-tarde-al-polideportivo-de-alcoy\/\" \/>\n<meta property=\"og:site_name\" content=\"COPE Alcoy\" \/>\n<meta property=\"article:published_time\" content=\"2023-02-08T09:25:54+00:00\" \/>\n<meta property=\"article:modified_time\" content=\"2023-02-08T10:05:15+00:00\" \/>\n<meta property=\"og:image\" content=\"https:\/\/www.copealcoy.es\/wp-content\/uploads\/2023\/02\/Autobus-al-polideportivo-2-scaled-e1675848314452.jpg\" \/>\n\t<meta property=\"og:image:width\" content=\"640\" \/>\n\t<meta property=\"og:image:height\" content=\"480\" \/>\n\t<meta property=\"og:image:type\" content=\"image\/jpeg\" \/>\n<meta name=\"author\" content=\"Cope Alcoy\" \/>\n<meta name=\"twitter:label1\" content=\"Escrito por\" \/>\n\t<meta name=\"twitter:data1\" content=\"Cope Alcoy\" \/>\n\t<meta name=\"twitter:label2\" content=\"Tiempo de lectura\" \/>\n\t<meta name=\"twitter:data2\" content=\"3 minutos\" \/>\n<script type=\"application\/ld+json\" class=\"yoast-schema-graph\">{\"@context\":\"https:\\\/\\\/schema.org\",\"@graph\":[{\"@type\":\"Article\",\"@id\":\"https:\\\/\\\/www.copealcoy.es\\\/es\\\/buena-acogida-al-bus-por-la-tarde-al-polideportivo-de-alcoy\\\/#article\",\"isPartOf\":{\"@id\":\"https:\\\/\\\/www.copealcoy.es\\\/es\\\/buena-acogida-al-bus-por-la-tarde-al-polideportivo-de-alcoy\\\/\"},\"author\":{\"name\":\"Cope Alcoy\",\"@id\":\"https:\\\/\\\/www.copealcoy.es\\\/es\\\/#\\\/schema\\\/person\\\/e777c87fa024e57d40170af9df39882c\"},\"headline\":\"Buena acogida al bus por la tarde al Polideportivo de Alcoy\",\"datePublished\":\"2023-02-08T09:25:54+00:00\",\"dateModified\":\"2023-02-08T10:05:15+00:00\",\"mainEntityOfPage\":{\"@id\":\"https:\\\/\\\/www.copealcoy.es\\\/es\\\/buena-acogida-al-bus-por-la-tarde-al-polideportivo-de-alcoy\\\/\"},\"wordCount\":508,\"commentCount\":0,\"keywords\":[\"Alcoi\",\"buenos resultados\",\"bus\",\"Kike Alcaraz\",\"Polideportivo Municipal\",\"Poliesportiu Municipal\",\"servei\",\"Servicio\"],\"articleSection\":[\"Actualidad\",\"Alcoy\",\"Noticias\"],\"inLanguage\":\"es\"},{\"@type\":\"WebPage\",\"@id\":\"https:\\\/\\\/www.copealcoy.es\\\/es\\\/buena-acogida-al-bus-por-la-tarde-al-polideportivo-de-alcoy\\\/\",\"url\":\"https:\\\/\\\/www.copealcoy.es\\\/es\\\/buena-acogida-al-bus-por-la-tarde-al-polideportivo-de-alcoy\\\/\",\"name\":\"Buena acogida al bus por la tarde al Polideportivo de Alcoy - COPE Alcoy\",\"isPartOf\":{\"@id\":\"https:\\\/\\\/www.copealcoy.es\\\/es\\\/#website\"},\"datePublished\":\"2023-02-08T09:25:54+00:00\",\"dateModified\":\"2023-02-08T10:05:15+00:00\",\"author\":{\"@id\":\"https:\\\/\\\/www.copealcoy.es\\\/es\\\/#\\\/schema\\\/person\\\/e777c87fa024e57d40170af9df39882c\"},\"description\":\"El servicio de bus al Polideportivo Municipal de Alcoy durante las tardes de los d\u00edas laborables ha tenido muy buena acogida\",\"breadcrumb\":{\"@id\":\"https:\\\/\\\/www.copealcoy.es\\\/es\\\/buena-acogida-al-bus-por-la-tarde-al-polideportivo-de-alcoy\\\/#breadcrumb\"},\"inLanguage\":\"es\",\"potentialAction\":[{\"@type\":\"ReadAction\",\"target\":[\"https:\\\/\\\/www.copealcoy.es\\\/es\\\/buena-acogida-al-bus-por-la-tarde-al-polideportivo-de-alcoy\\\/\"]}]},{\"@type\":\"BreadcrumbList\",\"@id\":\"https:\\\/\\\/www.copealcoy.es\\\/es\\\/buena-acogida-al-bus-por-la-tarde-al-polideportivo-de-alcoy\\\/#breadcrumb\",\"itemListElement\":[{\"@type\":\"ListItem\",\"position\":1,\"name\":\"Portada\",\"item\":\"https:\\\/\\\/www.copealcoy.es\\\/es\\\/\"},{\"@type\":\"ListItem\",\"position\":2,\"name\":\"Buena acogida al bus por la tarde al Polideportivo de Alcoy\"}]},{\"@type\":\"WebSite\",\"@id\":\"https:\\\/\\\/www.copealcoy.es\\\/es\\\/#website\",\"url\":\"https:\\\/\\\/www.copealcoy.es\\\/es\\\/\",\"name\":\"COPE Alcoy\",\"description\":\"Emisora COPE de radio local con emisi\u00f3n online. Pont de Sant Jordi 8-10 03803 Alcoy\",\"potentialAction\":[{\"@type\":\"SearchAction\",\"target\":{\"@type\":\"EntryPoint\",\"urlTemplate\":\"https:\\\/\\\/www.copealcoy.es\\\/es\\\/?s={search_term_string}\"},\"query-input\":{\"@type\":\"PropertyValueSpecification\",\"valueRequired\":true,\"valueName\":\"search_term_string\"}}],\"inLanguage\":\"es\"},{\"@type\":\"Person\",\"@id\":\"https:\\\/\\\/www.copealcoy.es\\\/es\\\/#\\\/schema\\\/person\\\/e777c87fa024e57d40170af9df39882c\",\"name\":\"Cope Alcoy\",\"image\":{\"@type\":\"ImageObject\",\"inLanguage\":\"es\",\"@id\":\"https:\\\/\\\/secure.gravatar.com\\\/avatar\\\/bb65d0283347e303893ba14f0692005417c1e0e690a325a4c5d8bb2b3943ee14?s=96&d=mm&r=g\",\"url\":\"https:\\\/\\\/secure.gravatar.com\\\/avatar\\\/bb65d0283347e303893ba14f0692005417c1e0e690a325a4c5d8bb2b3943ee14?s=96&d=mm&r=g\",\"contentUrl\":\"https:\\\/\\\/secure.gravatar.com\\\/avatar\\\/bb65d0283347e303893ba14f0692005417c1e0e690a325a4c5d8bb2b3943ee14?s=96&d=mm&r=g\",\"caption\":\"Cope Alcoy\"}}]}<\/script>\n<!-- \/ Yoast SEO plugin. -->","yoast_head_json":{"title":"Buena acogida al bus por la tarde al Polideportivo de Alcoy - COPE Alcoy","description":"El servicio de bus al Polideportivo Municipal de Alcoy durante las tardes de los d\u00edas laborables ha tenido muy buena acogida","robots":{"index":"index","follow":"follow","max-snippet":"max-snippet:-1","max-image-preview":"max-image-preview:large","max-video-preview":"max-video-preview:-1"},"canonical":"https:\/\/www.copealcoy.es\/es\/buena-acogida-al-bus-por-la-tarde-al-polideportivo-de-alcoy\/","og_locale":"es_ES","og_type":"article","og_title":"Buena acogida al bus por la tarde al Polideportivo de Alcoy - COPE Alcoy","og_description":"El servicio de bus al Polideportivo Municipal de Alcoy durante las tardes de los d\u00edas laborables ha tenido muy buena acogida","og_url":"https:\/\/www.copealcoy.es\/es\/buena-acogida-al-bus-por-la-tarde-al-polideportivo-de-alcoy\/","og_site_name":"COPE Alcoy","article_published_time":"2023-02-08T09:25:54+00:00","article_modified_time":"2023-02-08T10:05:15+00:00","og_image":[{"width":640,"height":480,"url":"https:\/\/www.copealcoy.es\/wp-content\/uploads\/2023\/02\/Autobus-al-polideportivo-2-scaled-e1675848314452.jpg","type":"image\/jpeg"}],"author":"Cope Alcoy","twitter_misc":{"Escrito por":"Cope Alcoy","Tiempo de lectura":"3 minutos"},"schema":{"@context":"https:\/\/schema.org","@graph":[{"@type":"Article","@id":"https:\/\/www.copealcoy.es\/es\/buena-acogida-al-bus-por-la-tarde-al-polideportivo-de-alcoy\/#article","isPartOf":{"@id":"https:\/\/www.copealcoy.es\/es\/buena-acogida-al-bus-por-la-tarde-al-polideportivo-de-alcoy\/"},"author":{"name":"Cope Alcoy","@id":"https:\/\/www.copealcoy.es\/es\/#\/schema\/person\/e777c87fa024e57d40170af9df39882c"},"headline":"Buena acogida al bus por la tarde al Polideportivo de Alcoy","datePublished":"2023-02-08T09:25:54+00:00","dateModified":"2023-02-08T10:05:15+00:00","mainEntityOfPage":{"@id":"https:\/\/www.copealcoy.es\/es\/buena-acogida-al-bus-por-la-tarde-al-polideportivo-de-alcoy\/"},"wordCount":508,"commentCount":0,"keywords":["Alcoi","buenos resultados","bus","Kike Alcaraz","Polideportivo Municipal","Poliesportiu Municipal","servei","Servicio"],"articleSection":["Actualidad","Alcoy","Noticias"],"inLanguage":"es"},{"@type":"WebPage","@id":"https:\/\/www.copealcoy.es\/es\/buena-acogida-al-bus-por-la-tarde-al-polideportivo-de-alcoy\/","url":"https:\/\/www.copealcoy.es\/es\/buena-acogida-al-bus-por-la-tarde-al-polideportivo-de-alcoy\/","name":"Buena acogida al bus por la tarde al Polideportivo de Alcoy - COPE Alcoy","isPartOf":{"@id":"https:\/\/www.copealcoy.es\/es\/#website"},"datePublished":"2023-02-08T09:25:54+00:00","dateModified":"2023-02-08T10:05:15+00:00","author":{"@id":"https:\/\/www.copealcoy.es\/es\/#\/schema\/person\/e777c87fa024e57d40170af9df39882c"},"description":"El servicio de bus al Polideportivo Municipal de Alcoy durante las tardes de los d\u00edas laborables ha tenido muy buena acogida","breadcrumb":{"@id":"https:\/\/www.copealcoy.es\/es\/buena-acogida-al-bus-por-la-tarde-al-polideportivo-de-alcoy\/#breadcrumb"},"inLanguage":"es","potentialAction":[{"@type":"ReadAction","target":["https:\/\/www.copealcoy.es\/es\/buena-acogida-al-bus-por-la-tarde-al-polideportivo-de-alcoy\/"]}]},{"@type":"BreadcrumbList","@id":"https:\/\/www.copealcoy.es\/es\/buena-acogida-al-bus-por-la-tarde-al-polideportivo-de-alcoy\/#breadcrumb","itemListElement":[{"@type":"ListItem","position":1,"name":"Portada","item":"https:\/\/www.copealcoy.es\/es\/"},{"@type":"ListItem","position":2,"name":"Buena acogida al bus por la tarde al Polideportivo de Alcoy"}]},{"@type":"WebSite","@id":"https:\/\/www.copealcoy.es\/es\/#website","url":"https:\/\/www.copealcoy.es\/es\/","name":"COPE Alcoy","description":"Emisora COPE de radio local con emisi\u00f3n online. Pont de Sant Jordi 8-10 03803 Alcoy","potentialAction":[{"@type":"SearchAction","target":{"@type":"EntryPoint","urlTemplate":"https:\/\/www.copealcoy.es\/es\/?s={search_term_string}"},"query-input":{"@type":"PropertyValueSpecification","valueRequired":true,"valueName":"search_term_string"}}],"inLanguage":"es"},{"@type":"Person","@id":"https:\/\/www.copealcoy.es\/es\/#\/schema\/person\/e777c87fa024e57d40170af9df39882c","name":"Cope Alcoy","image":{"@type":"ImageObject","inLanguage":"es","@id":"https:\/\/secure.gravatar.com\/avatar\/bb65d0283347e303893ba14f0692005417c1e0e690a325a4c5d8bb2b3943ee14?s=96&d=mm&r=g","url":"https:\/\/secure.gravatar.com\/avatar\/bb65d0283347e303893ba14f0692005417c1e0e690a325a4c5d8bb2b3943ee14?s=96&d=mm&r=g","contentUrl":"https:\/\/secure.gravatar.com\/avatar\/bb65d0283347e303893ba14f0692005417c1e0e690a325a4c5d8bb2b3943ee14?s=96&d=mm&r=g","caption":"Cope Alcoy"}}]}},"_links":{"self":[{"href":"https:\/\/www.copealcoy.es\/es\/wp-json\/wp\/v2\/posts\/110126","targetHints":{"allow":["GET"]}}],"collection":[{"href":"https:\/\/www.copealcoy.es\/es\/wp-json\/wp\/v2\/posts"}],"about":[{"href":"https:\/\/www.copealcoy.es\/es\/wp-json\/wp\/v2\/types\/post"}],"author":[{"embeddable":true,"href":"https:\/\/www.copealcoy.es\/es\/wp-json\/wp\/v2\/users\/1"}],"replies":[{"embeddable":true,"href":"https:\/\/www.copealcoy.es\/es\/wp-json\/wp\/v2\/comments?post=110126"}],"version-history":[{"count":0,"href":"https:\/\/www.copealcoy.es\/es\/wp-json\/wp\/v2\/posts\/110126\/revisions"}],"wp:attachment":[{"href":"https:\/\/www.copealcoy.es\/es\/wp-json\/wp\/v2\/media?parent=110126"}],"wp:term":[{"taxonomy":"category","embeddable":true,"href":"https:\/\/www.copealcoy.es\/es\/wp-json\/wp\/v2\/categories?post=110126"},{"taxonomy":"post_tag","embeddable":true,"href":"https:\/\/www.copealcoy.es\/es\/wp-json\/wp\/v2\/tags?post=110126"}],"curies":[{"name":"wp","href":"https:\/\/api.w.org\/{rel}","templated":true}]}}