{"id":110084,"date":"2023-02-08T07:30:07","date_gmt":"2023-02-08T06:30:07","guid":{"rendered":"https:\/\/www.copealcoy.es\/?p=110084"},"modified":"2023-02-08T07:43:24","modified_gmt":"2023-02-08T06:43:24","slug":"informativo-matinal-miercoles-8-de-febrero-2023-0720h","status":"publish","type":"post","link":"https:\/\/www.copealcoy.es\/es\/informativo-matinal-miercoles-8-de-febrero-2023-0720h\/","title":{"rendered":"Informativo matinal mi\u00e9rcoles 8 de febrero 2023 (07:20h)"},"content":{"rendered":"<p><iframe loading=\"lazy\" title=\"Informatiu Matinal Dimecres 8 De Febrer 2023 (07:20h)\" width=\"100%\" height=\"120\" src=\"https:\/\/www.mixcloud.com\/widget\/iframe\/?feed=https%3A%2F%2Fwww.mixcloud.com%2FCOPEAlcoy%2Finformatiu-matinal-dimecres-8-de-febrer-2023-0720h%2F&amp;hide_cover=1\" frameborder=\"0\"><\/iframe><\/p>\n<p style=\"text-align: justify;\">El rastre que deixa <strong>el mal oratge<\/strong> a la Comunitat Valenciana i <strong>les novetats sobre el brot de sarna del Departament de Salut d&#8217;Alcoi<\/strong>, marquen l&#8217;actualitat de la jornada. Tamb\u00e9 hem recordat <strong>qu\u00e8 en pensa l&#8217;alcalde<\/strong> sobre la proposta per tal que Alcoi siga seu institucional de la Diputaci\u00f3 d&#8217;Alacant.<\/p>\n<p style=\"text-align: justify;\"><strong>Alcoy<\/strong>\u00a0podr\u00eda tener una\u00a0<strong>sede institucional y cultural de la Diputaci\u00f3n de Alicante<\/strong>. O, al menos, esa es la intenci\u00f3n de\u00a0<strong>Carlos Maz\u00f3n<\/strong>, presidente de la Administraci\u00f3n provincial. Pero, \u00bfqu\u00e9 significa hablar de descentralizaci\u00f3n? \u00bfQu\u00e9 supondr\u00eda para la ciudad?<\/p>\n<p style=\"text-align: justify;\">Descentralizar instituciones no es otra cosa que fijarlas en otro punto del territorio. Esto permitir\u00eda que Alcoy fuera sede de alguno de los organismos dependientes de la Diputaci\u00f3n. Por poner un ejemplo, a nivel auton\u00f3mico, la conselleria de Innovaci\u00f3n, Universidades, Ciencia y Sociedad Digital est\u00e1 descentralizada. Es la \u00fanica que se ubica en Alicante y no en Valencia.<\/p>\n<p style=\"text-align: justify;\">Sin embargo, por el momento, se trata solo de un anuncio. Es necesario un proyecto concreto para conocer qu\u00e9 supondr\u00eda para los alcoyanos. Eso s\u00ed,\u00a0<strong>acercar\u00eda servicios a la ciudadan\u00eda<\/strong>\u00a0y, en cierta medida,\u00a0<strong>revitalizar\u00eda la ciudad<\/strong>.<\/p>\n<p style=\"text-align: justify;\">\u00abLa Diputaci\u00f3n de Alicante est\u00e1 predispuesta y encantada de poner en marcha una sede que le d\u00e9 vida a la ciudad. Me gustar\u00eda saber lo que piensa el alcalde de Alcoy. La pelota est\u00e1 su tejado\u00bb, aseguraba Maz\u00f3n este lunes. Y, precisamente, lo que piensa el alcalde de la ciudad,\u00a0<strong>Toni Franc\u00e9s<\/strong>, es que Maz\u00f3n est\u00e1 utilizando su cargo como presidente del ente provincial para hacer campa\u00f1a electoral. \u00abNo est\u00e1 actuando como presidente de la Diputaci\u00f3n, sino como candidato del Partido Popular.\u00a0Nosotros valoramos mucho toda inversi\u00f3n que cualquier Administraci\u00f3n haga en la ciudad. Podemos sentarnos y hablar de un proyecto serio y riguroso, y no sobre anuncios electorales\u00bb, ha explicado Franc\u00e9s en declaraciones a\u00a0<strong>Cope Alcoy<\/strong>.<\/p>\n<p style=\"text-align: justify;\"><span style=\"color: #0000ff;\"><strong>Sede cultural de la Diputaci\u00f3n en Alcoy<\/strong><\/span><\/p>\n<p style=\"text-align: justify;\">La propuesta de que Alcoy pueda acoger, de manera permanente, una sede cultural de la Diputaci\u00f3n supondr\u00eda un\u00a0<strong>aumento de la oferta cultural y art\u00edstica<\/strong>\u00a0en la ciudad. Y es que hasta Alcoy llegar\u00edan propuestas del\u00a0<strong>Museo Arqueol\u00f3gico Provincial de Alicante (MARQ)<\/strong>, del\u00a0<strong>Museo de Bellas Artes Gravina (MUBAG)<\/strong>, del\u00a0<strong>Auditorio de M\u00fasica de Alicante (ADDA)<\/strong>\u00a0o del\u00a0<strong>Instituto de Cultura Juan Gilabert<\/strong>.<\/p>\n<p style=\"text-align: justify;\">El Ayuntamiento estar\u00eda dispuesto a valorar un proyecto concreto, pero el alcalde critica que Maz\u00f3n hable de invertir en cultura cuando la Diputaci\u00f3n no respalda las iniciativas con las que ya cuenta la ciudad. \u00abEn proyectos tan importantes como la\u00a0<strong>Mostra de Teatre<\/strong>, mientras que la\u00a0<strong>Generalitat Valenciana<\/strong>\u00a0ha multiplicado por diez la inversi\u00f3n, la Diputaci\u00f3n la ha reducido. Esa es la apuesta por la cultura por la Diputaci\u00f3n. Tambi\u00e9n les ofrecimos formar parte de nuevos proyectos como\u00a0<strong><span style=\"color: #0000ff;\"><a style=\"color: #0000ff;\" href=\"https:\/\/www.copealcoy.es\/arriba-una-nova-edicio-del-festival-animalcoi\/\" target=\"_blank\" rel=\"noopener\">Animalcoi<\/a><\/span>\u00a0<\/strong>y no obtuvimos respuesta\u00bb.<\/p>\n","protected":false},"excerpt":{"rendered":"<p>El rastre que deixa el mal oratge a la Comunitat Valenciana i les novetats sobre el brot de sarna del&#8230;<\/p>\n","protected":false},"author":1,"featured_media":109259,"comment_status":"open","ping_status":"open","sticky":false,"template":"","format":"standard","meta":{"footnotes":""},"categories":[6909,89,91],"tags":[],"class_list":["post-110084","post","type-post","status-publish","format-standard","has-post-thumbnail","hentry","category-actualidad","category-audiosdelosprogramas","category-informativos"],"yoast_head":"<!-- This site is optimized with the Yoast SEO plugin v27.3 - https:\/\/yoast.com\/product\/yoast-seo-wordpress\/ -->\n<title>Informativo matinal mi\u00e9rcoles 8 de febrero 2023 (07:20h) - COPE Alcoy<\/title>\n<meta name=\"robots\" content=\"index, follow, max-snippet:-1, max-image-preview:large, max-video-preview:-1\" \/>\n<link rel=\"canonical\" href=\"https:\/\/www.copealcoy.es\/es\/informativo-matinal-miercoles-8-de-febrero-2023-0720h\/\" \/>\n<meta property=\"og:locale\" content=\"es_ES\" \/>\n<meta property=\"og:type\" content=\"article\" \/>\n<meta property=\"og:title\" content=\"Informativo matinal mi\u00e9rcoles 8 de febrero 2023 (07:20h) - COPE Alcoy\" \/>\n<meta property=\"og:description\" content=\"El rastre que deixa el mal oratge a la Comunitat Valenciana i les novetats sobre el brot de sarna del...\" \/>\n<meta property=\"og:url\" content=\"https:\/\/www.copealcoy.es\/es\/informativo-matinal-miercoles-8-de-febrero-2023-0720h\/\" \/>\n<meta property=\"og:site_name\" content=\"COPE Alcoy\" \/>\n<meta property=\"article:published_time\" content=\"2023-02-08T06:30:07+00:00\" \/>\n<meta property=\"article:modified_time\" content=\"2023-02-08T06:43:24+00:00\" \/>\n<meta property=\"og:image\" content=\"https:\/\/www.copealcoy.es\/wp-content\/uploads\/2023\/01\/Matinal-1.jpg\" \/>\n\t<meta property=\"og:image:width\" content=\"500\" \/>\n\t<meta property=\"og:image:height\" content=\"284\" \/>\n\t<meta property=\"og:image:type\" content=\"image\/jpeg\" \/>\n<meta name=\"author\" content=\"Cope Alcoy\" \/>\n<meta name=\"twitter:label1\" content=\"Escrito por\" \/>\n\t<meta name=\"twitter:data1\" content=\"Cope Alcoy\" \/>\n\t<meta name=\"twitter:label2\" content=\"Tiempo de lectura\" \/>\n\t<meta name=\"twitter:data2\" content=\"3 minutos\" \/>\n<script type=\"application\/ld+json\" class=\"yoast-schema-graph\">{\"@context\":\"https:\\\/\\\/schema.org\",\"@graph\":[{\"@type\":\"Article\",\"@id\":\"https:\\\/\\\/www.copealcoy.es\\\/es\\\/informativo-matinal-miercoles-8-de-febrero-2023-0720h\\\/#article\",\"isPartOf\":{\"@id\":\"https:\\\/\\\/www.copealcoy.es\\\/es\\\/informativo-matinal-miercoles-8-de-febrero-2023-0720h\\\/\"},\"author\":{\"name\":\"Cope Alcoy\",\"@id\":\"https:\\\/\\\/www.copealcoy.es\\\/es\\\/#\\\/schema\\\/person\\\/e777c87fa024e57d40170af9df39882c\"},\"headline\":\"Informativo matinal mi\u00e9rcoles 8 de febrero 2023 (07:20h)\",\"datePublished\":\"2023-02-08T06:30:07+00:00\",\"dateModified\":\"2023-02-08T06:43:24+00:00\",\"mainEntityOfPage\":{\"@id\":\"https:\\\/\\\/www.copealcoy.es\\\/es\\\/informativo-matinal-miercoles-8-de-febrero-2023-0720h\\\/\"},\"wordCount\":513,\"commentCount\":0,\"image\":{\"@id\":\"https:\\\/\\\/www.copealcoy.es\\\/es\\\/informativo-matinal-miercoles-8-de-febrero-2023-0720h\\\/#primaryimage\"},\"thumbnailUrl\":\"https:\\\/\\\/www.copealcoy.es\\\/wp-content\\\/uploads\\\/2023\\\/01\\\/Matinal-1.jpg\",\"articleSection\":[\"Actualidad\",\"Audios de los programas\",\"Informativos\"],\"inLanguage\":\"es\"},{\"@type\":\"WebPage\",\"@id\":\"https:\\\/\\\/www.copealcoy.es\\\/es\\\/informativo-matinal-miercoles-8-de-febrero-2023-0720h\\\/\",\"url\":\"https:\\\/\\\/www.copealcoy.es\\\/es\\\/informativo-matinal-miercoles-8-de-febrero-2023-0720h\\\/\",\"name\":\"Informativo matinal mi\u00e9rcoles 8 de febrero 2023 (07:20h) - COPE Alcoy\",\"isPartOf\":{\"@id\":\"https:\\\/\\\/www.copealcoy.es\\\/es\\\/#website\"},\"primaryImageOfPage\":{\"@id\":\"https:\\\/\\\/www.copealcoy.es\\\/es\\\/informativo-matinal-miercoles-8-de-febrero-2023-0720h\\\/#primaryimage\"},\"image\":{\"@id\":\"https:\\\/\\\/www.copealcoy.es\\\/es\\\/informativo-matinal-miercoles-8-de-febrero-2023-0720h\\\/#primaryimage\"},\"thumbnailUrl\":\"https:\\\/\\\/www.copealcoy.es\\\/wp-content\\\/uploads\\\/2023\\\/01\\\/Matinal-1.jpg\",\"datePublished\":\"2023-02-08T06:30:07+00:00\",\"dateModified\":\"2023-02-08T06:43:24+00:00\",\"author\":{\"@id\":\"https:\\\/\\\/www.copealcoy.es\\\/es\\\/#\\\/schema\\\/person\\\/e777c87fa024e57d40170af9df39882c\"},\"breadcrumb\":{\"@id\":\"https:\\\/\\\/www.copealcoy.es\\\/es\\\/informativo-matinal-miercoles-8-de-febrero-2023-0720h\\\/#breadcrumb\"},\"inLanguage\":\"es\",\"potentialAction\":[{\"@type\":\"ReadAction\",\"target\":[\"https:\\\/\\\/www.copealcoy.es\\\/es\\\/informativo-matinal-miercoles-8-de-febrero-2023-0720h\\\/\"]}]},{\"@type\":\"ImageObject\",\"inLanguage\":\"es\",\"@id\":\"https:\\\/\\\/www.copealcoy.es\\\/es\\\/informativo-matinal-miercoles-8-de-febrero-2023-0720h\\\/#primaryimage\",\"url\":\"https:\\\/\\\/www.copealcoy.es\\\/wp-content\\\/uploads\\\/2023\\\/01\\\/Matinal-1.jpg\",\"contentUrl\":\"https:\\\/\\\/www.copealcoy.es\\\/wp-content\\\/uploads\\\/2023\\\/01\\\/Matinal-1.jpg\",\"width\":500,\"height\":284},{\"@type\":\"BreadcrumbList\",\"@id\":\"https:\\\/\\\/www.copealcoy.es\\\/es\\\/informativo-matinal-miercoles-8-de-febrero-2023-0720h\\\/#breadcrumb\",\"itemListElement\":[{\"@type\":\"ListItem\",\"position\":1,\"name\":\"Portada\",\"item\":\"https:\\\/\\\/www.copealcoy.es\\\/es\\\/\"},{\"@type\":\"ListItem\",\"position\":2,\"name\":\"Informativo matinal mi\u00e9rcoles 8 de febrero 2023 (07:20h)\"}]},{\"@type\":\"WebSite\",\"@id\":\"https:\\\/\\\/www.copealcoy.es\\\/es\\\/#website\",\"url\":\"https:\\\/\\\/www.copealcoy.es\\\/es\\\/\",\"name\":\"COPE Alcoy\",\"description\":\"Emisora COPE de radio local con emisi\u00f3n online. Pont de Sant Jordi 8-10 03803 Alcoy\",\"potentialAction\":[{\"@type\":\"SearchAction\",\"target\":{\"@type\":\"EntryPoint\",\"urlTemplate\":\"https:\\\/\\\/www.copealcoy.es\\\/es\\\/?s={search_term_string}\"},\"query-input\":{\"@type\":\"PropertyValueSpecification\",\"valueRequired\":true,\"valueName\":\"search_term_string\"}}],\"inLanguage\":\"es\"},{\"@type\":\"Person\",\"@id\":\"https:\\\/\\\/www.copealcoy.es\\\/es\\\/#\\\/schema\\\/person\\\/e777c87fa024e57d40170af9df39882c\",\"name\":\"Cope Alcoy\",\"image\":{\"@type\":\"ImageObject\",\"inLanguage\":\"es\",\"@id\":\"https:\\\/\\\/secure.gravatar.com\\\/avatar\\\/bb65d0283347e303893ba14f0692005417c1e0e690a325a4c5d8bb2b3943ee14?s=96&d=mm&r=g\",\"url\":\"https:\\\/\\\/secure.gravatar.com\\\/avatar\\\/bb65d0283347e303893ba14f0692005417c1e0e690a325a4c5d8bb2b3943ee14?s=96&d=mm&r=g\",\"contentUrl\":\"https:\\\/\\\/secure.gravatar.com\\\/avatar\\\/bb65d0283347e303893ba14f0692005417c1e0e690a325a4c5d8bb2b3943ee14?s=96&d=mm&r=g\",\"caption\":\"Cope Alcoy\"}}]}<\/script>\n<!-- \/ Yoast SEO plugin. -->","yoast_head_json":{"title":"Informativo matinal mi\u00e9rcoles 8 de febrero 2023 (07:20h) - COPE Alcoy","robots":{"index":"index","follow":"follow","max-snippet":"max-snippet:-1","max-image-preview":"max-image-preview:large","max-video-preview":"max-video-preview:-1"},"canonical":"https:\/\/www.copealcoy.es\/es\/informativo-matinal-miercoles-8-de-febrero-2023-0720h\/","og_locale":"es_ES","og_type":"article","og_title":"Informativo matinal mi\u00e9rcoles 8 de febrero 2023 (07:20h) - COPE Alcoy","og_description":"El rastre que deixa el mal oratge a la Comunitat Valenciana i les novetats sobre el brot de sarna del...","og_url":"https:\/\/www.copealcoy.es\/es\/informativo-matinal-miercoles-8-de-febrero-2023-0720h\/","og_site_name":"COPE Alcoy","article_published_time":"2023-02-08T06:30:07+00:00","article_modified_time":"2023-02-08T06:43:24+00:00","og_image":[{"width":500,"height":284,"url":"https:\/\/www.copealcoy.es\/wp-content\/uploads\/2023\/01\/Matinal-1.jpg","type":"image\/jpeg"}],"author":"Cope Alcoy","twitter_misc":{"Escrito por":"Cope Alcoy","Tiempo de lectura":"3 minutos"},"schema":{"@context":"https:\/\/schema.org","@graph":[{"@type":"Article","@id":"https:\/\/www.copealcoy.es\/es\/informativo-matinal-miercoles-8-de-febrero-2023-0720h\/#article","isPartOf":{"@id":"https:\/\/www.copealcoy.es\/es\/informativo-matinal-miercoles-8-de-febrero-2023-0720h\/"},"author":{"name":"Cope Alcoy","@id":"https:\/\/www.copealcoy.es\/es\/#\/schema\/person\/e777c87fa024e57d40170af9df39882c"},"headline":"Informativo matinal mi\u00e9rcoles 8 de febrero 2023 (07:20h)","datePublished":"2023-02-08T06:30:07+00:00","dateModified":"2023-02-08T06:43:24+00:00","mainEntityOfPage":{"@id":"https:\/\/www.copealcoy.es\/es\/informativo-matinal-miercoles-8-de-febrero-2023-0720h\/"},"wordCount":513,"commentCount":0,"image":{"@id":"https:\/\/www.copealcoy.es\/es\/informativo-matinal-miercoles-8-de-febrero-2023-0720h\/#primaryimage"},"thumbnailUrl":"https:\/\/www.copealcoy.es\/wp-content\/uploads\/2023\/01\/Matinal-1.jpg","articleSection":["Actualidad","Audios de los programas","Informativos"],"inLanguage":"es"},{"@type":"WebPage","@id":"https:\/\/www.copealcoy.es\/es\/informativo-matinal-miercoles-8-de-febrero-2023-0720h\/","url":"https:\/\/www.copealcoy.es\/es\/informativo-matinal-miercoles-8-de-febrero-2023-0720h\/","name":"Informativo matinal mi\u00e9rcoles 8 de febrero 2023 (07:20h) - COPE Alcoy","isPartOf":{"@id":"https:\/\/www.copealcoy.es\/es\/#website"},"primaryImageOfPage":{"@id":"https:\/\/www.copealcoy.es\/es\/informativo-matinal-miercoles-8-de-febrero-2023-0720h\/#primaryimage"},"image":{"@id":"https:\/\/www.copealcoy.es\/es\/informativo-matinal-miercoles-8-de-febrero-2023-0720h\/#primaryimage"},"thumbnailUrl":"https:\/\/www.copealcoy.es\/wp-content\/uploads\/2023\/01\/Matinal-1.jpg","datePublished":"2023-02-08T06:30:07+00:00","dateModified":"2023-02-08T06:43:24+00:00","author":{"@id":"https:\/\/www.copealcoy.es\/es\/#\/schema\/person\/e777c87fa024e57d40170af9df39882c"},"breadcrumb":{"@id":"https:\/\/www.copealcoy.es\/es\/informativo-matinal-miercoles-8-de-febrero-2023-0720h\/#breadcrumb"},"inLanguage":"es","potentialAction":[{"@type":"ReadAction","target":["https:\/\/www.copealcoy.es\/es\/informativo-matinal-miercoles-8-de-febrero-2023-0720h\/"]}]},{"@type":"ImageObject","inLanguage":"es","@id":"https:\/\/www.copealcoy.es\/es\/informativo-matinal-miercoles-8-de-febrero-2023-0720h\/#primaryimage","url":"https:\/\/www.copealcoy.es\/wp-content\/uploads\/2023\/01\/Matinal-1.jpg","contentUrl":"https:\/\/www.copealcoy.es\/wp-content\/uploads\/2023\/01\/Matinal-1.jpg","width":500,"height":284},{"@type":"BreadcrumbList","@id":"https:\/\/www.copealcoy.es\/es\/informativo-matinal-miercoles-8-de-febrero-2023-0720h\/#breadcrumb","itemListElement":[{"@type":"ListItem","position":1,"name":"Portada","item":"https:\/\/www.copealcoy.es\/es\/"},{"@type":"ListItem","position":2,"name":"Informativo matinal mi\u00e9rcoles 8 de febrero 2023 (07:20h)"}]},{"@type":"WebSite","@id":"https:\/\/www.copealcoy.es\/es\/#website","url":"https:\/\/www.copealcoy.es\/es\/","name":"COPE Alcoy","description":"Emisora COPE de radio local con emisi\u00f3n online. Pont de Sant Jordi 8-10 03803 Alcoy","potentialAction":[{"@type":"SearchAction","target":{"@type":"EntryPoint","urlTemplate":"https:\/\/www.copealcoy.es\/es\/?s={search_term_string}"},"query-input":{"@type":"PropertyValueSpecification","valueRequired":true,"valueName":"search_term_string"}}],"inLanguage":"es"},{"@type":"Person","@id":"https:\/\/www.copealcoy.es\/es\/#\/schema\/person\/e777c87fa024e57d40170af9df39882c","name":"Cope Alcoy","image":{"@type":"ImageObject","inLanguage":"es","@id":"https:\/\/secure.gravatar.com\/avatar\/bb65d0283347e303893ba14f0692005417c1e0e690a325a4c5d8bb2b3943ee14?s=96&d=mm&r=g","url":"https:\/\/secure.gravatar.com\/avatar\/bb65d0283347e303893ba14f0692005417c1e0e690a325a4c5d8bb2b3943ee14?s=96&d=mm&r=g","contentUrl":"https:\/\/secure.gravatar.com\/avatar\/bb65d0283347e303893ba14f0692005417c1e0e690a325a4c5d8bb2b3943ee14?s=96&d=mm&r=g","caption":"Cope Alcoy"}}]}},"_links":{"self":[{"href":"https:\/\/www.copealcoy.es\/es\/wp-json\/wp\/v2\/posts\/110084","targetHints":{"allow":["GET"]}}],"collection":[{"href":"https:\/\/www.copealcoy.es\/es\/wp-json\/wp\/v2\/posts"}],"about":[{"href":"https:\/\/www.copealcoy.es\/es\/wp-json\/wp\/v2\/types\/post"}],"author":[{"embeddable":true,"href":"https:\/\/www.copealcoy.es\/es\/wp-json\/wp\/v2\/users\/1"}],"replies":[{"embeddable":true,"href":"https:\/\/www.copealcoy.es\/es\/wp-json\/wp\/v2\/comments?post=110084"}],"version-history":[{"count":0,"href":"https:\/\/www.copealcoy.es\/es\/wp-json\/wp\/v2\/posts\/110084\/revisions"}],"wp:featuredmedia":[{"embeddable":true,"href":"https:\/\/www.copealcoy.es\/es\/wp-json\/wp\/v2\/media\/109259"}],"wp:attachment":[{"href":"https:\/\/www.copealcoy.es\/es\/wp-json\/wp\/v2\/media?parent=110084"}],"wp:term":[{"taxonomy":"category","embeddable":true,"href":"https:\/\/www.copealcoy.es\/es\/wp-json\/wp\/v2\/categories?post=110084"},{"taxonomy":"post_tag","embeddable":true,"href":"https:\/\/www.copealcoy.es\/es\/wp-json\/wp\/v2\/tags?post=110084"}],"curies":[{"name":"wp","href":"https:\/\/api.w.org\/{rel}","templated":true}]}}