{"id":10999,"date":"2015-03-03T18:13:30","date_gmt":"2015-03-03T18:13:30","guid":{"rendered":"http:\/\/copealcoi.es\/new\/?p=10999"},"modified":"2015-03-03T18:13:30","modified_gmt":"2015-03-03T18:13:30","slug":"la-diputacion-colaborara-en-el-plan-director-del-palau-comtal","status":"publish","type":"post","link":"https:\/\/www.copealcoy.es\/es\/la-diputacion-colaborara-en-el-plan-director-del-palau-comtal\/","title":{"rendered":"La Diputaci\u00f3n colaborar\u00e1 en el Plan Director del Palau Comtal"},"content":{"rendered":"<p style=\"text-align: justify;\">La Diputaci\u00f3n de Alicante colaborar\u00e1 en el Plan Director del Palau Comtal. El Ayuntamiento de la Villa Condal, tras las gestiones de alcald\u00eda y del PP por medio del concejal Rafael Montava, ha realizado esta petici\u00f3n al ente provincial con el fin de que la instituci\u00f3n asuma parte de la redacci\u00f3n de este documento en el que se reflejar\u00e1n los usos futuros del hist\u00f3rico y emblem\u00e1tico edificio contestano.<\/p>\n<p style=\"text-align: justify;\">El alcalde de Cocentaina, Rafael Briet, explic\u00f3 la pasada semana en La Ma\u00f1ana\u00a0de Cope Alcoy que en el presupuesto de este a\u00f1o se han reservado 15.000 euros para este Plan y destac\u00f3 que en \u00e9l tambi\u00e9n se incluir\u00e1n pautas y recomendaciones para realizar cualquier intervenci\u00f3n en el monumento &#8220;no solo se pretende que est\u00e9 reflejado el uso que queremos darle al Palau sino los pasos que hay que seguir para realizar una actuaci\u00f3n concreta o una restauraci\u00f3n para evitar problemas posteriores&#8221;, a\u00f1ade.<\/p>\n<p style=\"text-align: justify;\">Por \u00faltimo Briet destac\u00f3 que en estos momentos el Consistorio est\u00e1\u00a0a la espera del visto bueno de la Diputaci\u00f3n &#8220;el Diputado de Cultura nos dio la palabra de que cuando terminen el que est\u00e1n haciendo ahora analizar\u00e1n el proyecto que se presenta desde Cocentaina&#8221;, concluye.<\/p>\n","protected":false},"excerpt":{"rendered":"<p>La Diputaci\u00f3n de Alicante colaborar\u00e1 en el Plan Director del Palau Comtal. El Ayuntamiento de la Villa Condal, tras las&#8230;<\/p>\n","protected":false},"author":1,"featured_media":11000,"comment_status":"open","ping_status":"open","sticky":false,"template":"","format":"standard","meta":{"footnotes":""},"categories":[98,75],"tags":[132,237,414,234,782,176],"class_list":["post-10999","post","type-post","status-publish","format-standard","has-post-thumbnail","hentry","category-comarcas","category-noticias","tag-cocentaina","tag-comtat","tag-cultura","tag-diputacion","tag-palau-comtal","tag-patrimonio"],"yoast_head":"<!-- This site is optimized with the Yoast SEO plugin v27.3 - https:\/\/yoast.com\/product\/yoast-seo-wordpress\/ -->\n<title>La Diputaci\u00f3n colaborar\u00e1 en el Plan Director del Palau Comtal - COPE Alcoy<\/title>\n<meta name=\"robots\" content=\"index, follow, max-snippet:-1, max-image-preview:large, max-video-preview:-1\" \/>\n<link rel=\"canonical\" href=\"https:\/\/www.copealcoy.es\/es\/la-diputacion-colaborara-en-el-plan-director-del-palau-comtal\/\" \/>\n<meta property=\"og:locale\" content=\"es_ES\" \/>\n<meta property=\"og:type\" content=\"article\" \/>\n<meta property=\"og:title\" content=\"La Diputaci\u00f3n colaborar\u00e1 en el Plan Director del Palau Comtal - COPE Alcoy\" \/>\n<meta property=\"og:description\" content=\"La Diputaci\u00f3n de Alicante colaborar\u00e1 en el Plan Director del Palau Comtal. El Ayuntamiento de la Villa Condal, tras las...\" \/>\n<meta property=\"og:url\" content=\"https:\/\/www.copealcoy.es\/es\/la-diputacion-colaborara-en-el-plan-director-del-palau-comtal\/\" \/>\n<meta property=\"og:site_name\" content=\"COPE Alcoy\" \/>\n<meta property=\"article:published_time\" content=\"2015-03-03T18:13:30+00:00\" \/>\n<meta property=\"og:image\" content=\"https:\/\/www.copealcoy.es\/wp-content\/uploads\/2015\/03\/image8.jpg\" \/>\n\t<meta property=\"og:image:width\" content=\"3664\" \/>\n\t<meta property=\"og:image:height\" content=\"2748\" \/>\n\t<meta property=\"og:image:type\" content=\"image\/jpeg\" \/>\n<meta name=\"author\" content=\"Cope Alcoy\" \/>\n<meta name=\"twitter:label1\" content=\"Escrito por\" \/>\n\t<meta name=\"twitter:data1\" content=\"Cope Alcoy\" \/>\n\t<meta name=\"twitter:label2\" content=\"Tiempo de lectura\" \/>\n\t<meta name=\"twitter:data2\" content=\"1 minuto\" \/>\n<script type=\"application\/ld+json\" class=\"yoast-schema-graph\">{\"@context\":\"https:\\\/\\\/schema.org\",\"@graph\":[{\"@type\":\"Article\",\"@id\":\"https:\\\/\\\/www.copealcoy.es\\\/es\\\/la-diputacion-colaborara-en-el-plan-director-del-palau-comtal\\\/#article\",\"isPartOf\":{\"@id\":\"https:\\\/\\\/www.copealcoy.es\\\/es\\\/la-diputacion-colaborara-en-el-plan-director-del-palau-comtal\\\/\"},\"author\":{\"name\":\"Cope Alcoy\",\"@id\":\"https:\\\/\\\/www.copealcoy.es\\\/es\\\/#\\\/schema\\\/person\\\/e777c87fa024e57d40170af9df39882c\"},\"headline\":\"La Diputaci\u00f3n colaborar\u00e1 en el Plan Director del Palau Comtal\",\"datePublished\":\"2015-03-03T18:13:30+00:00\",\"mainEntityOfPage\":{\"@id\":\"https:\\\/\\\/www.copealcoy.es\\\/es\\\/la-diputacion-colaborara-en-el-plan-director-del-palau-comtal\\\/\"},\"wordCount\":226,\"commentCount\":0,\"image\":{\"@id\":\"https:\\\/\\\/www.copealcoy.es\\\/es\\\/la-diputacion-colaborara-en-el-plan-director-del-palau-comtal\\\/#primaryimage\"},\"thumbnailUrl\":\"https:\\\/\\\/www.copealcoy.es\\\/wp-content\\\/uploads\\\/2015\\\/03\\\/image8.jpg\",\"keywords\":[\"Cocentaina\",\"Comtat\",\"Cultura\",\"Diputaci\u00f3n\",\"Palau Comtal\",\"Patrimonio\"],\"articleSection\":[\"Comarcas\",\"Noticias\"],\"inLanguage\":\"es\"},{\"@type\":\"WebPage\",\"@id\":\"https:\\\/\\\/www.copealcoy.es\\\/es\\\/la-diputacion-colaborara-en-el-plan-director-del-palau-comtal\\\/\",\"url\":\"https:\\\/\\\/www.copealcoy.es\\\/es\\\/la-diputacion-colaborara-en-el-plan-director-del-palau-comtal\\\/\",\"name\":\"La Diputaci\u00f3n colaborar\u00e1 en el Plan Director del Palau Comtal - COPE Alcoy\",\"isPartOf\":{\"@id\":\"https:\\\/\\\/www.copealcoy.es\\\/es\\\/#website\"},\"primaryImageOfPage\":{\"@id\":\"https:\\\/\\\/www.copealcoy.es\\\/es\\\/la-diputacion-colaborara-en-el-plan-director-del-palau-comtal\\\/#primaryimage\"},\"image\":{\"@id\":\"https:\\\/\\\/www.copealcoy.es\\\/es\\\/la-diputacion-colaborara-en-el-plan-director-del-palau-comtal\\\/#primaryimage\"},\"thumbnailUrl\":\"https:\\\/\\\/www.copealcoy.es\\\/wp-content\\\/uploads\\\/2015\\\/03\\\/image8.jpg\",\"datePublished\":\"2015-03-03T18:13:30+00:00\",\"author\":{\"@id\":\"https:\\\/\\\/www.copealcoy.es\\\/es\\\/#\\\/schema\\\/person\\\/e777c87fa024e57d40170af9df39882c\"},\"breadcrumb\":{\"@id\":\"https:\\\/\\\/www.copealcoy.es\\\/es\\\/la-diputacion-colaborara-en-el-plan-director-del-palau-comtal\\\/#breadcrumb\"},\"inLanguage\":\"es\",\"potentialAction\":[{\"@type\":\"ReadAction\",\"target\":[\"https:\\\/\\\/www.copealcoy.es\\\/es\\\/la-diputacion-colaborara-en-el-plan-director-del-palau-comtal\\\/\"]}]},{\"@type\":\"ImageObject\",\"inLanguage\":\"es\",\"@id\":\"https:\\\/\\\/www.copealcoy.es\\\/es\\\/la-diputacion-colaborara-en-el-plan-director-del-palau-comtal\\\/#primaryimage\",\"url\":\"https:\\\/\\\/www.copealcoy.es\\\/wp-content\\\/uploads\\\/2015\\\/03\\\/image8.jpg\",\"contentUrl\":\"https:\\\/\\\/www.copealcoy.es\\\/wp-content\\\/uploads\\\/2015\\\/03\\\/image8.jpg\",\"width\":1440,\"height\":1080,\"caption\":\"El Plan Director del Palau definir\u00e1 los usos del monumento\"},{\"@type\":\"BreadcrumbList\",\"@id\":\"https:\\\/\\\/www.copealcoy.es\\\/es\\\/la-diputacion-colaborara-en-el-plan-director-del-palau-comtal\\\/#breadcrumb\",\"itemListElement\":[{\"@type\":\"ListItem\",\"position\":1,\"name\":\"Portada\",\"item\":\"https:\\\/\\\/www.copealcoy.es\\\/es\\\/\"},{\"@type\":\"ListItem\",\"position\":2,\"name\":\"La Diputaci\u00f3n colaborar\u00e1 en el Plan Director del Palau Comtal\"}]},{\"@type\":\"WebSite\",\"@id\":\"https:\\\/\\\/www.copealcoy.es\\\/es\\\/#website\",\"url\":\"https:\\\/\\\/www.copealcoy.es\\\/es\\\/\",\"name\":\"COPE Alcoy\",\"description\":\"Emisora COPE de radio local con emisi\u00f3n online. Pont de Sant Jordi 8-10 03803 Alcoy\",\"potentialAction\":[{\"@type\":\"SearchAction\",\"target\":{\"@type\":\"EntryPoint\",\"urlTemplate\":\"https:\\\/\\\/www.copealcoy.es\\\/es\\\/?s={search_term_string}\"},\"query-input\":{\"@type\":\"PropertyValueSpecification\",\"valueRequired\":true,\"valueName\":\"search_term_string\"}}],\"inLanguage\":\"es\"},{\"@type\":\"Person\",\"@id\":\"https:\\\/\\\/www.copealcoy.es\\\/es\\\/#\\\/schema\\\/person\\\/e777c87fa024e57d40170af9df39882c\",\"name\":\"Cope Alcoy\",\"image\":{\"@type\":\"ImageObject\",\"inLanguage\":\"es\",\"@id\":\"https:\\\/\\\/secure.gravatar.com\\\/avatar\\\/bb65d0283347e303893ba14f0692005417c1e0e690a325a4c5d8bb2b3943ee14?s=96&d=mm&r=g\",\"url\":\"https:\\\/\\\/secure.gravatar.com\\\/avatar\\\/bb65d0283347e303893ba14f0692005417c1e0e690a325a4c5d8bb2b3943ee14?s=96&d=mm&r=g\",\"contentUrl\":\"https:\\\/\\\/secure.gravatar.com\\\/avatar\\\/bb65d0283347e303893ba14f0692005417c1e0e690a325a4c5d8bb2b3943ee14?s=96&d=mm&r=g\",\"caption\":\"Cope Alcoy\"}}]}<\/script>\n<!-- \/ Yoast SEO plugin. -->","yoast_head_json":{"title":"La Diputaci\u00f3n colaborar\u00e1 en el Plan Director del Palau Comtal - COPE Alcoy","robots":{"index":"index","follow":"follow","max-snippet":"max-snippet:-1","max-image-preview":"max-image-preview:large","max-video-preview":"max-video-preview:-1"},"canonical":"https:\/\/www.copealcoy.es\/es\/la-diputacion-colaborara-en-el-plan-director-del-palau-comtal\/","og_locale":"es_ES","og_type":"article","og_title":"La Diputaci\u00f3n colaborar\u00e1 en el Plan Director del Palau Comtal - COPE Alcoy","og_description":"La Diputaci\u00f3n de Alicante colaborar\u00e1 en el Plan Director del Palau Comtal. El Ayuntamiento de la Villa Condal, tras las...","og_url":"https:\/\/www.copealcoy.es\/es\/la-diputacion-colaborara-en-el-plan-director-del-palau-comtal\/","og_site_name":"COPE Alcoy","article_published_time":"2015-03-03T18:13:30+00:00","og_image":[{"width":3664,"height":2748,"url":"https:\/\/www.copealcoy.es\/wp-content\/uploads\/2015\/03\/image8.jpg","type":"image\/jpeg"}],"author":"Cope Alcoy","twitter_misc":{"Escrito por":"Cope Alcoy","Tiempo de lectura":"1 minuto"},"schema":{"@context":"https:\/\/schema.org","@graph":[{"@type":"Article","@id":"https:\/\/www.copealcoy.es\/es\/la-diputacion-colaborara-en-el-plan-director-del-palau-comtal\/#article","isPartOf":{"@id":"https:\/\/www.copealcoy.es\/es\/la-diputacion-colaborara-en-el-plan-director-del-palau-comtal\/"},"author":{"name":"Cope Alcoy","@id":"https:\/\/www.copealcoy.es\/es\/#\/schema\/person\/e777c87fa024e57d40170af9df39882c"},"headline":"La Diputaci\u00f3n colaborar\u00e1 en el Plan Director del Palau Comtal","datePublished":"2015-03-03T18:13:30+00:00","mainEntityOfPage":{"@id":"https:\/\/www.copealcoy.es\/es\/la-diputacion-colaborara-en-el-plan-director-del-palau-comtal\/"},"wordCount":226,"commentCount":0,"image":{"@id":"https:\/\/www.copealcoy.es\/es\/la-diputacion-colaborara-en-el-plan-director-del-palau-comtal\/#primaryimage"},"thumbnailUrl":"https:\/\/www.copealcoy.es\/wp-content\/uploads\/2015\/03\/image8.jpg","keywords":["Cocentaina","Comtat","Cultura","Diputaci\u00f3n","Palau Comtal","Patrimonio"],"articleSection":["Comarcas","Noticias"],"inLanguage":"es"},{"@type":"WebPage","@id":"https:\/\/www.copealcoy.es\/es\/la-diputacion-colaborara-en-el-plan-director-del-palau-comtal\/","url":"https:\/\/www.copealcoy.es\/es\/la-diputacion-colaborara-en-el-plan-director-del-palau-comtal\/","name":"La Diputaci\u00f3n colaborar\u00e1 en el Plan Director del Palau Comtal - COPE Alcoy","isPartOf":{"@id":"https:\/\/www.copealcoy.es\/es\/#website"},"primaryImageOfPage":{"@id":"https:\/\/www.copealcoy.es\/es\/la-diputacion-colaborara-en-el-plan-director-del-palau-comtal\/#primaryimage"},"image":{"@id":"https:\/\/www.copealcoy.es\/es\/la-diputacion-colaborara-en-el-plan-director-del-palau-comtal\/#primaryimage"},"thumbnailUrl":"https:\/\/www.copealcoy.es\/wp-content\/uploads\/2015\/03\/image8.jpg","datePublished":"2015-03-03T18:13:30+00:00","author":{"@id":"https:\/\/www.copealcoy.es\/es\/#\/schema\/person\/e777c87fa024e57d40170af9df39882c"},"breadcrumb":{"@id":"https:\/\/www.copealcoy.es\/es\/la-diputacion-colaborara-en-el-plan-director-del-palau-comtal\/#breadcrumb"},"inLanguage":"es","potentialAction":[{"@type":"ReadAction","target":["https:\/\/www.copealcoy.es\/es\/la-diputacion-colaborara-en-el-plan-director-del-palau-comtal\/"]}]},{"@type":"ImageObject","inLanguage":"es","@id":"https:\/\/www.copealcoy.es\/es\/la-diputacion-colaborara-en-el-plan-director-del-palau-comtal\/#primaryimage","url":"https:\/\/www.copealcoy.es\/wp-content\/uploads\/2015\/03\/image8.jpg","contentUrl":"https:\/\/www.copealcoy.es\/wp-content\/uploads\/2015\/03\/image8.jpg","width":1440,"height":1080,"caption":"El Plan Director del Palau definir\u00e1 los usos del monumento"},{"@type":"BreadcrumbList","@id":"https:\/\/www.copealcoy.es\/es\/la-diputacion-colaborara-en-el-plan-director-del-palau-comtal\/#breadcrumb","itemListElement":[{"@type":"ListItem","position":1,"name":"Portada","item":"https:\/\/www.copealcoy.es\/es\/"},{"@type":"ListItem","position":2,"name":"La Diputaci\u00f3n colaborar\u00e1 en el Plan Director del Palau Comtal"}]},{"@type":"WebSite","@id":"https:\/\/www.copealcoy.es\/es\/#website","url":"https:\/\/www.copealcoy.es\/es\/","name":"COPE Alcoy","description":"Emisora COPE de radio local con emisi\u00f3n online. Pont de Sant Jordi 8-10 03803 Alcoy","potentialAction":[{"@type":"SearchAction","target":{"@type":"EntryPoint","urlTemplate":"https:\/\/www.copealcoy.es\/es\/?s={search_term_string}"},"query-input":{"@type":"PropertyValueSpecification","valueRequired":true,"valueName":"search_term_string"}}],"inLanguage":"es"},{"@type":"Person","@id":"https:\/\/www.copealcoy.es\/es\/#\/schema\/person\/e777c87fa024e57d40170af9df39882c","name":"Cope Alcoy","image":{"@type":"ImageObject","inLanguage":"es","@id":"https:\/\/secure.gravatar.com\/avatar\/bb65d0283347e303893ba14f0692005417c1e0e690a325a4c5d8bb2b3943ee14?s=96&d=mm&r=g","url":"https:\/\/secure.gravatar.com\/avatar\/bb65d0283347e303893ba14f0692005417c1e0e690a325a4c5d8bb2b3943ee14?s=96&d=mm&r=g","contentUrl":"https:\/\/secure.gravatar.com\/avatar\/bb65d0283347e303893ba14f0692005417c1e0e690a325a4c5d8bb2b3943ee14?s=96&d=mm&r=g","caption":"Cope Alcoy"}}]}},"_links":{"self":[{"href":"https:\/\/www.copealcoy.es\/es\/wp-json\/wp\/v2\/posts\/10999","targetHints":{"allow":["GET"]}}],"collection":[{"href":"https:\/\/www.copealcoy.es\/es\/wp-json\/wp\/v2\/posts"}],"about":[{"href":"https:\/\/www.copealcoy.es\/es\/wp-json\/wp\/v2\/types\/post"}],"author":[{"embeddable":true,"href":"https:\/\/www.copealcoy.es\/es\/wp-json\/wp\/v2\/users\/1"}],"replies":[{"embeddable":true,"href":"https:\/\/www.copealcoy.es\/es\/wp-json\/wp\/v2\/comments?post=10999"}],"version-history":[{"count":0,"href":"https:\/\/www.copealcoy.es\/es\/wp-json\/wp\/v2\/posts\/10999\/revisions"}],"wp:featuredmedia":[{"embeddable":true,"href":"https:\/\/www.copealcoy.es\/es\/wp-json\/wp\/v2\/media\/11000"}],"wp:attachment":[{"href":"https:\/\/www.copealcoy.es\/es\/wp-json\/wp\/v2\/media?parent=10999"}],"wp:term":[{"taxonomy":"category","embeddable":true,"href":"https:\/\/www.copealcoy.es\/es\/wp-json\/wp\/v2\/categories?post=10999"},{"taxonomy":"post_tag","embeddable":true,"href":"https:\/\/www.copealcoy.es\/es\/wp-json\/wp\/v2\/tags?post=10999"}],"curies":[{"name":"wp","href":"https:\/\/api.w.org\/{rel}","templated":true}]}}