{"id":109791,"date":"2023-02-03T09:00:29","date_gmt":"2023-02-03T08:00:29","guid":{"rendered":"https:\/\/www.copealcoy.es\/?p=109791"},"modified":"2023-02-03T15:43:09","modified_gmt":"2023-02-03T14:43:09","slug":"el-misteri-de-la-desaparicio-de-les-cadires-per-a-veure-lentrada-dalcoi","status":"publish","type":"post","link":"https:\/\/www.copealcoy.es\/es\/el-misteri-de-la-desaparicio-de-les-cadires-per-a-veure-lentrada-dalcoi\/","title":{"rendered":"El misteri de la desaparici\u00f3 de les cadires per a veure l&#8217;Entrada d&#8217;Alcoi"},"content":{"rendered":"<p style=\"text-align: justify;\">Les cadires <strong>s\u00f3n un element imprescindible en les Festes de Moros i Cristians<\/strong>, especialment per a <strong>veure l&#8217;acte de les Entrades<\/strong> al llarg i ample dels carrers del Centre. Cada any es preveuen <strong>m\u00e9s de 20.000 seients<\/strong> per tal de contemplar l&#8217;espectacle, per\u00f2 bona part d&#8217;elles desapareixen <a href=\"https:\/\/www.asjordi.org\/\" target=\"_blank\" rel=\"noopener\"><span style=\"color: #0000ff;\"><strong>obligant a l&#8217;Associaci\u00f3 de Sant Jordi<\/strong><\/span><\/a> a la seua reposici\u00f3.<\/p>\n<p style=\"text-align: justify;\">Aix\u00ed ho contava en COPE ALCOI <strong>el ponent de cadires de la m\u00e0xima entitat festera<\/strong> el qual <strong>posava xifra al nombre de seients que falten<\/strong> quan acaba el pas de les tropes de la creu i de la mitja lluna. S\u00f3n <strong>unes mil<\/strong> les que solen faltar sempre en la recta final del 22 d&#8217;abril &#8220;<em>incl\u00fas moltes vegades han desaparegut al mat\u00ed i aix\u00ed ens ha portat a haver de posar de noves per a l&#8217;Entrada Mora. S&#8217;han interposat den\u00fancies en alguna ocasi\u00f3, per\u00f2 amb tanta aglomeraci\u00f3 de gent resulta moltes vegades controlar qui s&#8217;emporta una cadira a casa<\/em>&#8220;, explicava en el programa #LaNostraFesta\u00a0<strong><span class=\"hiddenSpellError\">Alberto<\/span>\u00a0Rivas<\/strong>.<\/p>\n<p style=\"text-align: justify;\">Les cadires desaparegudes <strong>solen acabar despr\u00e9s a pisos del Centre o tamb\u00e9 locals<\/strong> que han sigut llogats per a les Festes de Moros i Cristians. No obstant algunes d&#8217;elles <strong>arriben m\u00e9s lluny i despr\u00e9s apareixen en casetes de camp<\/strong> del terme municipal d&#8217;Alcoi.<\/p>\n<p style=\"text-align: justify;\"><span style=\"color: #0000ff;\"><strong>M\u00e9s de 22.000 cadires per a les Entrades d&#8217;enguany<\/strong><\/span><\/p>\n<p style=\"text-align: justify;\">Cal recordar que <strong>l&#8217;Associaci\u00f3 de Sant Jordi<\/strong> ja ha iniciat <strong>el proc\u00e9s de venda de cadires per a enguany<\/strong> i per a <strong>la pr\u00f2xima trilogia festera s&#8217;han previst 22.000 seients<\/strong>. Els <strong>abonats<\/strong> de les desfilades podran retirar les seues cadires en el termini que compr\u00e9n des del 16 de gener al 17 de mar\u00e7 de 2023, tots dos inclusivament, excepte dissabtes, diumenges i festius. Per a aix\u00f2 hauran de personar-se amb el seu Document Nacional d&#8217;Identitat (DNI) original en la Secretaria de l&#8217;Associaci\u00f3 de Sant Jordi d&#8217;Alcoi. L&#8217;<strong>horari<\/strong> per a la retirada de les cadires i tribunes est\u00e0 disposat al mat\u00ed des de les 10.00 fins a les 13.00 hores, i en horari de vesprada des de les 16.30 fins a les 19.30 hores. Tots dos s\u00f3n presencials en la Secretaria de l&#8217;Associaci\u00f3 de Sant Jordi d&#8217;Alcoi.<\/p>\n<p style=\"text-align: justify;\">La <strong>venda al p\u00fablic en general<\/strong> de cadires s&#8217;ha previst entre el 20 de mar\u00e7 i el 17 d&#8217;abril, tots dos inclusivament, excepte dissabtes, diumenges i festius. El <strong>preu<\/strong> de les mateixes per a veure les Entrades va dels 9 als 30 euros, depenent de la ubicaci\u00f3. En tant les de <strong>la Process\u00f3 General<\/strong> tenen un cost de 5 euros, segons informa l&#8217;associaci\u00f3. Mentre que <strong>l&#8217;horari per a la retirada de les cadires i tribunes de festes<\/strong> estar\u00e0 compr\u00e9s al mat\u00ed des de les 10.00 fins a les 13.00 hores, i en horari de vesprada des de les 16.30 fins a les 19.30 hores. Tots dos horaris tamb\u00e9 s\u00f3n presencials en el Casal de Sant Jordi d&#8217;Alcoi.<\/p>\n","protected":false},"excerpt":{"rendered":"<p>Les cadires s\u00f3n un element imprescindible en les Festes de Moros i Cristians, especialment per a veure l&#8217;acte de les&#8230;<\/p>\n","protected":false},"author":1,"featured_media":83730,"comment_status":"open","ping_status":"open","sticky":false,"template":"","format":"standard","meta":{"footnotes":""},"categories":[6909,97,78,75],"tags":[160,13823,1987,2002],"class_list":["post-109791","post","type-post","status-publish","format-standard","has-post-thumbnail","hentry","category-actualidad","category-alcoy","category-fiestaycultura","category-noticias","tag-alcoi","tag-cadires","tag-entrada","tag-festes-de-moros-i-cristians"],"yoast_head":"<!-- This site is optimized with the Yoast SEO plugin v27.3 - https:\/\/yoast.com\/product\/yoast-seo-wordpress\/ -->\n<title>El misteri de la desaparici\u00f3 de les cadires per a veure l&#039;Entrada d&#039;Alcoi - COPE Alcoy<\/title>\n<meta name=\"description\" content=\"Les cadires s\u00f3n un element imprescindible en les Festes de Moros i Cristians, especialment per a veure l&#039;acte de les Entrades\" \/>\n<meta name=\"robots\" content=\"index, follow, max-snippet:-1, max-image-preview:large, max-video-preview:-1\" \/>\n<link rel=\"canonical\" href=\"https:\/\/www.copealcoy.es\/es\/el-misteri-de-la-desaparicio-de-les-cadires-per-a-veure-lentrada-dalcoi\/\" \/>\n<meta property=\"og:locale\" content=\"es_ES\" \/>\n<meta property=\"og:type\" content=\"article\" \/>\n<meta property=\"og:title\" content=\"El misteri de la desaparici\u00f3 de les cadires per a veure l&#039;Entrada d&#039;Alcoi - COPE Alcoy\" \/>\n<meta property=\"og:description\" content=\"Les cadires s\u00f3n un element imprescindible en les Festes de Moros i Cristians, especialment per a veure l&#039;acte de les Entrades\" \/>\n<meta property=\"og:url\" content=\"https:\/\/www.copealcoy.es\/es\/el-misteri-de-la-desaparicio-de-les-cadires-per-a-veure-lentrada-dalcoi\/\" \/>\n<meta property=\"og:site_name\" content=\"COPE Alcoy\" \/>\n<meta property=\"article:published_time\" content=\"2023-02-03T08:00:29+00:00\" \/>\n<meta property=\"article:modified_time\" content=\"2023-02-03T14:43:09+00:00\" \/>\n<meta property=\"og:image\" content=\"https:\/\/www.copealcoy.es\/wp-content\/uploads\/2022\/02\/sillas_myc_alcoy.jpg\" \/>\n\t<meta property=\"og:image:width\" content=\"646\" \/>\n\t<meta property=\"og:image:height\" content=\"457\" \/>\n\t<meta property=\"og:image:type\" content=\"image\/jpeg\" \/>\n<meta name=\"author\" content=\"Cope Alcoy\" \/>\n<meta name=\"twitter:label1\" content=\"Escrito por\" \/>\n\t<meta name=\"twitter:data1\" content=\"Cope Alcoy\" \/>\n\t<meta name=\"twitter:label2\" content=\"Tiempo de lectura\" \/>\n\t<meta name=\"twitter:data2\" content=\"3 minutos\" \/>\n<script type=\"application\/ld+json\" class=\"yoast-schema-graph\">{\"@context\":\"https:\\\/\\\/schema.org\",\"@graph\":[{\"@type\":\"Article\",\"@id\":\"https:\\\/\\\/www.copealcoy.es\\\/es\\\/el-misteri-de-la-desaparicio-de-les-cadires-per-a-veure-lentrada-dalcoi\\\/#article\",\"isPartOf\":{\"@id\":\"https:\\\/\\\/www.copealcoy.es\\\/es\\\/el-misteri-de-la-desaparicio-de-les-cadires-per-a-veure-lentrada-dalcoi\\\/\"},\"author\":{\"name\":\"Cope Alcoy\",\"@id\":\"https:\\\/\\\/www.copealcoy.es\\\/es\\\/#\\\/schema\\\/person\\\/e777c87fa024e57d40170af9df39882c\"},\"headline\":\"El misteri de la desaparici\u00f3 de les cadires per a veure l&#8217;Entrada d&#8217;Alcoi\",\"datePublished\":\"2023-02-03T08:00:29+00:00\",\"dateModified\":\"2023-02-03T14:43:09+00:00\",\"mainEntityOfPage\":{\"@id\":\"https:\\\/\\\/www.copealcoy.es\\\/es\\\/el-misteri-de-la-desaparicio-de-les-cadires-per-a-veure-lentrada-dalcoi\\\/\"},\"wordCount\":505,\"commentCount\":0,\"image\":{\"@id\":\"https:\\\/\\\/www.copealcoy.es\\\/es\\\/el-misteri-de-la-desaparicio-de-les-cadires-per-a-veure-lentrada-dalcoi\\\/#primaryimage\"},\"thumbnailUrl\":\"https:\\\/\\\/www.copealcoy.es\\\/wp-content\\\/uploads\\\/2022\\\/02\\\/sillas_myc_alcoy.jpg\",\"keywords\":[\"Alcoi\",\"cadires\",\"Entrada\",\"Festes de Moros i Cristians\"],\"articleSection\":[\"Actualidad\",\"Alcoy\",\"Fiesta y Cultura\",\"Noticias\"],\"inLanguage\":\"es\"},{\"@type\":\"WebPage\",\"@id\":\"https:\\\/\\\/www.copealcoy.es\\\/es\\\/el-misteri-de-la-desaparicio-de-les-cadires-per-a-veure-lentrada-dalcoi\\\/\",\"url\":\"https:\\\/\\\/www.copealcoy.es\\\/es\\\/el-misteri-de-la-desaparicio-de-les-cadires-per-a-veure-lentrada-dalcoi\\\/\",\"name\":\"El misteri de la desaparici\u00f3 de les cadires per a veure l'Entrada d'Alcoi - COPE Alcoy\",\"isPartOf\":{\"@id\":\"https:\\\/\\\/www.copealcoy.es\\\/es\\\/#website\"},\"primaryImageOfPage\":{\"@id\":\"https:\\\/\\\/www.copealcoy.es\\\/es\\\/el-misteri-de-la-desaparicio-de-les-cadires-per-a-veure-lentrada-dalcoi\\\/#primaryimage\"},\"image\":{\"@id\":\"https:\\\/\\\/www.copealcoy.es\\\/es\\\/el-misteri-de-la-desaparicio-de-les-cadires-per-a-veure-lentrada-dalcoi\\\/#primaryimage\"},\"thumbnailUrl\":\"https:\\\/\\\/www.copealcoy.es\\\/wp-content\\\/uploads\\\/2022\\\/02\\\/sillas_myc_alcoy.jpg\",\"datePublished\":\"2023-02-03T08:00:29+00:00\",\"dateModified\":\"2023-02-03T14:43:09+00:00\",\"author\":{\"@id\":\"https:\\\/\\\/www.copealcoy.es\\\/es\\\/#\\\/schema\\\/person\\\/e777c87fa024e57d40170af9df39882c\"},\"description\":\"Les cadires s\u00f3n un element imprescindible en les Festes de Moros i Cristians, especialment per a veure l'acte de les Entrades\",\"breadcrumb\":{\"@id\":\"https:\\\/\\\/www.copealcoy.es\\\/es\\\/el-misteri-de-la-desaparicio-de-les-cadires-per-a-veure-lentrada-dalcoi\\\/#breadcrumb\"},\"inLanguage\":\"es\",\"potentialAction\":[{\"@type\":\"ReadAction\",\"target\":[\"https:\\\/\\\/www.copealcoy.es\\\/es\\\/el-misteri-de-la-desaparicio-de-les-cadires-per-a-veure-lentrada-dalcoi\\\/\"]}]},{\"@type\":\"ImageObject\",\"inLanguage\":\"es\",\"@id\":\"https:\\\/\\\/www.copealcoy.es\\\/es\\\/el-misteri-de-la-desaparicio-de-les-cadires-per-a-veure-lentrada-dalcoi\\\/#primaryimage\",\"url\":\"https:\\\/\\\/www.copealcoy.es\\\/wp-content\\\/uploads\\\/2022\\\/02\\\/sillas_myc_alcoy.jpg\",\"contentUrl\":\"https:\\\/\\\/www.copealcoy.es\\\/wp-content\\\/uploads\\\/2022\\\/02\\\/sillas_myc_alcoy.jpg\",\"width\":646,\"height\":457},{\"@type\":\"BreadcrumbList\",\"@id\":\"https:\\\/\\\/www.copealcoy.es\\\/es\\\/el-misteri-de-la-desaparicio-de-les-cadires-per-a-veure-lentrada-dalcoi\\\/#breadcrumb\",\"itemListElement\":[{\"@type\":\"ListItem\",\"position\":1,\"name\":\"Portada\",\"item\":\"https:\\\/\\\/www.copealcoy.es\\\/es\\\/\"},{\"@type\":\"ListItem\",\"position\":2,\"name\":\"El misteri de la desaparici\u00f3 de les cadires per a veure l&#8217;Entrada d&#8217;Alcoi\"}]},{\"@type\":\"WebSite\",\"@id\":\"https:\\\/\\\/www.copealcoy.es\\\/es\\\/#website\",\"url\":\"https:\\\/\\\/www.copealcoy.es\\\/es\\\/\",\"name\":\"COPE Alcoy\",\"description\":\"Emisora COPE de radio local con emisi\u00f3n online. Pont de Sant Jordi 8-10 03803 Alcoy\",\"potentialAction\":[{\"@type\":\"SearchAction\",\"target\":{\"@type\":\"EntryPoint\",\"urlTemplate\":\"https:\\\/\\\/www.copealcoy.es\\\/es\\\/?s={search_term_string}\"},\"query-input\":{\"@type\":\"PropertyValueSpecification\",\"valueRequired\":true,\"valueName\":\"search_term_string\"}}],\"inLanguage\":\"es\"},{\"@type\":\"Person\",\"@id\":\"https:\\\/\\\/www.copealcoy.es\\\/es\\\/#\\\/schema\\\/person\\\/e777c87fa024e57d40170af9df39882c\",\"name\":\"Cope Alcoy\",\"image\":{\"@type\":\"ImageObject\",\"inLanguage\":\"es\",\"@id\":\"https:\\\/\\\/secure.gravatar.com\\\/avatar\\\/bb65d0283347e303893ba14f0692005417c1e0e690a325a4c5d8bb2b3943ee14?s=96&d=mm&r=g\",\"url\":\"https:\\\/\\\/secure.gravatar.com\\\/avatar\\\/bb65d0283347e303893ba14f0692005417c1e0e690a325a4c5d8bb2b3943ee14?s=96&d=mm&r=g\",\"contentUrl\":\"https:\\\/\\\/secure.gravatar.com\\\/avatar\\\/bb65d0283347e303893ba14f0692005417c1e0e690a325a4c5d8bb2b3943ee14?s=96&d=mm&r=g\",\"caption\":\"Cope Alcoy\"}}]}<\/script>\n<!-- \/ Yoast SEO plugin. -->","yoast_head_json":{"title":"El misteri de la desaparici\u00f3 de les cadires per a veure l'Entrada d'Alcoi - COPE Alcoy","description":"Les cadires s\u00f3n un element imprescindible en les Festes de Moros i Cristians, especialment per a veure l'acte de les Entrades","robots":{"index":"index","follow":"follow","max-snippet":"max-snippet:-1","max-image-preview":"max-image-preview:large","max-video-preview":"max-video-preview:-1"},"canonical":"https:\/\/www.copealcoy.es\/es\/el-misteri-de-la-desaparicio-de-les-cadires-per-a-veure-lentrada-dalcoi\/","og_locale":"es_ES","og_type":"article","og_title":"El misteri de la desaparici\u00f3 de les cadires per a veure l'Entrada d'Alcoi - COPE Alcoy","og_description":"Les cadires s\u00f3n un element imprescindible en les Festes de Moros i Cristians, especialment per a veure l'acte de les Entrades","og_url":"https:\/\/www.copealcoy.es\/es\/el-misteri-de-la-desaparicio-de-les-cadires-per-a-veure-lentrada-dalcoi\/","og_site_name":"COPE Alcoy","article_published_time":"2023-02-03T08:00:29+00:00","article_modified_time":"2023-02-03T14:43:09+00:00","og_image":[{"width":646,"height":457,"url":"https:\/\/www.copealcoy.es\/wp-content\/uploads\/2022\/02\/sillas_myc_alcoy.jpg","type":"image\/jpeg"}],"author":"Cope Alcoy","twitter_misc":{"Escrito por":"Cope Alcoy","Tiempo de lectura":"3 minutos"},"schema":{"@context":"https:\/\/schema.org","@graph":[{"@type":"Article","@id":"https:\/\/www.copealcoy.es\/es\/el-misteri-de-la-desaparicio-de-les-cadires-per-a-veure-lentrada-dalcoi\/#article","isPartOf":{"@id":"https:\/\/www.copealcoy.es\/es\/el-misteri-de-la-desaparicio-de-les-cadires-per-a-veure-lentrada-dalcoi\/"},"author":{"name":"Cope Alcoy","@id":"https:\/\/www.copealcoy.es\/es\/#\/schema\/person\/e777c87fa024e57d40170af9df39882c"},"headline":"El misteri de la desaparici\u00f3 de les cadires per a veure l&#8217;Entrada d&#8217;Alcoi","datePublished":"2023-02-03T08:00:29+00:00","dateModified":"2023-02-03T14:43:09+00:00","mainEntityOfPage":{"@id":"https:\/\/www.copealcoy.es\/es\/el-misteri-de-la-desaparicio-de-les-cadires-per-a-veure-lentrada-dalcoi\/"},"wordCount":505,"commentCount":0,"image":{"@id":"https:\/\/www.copealcoy.es\/es\/el-misteri-de-la-desaparicio-de-les-cadires-per-a-veure-lentrada-dalcoi\/#primaryimage"},"thumbnailUrl":"https:\/\/www.copealcoy.es\/wp-content\/uploads\/2022\/02\/sillas_myc_alcoy.jpg","keywords":["Alcoi","cadires","Entrada","Festes de Moros i Cristians"],"articleSection":["Actualidad","Alcoy","Fiesta y Cultura","Noticias"],"inLanguage":"es"},{"@type":"WebPage","@id":"https:\/\/www.copealcoy.es\/es\/el-misteri-de-la-desaparicio-de-les-cadires-per-a-veure-lentrada-dalcoi\/","url":"https:\/\/www.copealcoy.es\/es\/el-misteri-de-la-desaparicio-de-les-cadires-per-a-veure-lentrada-dalcoi\/","name":"El misteri de la desaparici\u00f3 de les cadires per a veure l'Entrada d'Alcoi - COPE Alcoy","isPartOf":{"@id":"https:\/\/www.copealcoy.es\/es\/#website"},"primaryImageOfPage":{"@id":"https:\/\/www.copealcoy.es\/es\/el-misteri-de-la-desaparicio-de-les-cadires-per-a-veure-lentrada-dalcoi\/#primaryimage"},"image":{"@id":"https:\/\/www.copealcoy.es\/es\/el-misteri-de-la-desaparicio-de-les-cadires-per-a-veure-lentrada-dalcoi\/#primaryimage"},"thumbnailUrl":"https:\/\/www.copealcoy.es\/wp-content\/uploads\/2022\/02\/sillas_myc_alcoy.jpg","datePublished":"2023-02-03T08:00:29+00:00","dateModified":"2023-02-03T14:43:09+00:00","author":{"@id":"https:\/\/www.copealcoy.es\/es\/#\/schema\/person\/e777c87fa024e57d40170af9df39882c"},"description":"Les cadires s\u00f3n un element imprescindible en les Festes de Moros i Cristians, especialment per a veure l'acte de les Entrades","breadcrumb":{"@id":"https:\/\/www.copealcoy.es\/es\/el-misteri-de-la-desaparicio-de-les-cadires-per-a-veure-lentrada-dalcoi\/#breadcrumb"},"inLanguage":"es","potentialAction":[{"@type":"ReadAction","target":["https:\/\/www.copealcoy.es\/es\/el-misteri-de-la-desaparicio-de-les-cadires-per-a-veure-lentrada-dalcoi\/"]}]},{"@type":"ImageObject","inLanguage":"es","@id":"https:\/\/www.copealcoy.es\/es\/el-misteri-de-la-desaparicio-de-les-cadires-per-a-veure-lentrada-dalcoi\/#primaryimage","url":"https:\/\/www.copealcoy.es\/wp-content\/uploads\/2022\/02\/sillas_myc_alcoy.jpg","contentUrl":"https:\/\/www.copealcoy.es\/wp-content\/uploads\/2022\/02\/sillas_myc_alcoy.jpg","width":646,"height":457},{"@type":"BreadcrumbList","@id":"https:\/\/www.copealcoy.es\/es\/el-misteri-de-la-desaparicio-de-les-cadires-per-a-veure-lentrada-dalcoi\/#breadcrumb","itemListElement":[{"@type":"ListItem","position":1,"name":"Portada","item":"https:\/\/www.copealcoy.es\/es\/"},{"@type":"ListItem","position":2,"name":"El misteri de la desaparici\u00f3 de les cadires per a veure l&#8217;Entrada d&#8217;Alcoi"}]},{"@type":"WebSite","@id":"https:\/\/www.copealcoy.es\/es\/#website","url":"https:\/\/www.copealcoy.es\/es\/","name":"COPE Alcoy","description":"Emisora COPE de radio local con emisi\u00f3n online. Pont de Sant Jordi 8-10 03803 Alcoy","potentialAction":[{"@type":"SearchAction","target":{"@type":"EntryPoint","urlTemplate":"https:\/\/www.copealcoy.es\/es\/?s={search_term_string}"},"query-input":{"@type":"PropertyValueSpecification","valueRequired":true,"valueName":"search_term_string"}}],"inLanguage":"es"},{"@type":"Person","@id":"https:\/\/www.copealcoy.es\/es\/#\/schema\/person\/e777c87fa024e57d40170af9df39882c","name":"Cope Alcoy","image":{"@type":"ImageObject","inLanguage":"es","@id":"https:\/\/secure.gravatar.com\/avatar\/bb65d0283347e303893ba14f0692005417c1e0e690a325a4c5d8bb2b3943ee14?s=96&d=mm&r=g","url":"https:\/\/secure.gravatar.com\/avatar\/bb65d0283347e303893ba14f0692005417c1e0e690a325a4c5d8bb2b3943ee14?s=96&d=mm&r=g","contentUrl":"https:\/\/secure.gravatar.com\/avatar\/bb65d0283347e303893ba14f0692005417c1e0e690a325a4c5d8bb2b3943ee14?s=96&d=mm&r=g","caption":"Cope Alcoy"}}]}},"_links":{"self":[{"href":"https:\/\/www.copealcoy.es\/es\/wp-json\/wp\/v2\/posts\/109791","targetHints":{"allow":["GET"]}}],"collection":[{"href":"https:\/\/www.copealcoy.es\/es\/wp-json\/wp\/v2\/posts"}],"about":[{"href":"https:\/\/www.copealcoy.es\/es\/wp-json\/wp\/v2\/types\/post"}],"author":[{"embeddable":true,"href":"https:\/\/www.copealcoy.es\/es\/wp-json\/wp\/v2\/users\/1"}],"replies":[{"embeddable":true,"href":"https:\/\/www.copealcoy.es\/es\/wp-json\/wp\/v2\/comments?post=109791"}],"version-history":[{"count":0,"href":"https:\/\/www.copealcoy.es\/es\/wp-json\/wp\/v2\/posts\/109791\/revisions"}],"wp:featuredmedia":[{"embeddable":true,"href":"https:\/\/www.copealcoy.es\/es\/wp-json\/wp\/v2\/media\/83730"}],"wp:attachment":[{"href":"https:\/\/www.copealcoy.es\/es\/wp-json\/wp\/v2\/media?parent=109791"}],"wp:term":[{"taxonomy":"category","embeddable":true,"href":"https:\/\/www.copealcoy.es\/es\/wp-json\/wp\/v2\/categories?post=109791"},{"taxonomy":"post_tag","embeddable":true,"href":"https:\/\/www.copealcoy.es\/es\/wp-json\/wp\/v2\/tags?post=109791"}],"curies":[{"name":"wp","href":"https:\/\/api.w.org\/{rel}","templated":true}]}}