{"id":109729,"date":"2023-02-01T11:45:00","date_gmt":"2023-02-01T10:45:00","guid":{"rendered":"https:\/\/www.copealcoy.es\/?p=109729"},"modified":"2023-02-01T11:45:00","modified_gmt":"2023-02-01T10:45:00","slug":"els-dubtes-dels-comerciants-al-nou-carril-bici-dalcoi","status":"publish","type":"post","link":"https:\/\/www.copealcoy.es\/es\/els-dubtes-dels-comerciants-al-nou-carril-bici-dalcoi\/","title":{"rendered":"Els dubtes dels comerciants al nou carril bici d&#8217;Alcoi"},"content":{"rendered":"<p>El nou carril bici est\u00e0 cada vegada m\u00e9s prop de ser una realitat. I \u00e9s que les obres estan en marxa des d&#8217;aquest dilluns. Sabem en qu\u00e8 consisteix el projecte, quin \u00e9s l&#8217;objectiu de l&#8217;Ajuntament amb una iniciativa aix\u00ed i tamb\u00e9 l&#8217;opini\u00f3 dels ciutadans. Per\u00f2, <strong>com afectar\u00e0 als comerciants de la zona<\/strong>?<\/p>\n<p>Des d&#8217;alguns establiments creuen que pot perjudicar, en certa mesura, la seua activitat econ\u00f2mica al dificultar <strong>processos com la c\u00e0rrega i desc\u00e0rrega<\/strong>. &#8220;Fins ara la gent podia parar un moment davant la tenda, per arreplegar alguna cosa puntual. El carril ara els ho podria dificultar&#8221;, afegia el responsable d&#8217;un establiment de l&#8217;<strong>Alameda Camilo Sesto<\/strong>. I \u00e9s que, precisament, aquesta avinguda, per la qual discorrer\u00e0 el carril, \u00e9s una de les principals art\u00e8ries comercials de la nostra ciutat.<\/p>\n<p>En aquest sentit, el <strong>Partit Popular<\/strong> lamentava la passada setmana que no s&#8217;ha tingut en compte l&#8217;opini\u00f3 de comerciants i ve\u00efns en l&#8217;elaboraci\u00f3 del projecte.<\/p>\n<p>En aquests moments s&#8217;ha iniciat la construcci\u00f3 del primer tram, que anir\u00e0 des del pont de Sant Roc fins la Rosaleda. Unes obres que compliquen el tr\u00e0nsit en les hores de m\u00e9s tr\u00e0fic.<\/p>\n<p>Durant la primera jornada, el tr\u00e0nsit no flu\u00efa amb normalitat i va haver-hi algunes retencions en les hores punta del dia. I \u00e9s que nom\u00e9s hi ha un carril habilitat per a poder circular.<\/p>\n<p><strong>Aix\u00ed ser\u00e0 la nova circulaci\u00f3<\/strong><\/p>\n<p>Com et cont\u00e0vem en\u00a0<strong>Cope Alcoi<\/strong>, una vegada finalitzades les obres,\u00a0<span style=\"color: #000080;\"><strong><a style=\"color: #000080;\" href=\"https:\/\/www.copealcoy.es\/alcoi-tindra-un-nou-carril-bici-que-unira-el-centre-i-la-zona-nord-el-proxim-any\/\" target=\"_blank\" rel=\"noopener\">el tr\u00e0nsit sofrir\u00e0 alguns canvis<\/a><\/strong><\/span>. Es suprimir\u00e0 el carril bus, que ser\u00e0 per on discorreran les bicicletes -carril amb els dos sentits de circulaci\u00f3. El transport p\u00fablic, per tant, s\u2019incorporar\u00e0 als dos carrils fins ara destinats per a la resta de vehicles. I, en els ponts, les bicicletes nom\u00e9s podran circular en el sentit del tr\u00e0nsit rodat, ja que ho faran amb la resta de vehicles a motor.<\/p>\n<p>&nbsp;<\/p>\n","protected":false},"excerpt":{"rendered":"<p>El nou carril bici est\u00e0 cada vegada m\u00e9s prop de ser una realitat. I \u00e9s que les obres estan en&#8230;<\/p>\n","protected":false},"author":1,"featured_media":109736,"comment_status":"open","ping_status":"open","sticky":false,"template":"","format":"standard","meta":{"footnotes":""},"categories":[6909,97,75,125],"tags":[160,5050,13248,13648],"class_list":["post-109729","post","type-post","status-publish","format-standard","has-post-thumbnail","hentry","category-actualidad","category-alcoy","category-noticias","category-portada","tag-alcoi","tag-carril-bici","tag-comerciants","tag-mobilitat-sostenible"],"yoast_head":"<!-- This site is optimized with the Yoast SEO plugin v27.3 - https:\/\/yoast.com\/product\/yoast-seo-wordpress\/ -->\n<title>Els dubtes dels comerciants al nou carril bici d&#039;Alcoi - COPE Alcoy<\/title>\n<meta name=\"description\" content=\"El nou carril bici est\u00e0 cada vegada m\u00e9s prop de ser una realitat. I \u00e9s que les obres estan en marxa des d&#039;aquest dilluns. Sabem en qu\u00e8 consisteix el projecte, quin \u00e9s l&#039;objectiu de l&#039;Ajuntament amb una iniciativa aix\u00ed i tamb\u00e9 l&#039;opini\u00f3 dels ciutadans. Per\u00f2, com afectar\u00e0 als comerciants de la zona?\" \/>\n<meta name=\"robots\" content=\"index, follow, max-snippet:-1, max-image-preview:large, max-video-preview:-1\" \/>\n<link rel=\"canonical\" href=\"https:\/\/www.copealcoy.es\/es\/els-dubtes-dels-comerciants-al-nou-carril-bici-dalcoi\/\" \/>\n<meta property=\"og:locale\" content=\"es_ES\" \/>\n<meta property=\"og:type\" content=\"article\" \/>\n<meta property=\"og:title\" content=\"Els dubtes dels comerciants al nou carril bici d&#039;Alcoi - COPE Alcoy\" \/>\n<meta property=\"og:description\" content=\"El nou carril bici est\u00e0 cada vegada m\u00e9s prop de ser una realitat. I \u00e9s que les obres estan en marxa des d&#039;aquest dilluns. Sabem en qu\u00e8 consisteix el projecte, quin \u00e9s l&#039;objectiu de l&#039;Ajuntament amb una iniciativa aix\u00ed i tamb\u00e9 l&#039;opini\u00f3 dels ciutadans. Per\u00f2, com afectar\u00e0 als comerciants de la zona?\" \/>\n<meta property=\"og:url\" content=\"https:\/\/www.copealcoy.es\/es\/els-dubtes-dels-comerciants-al-nou-carril-bici-dalcoi\/\" \/>\n<meta property=\"og:site_name\" content=\"COPE Alcoy\" \/>\n<meta property=\"article:published_time\" content=\"2023-02-01T10:45:00+00:00\" \/>\n<meta property=\"og:image\" content=\"https:\/\/www.copealcoy.es\/wp-content\/uploads\/2023\/02\/WhatsApp-Image-2023-02-01-at-11.43.47.jpeg\" \/>\n\t<meta property=\"og:image:width\" content=\"1024\" \/>\n\t<meta property=\"og:image:height\" content=\"768\" \/>\n\t<meta property=\"og:image:type\" content=\"image\/jpeg\" \/>\n<meta name=\"author\" content=\"Cope Alcoy\" \/>\n<meta name=\"twitter:label1\" content=\"Escrito por\" \/>\n\t<meta name=\"twitter:data1\" content=\"Cope Alcoy\" \/>\n\t<meta name=\"twitter:label2\" content=\"Tiempo de lectura\" \/>\n\t<meta name=\"twitter:data2\" content=\"2 minutos\" \/>\n<script type=\"application\/ld+json\" class=\"yoast-schema-graph\">{\"@context\":\"https:\\\/\\\/schema.org\",\"@graph\":[{\"@type\":\"Article\",\"@id\":\"https:\\\/\\\/www.copealcoy.es\\\/es\\\/els-dubtes-dels-comerciants-al-nou-carril-bici-dalcoi\\\/#article\",\"isPartOf\":{\"@id\":\"https:\\\/\\\/www.copealcoy.es\\\/es\\\/els-dubtes-dels-comerciants-al-nou-carril-bici-dalcoi\\\/\"},\"author\":{\"name\":\"Cope Alcoy\",\"@id\":\"https:\\\/\\\/www.copealcoy.es\\\/es\\\/#\\\/schema\\\/person\\\/e777c87fa024e57d40170af9df39882c\"},\"headline\":\"Els dubtes dels comerciants al nou carril bici d&#8217;Alcoi\",\"datePublished\":\"2023-02-01T10:45:00+00:00\",\"mainEntityOfPage\":{\"@id\":\"https:\\\/\\\/www.copealcoy.es\\\/es\\\/els-dubtes-dels-comerciants-al-nou-carril-bici-dalcoi\\\/\"},\"wordCount\":345,\"commentCount\":0,\"image\":{\"@id\":\"https:\\\/\\\/www.copealcoy.es\\\/es\\\/els-dubtes-dels-comerciants-al-nou-carril-bici-dalcoi\\\/#primaryimage\"},\"thumbnailUrl\":\"https:\\\/\\\/www.copealcoy.es\\\/wp-content\\\/uploads\\\/2023\\\/02\\\/WhatsApp-Image-2023-02-01-at-11.43.47.jpeg\",\"keywords\":[\"Alcoi\",\"carril bici\",\"comerciants\",\"mobilitat sostenible\"],\"articleSection\":[\"Actualidad\",\"Alcoy\",\"Noticias\",\"Portada\"],\"inLanguage\":\"es\"},{\"@type\":\"WebPage\",\"@id\":\"https:\\\/\\\/www.copealcoy.es\\\/es\\\/els-dubtes-dels-comerciants-al-nou-carril-bici-dalcoi\\\/\",\"url\":\"https:\\\/\\\/www.copealcoy.es\\\/es\\\/els-dubtes-dels-comerciants-al-nou-carril-bici-dalcoi\\\/\",\"name\":\"Els dubtes dels comerciants al nou carril bici d'Alcoi - COPE Alcoy\",\"isPartOf\":{\"@id\":\"https:\\\/\\\/www.copealcoy.es\\\/es\\\/#website\"},\"primaryImageOfPage\":{\"@id\":\"https:\\\/\\\/www.copealcoy.es\\\/es\\\/els-dubtes-dels-comerciants-al-nou-carril-bici-dalcoi\\\/#primaryimage\"},\"image\":{\"@id\":\"https:\\\/\\\/www.copealcoy.es\\\/es\\\/els-dubtes-dels-comerciants-al-nou-carril-bici-dalcoi\\\/#primaryimage\"},\"thumbnailUrl\":\"https:\\\/\\\/www.copealcoy.es\\\/wp-content\\\/uploads\\\/2023\\\/02\\\/WhatsApp-Image-2023-02-01-at-11.43.47.jpeg\",\"datePublished\":\"2023-02-01T10:45:00+00:00\",\"author\":{\"@id\":\"https:\\\/\\\/www.copealcoy.es\\\/es\\\/#\\\/schema\\\/person\\\/e777c87fa024e57d40170af9df39882c\"},\"description\":\"El nou carril bici est\u00e0 cada vegada m\u00e9s prop de ser una realitat. I \u00e9s que les obres estan en marxa des d'aquest dilluns. Sabem en qu\u00e8 consisteix el projecte, quin \u00e9s l'objectiu de l'Ajuntament amb una iniciativa aix\u00ed i tamb\u00e9 l'opini\u00f3 dels ciutadans. Per\u00f2, com afectar\u00e0 als comerciants de la zona?\",\"breadcrumb\":{\"@id\":\"https:\\\/\\\/www.copealcoy.es\\\/es\\\/els-dubtes-dels-comerciants-al-nou-carril-bici-dalcoi\\\/#breadcrumb\"},\"inLanguage\":\"es\",\"potentialAction\":[{\"@type\":\"ReadAction\",\"target\":[\"https:\\\/\\\/www.copealcoy.es\\\/es\\\/els-dubtes-dels-comerciants-al-nou-carril-bici-dalcoi\\\/\"]}]},{\"@type\":\"ImageObject\",\"inLanguage\":\"es\",\"@id\":\"https:\\\/\\\/www.copealcoy.es\\\/es\\\/els-dubtes-dels-comerciants-al-nou-carril-bici-dalcoi\\\/#primaryimage\",\"url\":\"https:\\\/\\\/www.copealcoy.es\\\/wp-content\\\/uploads\\\/2023\\\/02\\\/WhatsApp-Image-2023-02-01-at-11.43.47.jpeg\",\"contentUrl\":\"https:\\\/\\\/www.copealcoy.es\\\/wp-content\\\/uploads\\\/2023\\\/02\\\/WhatsApp-Image-2023-02-01-at-11.43.47.jpeg\",\"width\":1024,\"height\":768},{\"@type\":\"BreadcrumbList\",\"@id\":\"https:\\\/\\\/www.copealcoy.es\\\/es\\\/els-dubtes-dels-comerciants-al-nou-carril-bici-dalcoi\\\/#breadcrumb\",\"itemListElement\":[{\"@type\":\"ListItem\",\"position\":1,\"name\":\"Portada\",\"item\":\"https:\\\/\\\/www.copealcoy.es\\\/es\\\/\"},{\"@type\":\"ListItem\",\"position\":2,\"name\":\"Els dubtes dels comerciants al nou carril bici d&#8217;Alcoi\"}]},{\"@type\":\"WebSite\",\"@id\":\"https:\\\/\\\/www.copealcoy.es\\\/es\\\/#website\",\"url\":\"https:\\\/\\\/www.copealcoy.es\\\/es\\\/\",\"name\":\"COPE Alcoy\",\"description\":\"Emisora COPE de radio local con emisi\u00f3n online. Pont de Sant Jordi 8-10 03803 Alcoy\",\"potentialAction\":[{\"@type\":\"SearchAction\",\"target\":{\"@type\":\"EntryPoint\",\"urlTemplate\":\"https:\\\/\\\/www.copealcoy.es\\\/es\\\/?s={search_term_string}\"},\"query-input\":{\"@type\":\"PropertyValueSpecification\",\"valueRequired\":true,\"valueName\":\"search_term_string\"}}],\"inLanguage\":\"es\"},{\"@type\":\"Person\",\"@id\":\"https:\\\/\\\/www.copealcoy.es\\\/es\\\/#\\\/schema\\\/person\\\/e777c87fa024e57d40170af9df39882c\",\"name\":\"Cope Alcoy\",\"image\":{\"@type\":\"ImageObject\",\"inLanguage\":\"es\",\"@id\":\"https:\\\/\\\/secure.gravatar.com\\\/avatar\\\/bb65d0283347e303893ba14f0692005417c1e0e690a325a4c5d8bb2b3943ee14?s=96&d=mm&r=g\",\"url\":\"https:\\\/\\\/secure.gravatar.com\\\/avatar\\\/bb65d0283347e303893ba14f0692005417c1e0e690a325a4c5d8bb2b3943ee14?s=96&d=mm&r=g\",\"contentUrl\":\"https:\\\/\\\/secure.gravatar.com\\\/avatar\\\/bb65d0283347e303893ba14f0692005417c1e0e690a325a4c5d8bb2b3943ee14?s=96&d=mm&r=g\",\"caption\":\"Cope Alcoy\"}}]}<\/script>\n<!-- \/ Yoast SEO plugin. -->","yoast_head_json":{"title":"Els dubtes dels comerciants al nou carril bici d'Alcoi - COPE Alcoy","description":"El nou carril bici est\u00e0 cada vegada m\u00e9s prop de ser una realitat. I \u00e9s que les obres estan en marxa des d'aquest dilluns. Sabem en qu\u00e8 consisteix el projecte, quin \u00e9s l'objectiu de l'Ajuntament amb una iniciativa aix\u00ed i tamb\u00e9 l'opini\u00f3 dels ciutadans. Per\u00f2, com afectar\u00e0 als comerciants de la zona?","robots":{"index":"index","follow":"follow","max-snippet":"max-snippet:-1","max-image-preview":"max-image-preview:large","max-video-preview":"max-video-preview:-1"},"canonical":"https:\/\/www.copealcoy.es\/es\/els-dubtes-dels-comerciants-al-nou-carril-bici-dalcoi\/","og_locale":"es_ES","og_type":"article","og_title":"Els dubtes dels comerciants al nou carril bici d'Alcoi - COPE Alcoy","og_description":"El nou carril bici est\u00e0 cada vegada m\u00e9s prop de ser una realitat. I \u00e9s que les obres estan en marxa des d'aquest dilluns. Sabem en qu\u00e8 consisteix el projecte, quin \u00e9s l'objectiu de l'Ajuntament amb una iniciativa aix\u00ed i tamb\u00e9 l'opini\u00f3 dels ciutadans. Per\u00f2, com afectar\u00e0 als comerciants de la zona?","og_url":"https:\/\/www.copealcoy.es\/es\/els-dubtes-dels-comerciants-al-nou-carril-bici-dalcoi\/","og_site_name":"COPE Alcoy","article_published_time":"2023-02-01T10:45:00+00:00","og_image":[{"width":1024,"height":768,"url":"https:\/\/www.copealcoy.es\/wp-content\/uploads\/2023\/02\/WhatsApp-Image-2023-02-01-at-11.43.47.jpeg","type":"image\/jpeg"}],"author":"Cope Alcoy","twitter_misc":{"Escrito por":"Cope Alcoy","Tiempo de lectura":"2 minutos"},"schema":{"@context":"https:\/\/schema.org","@graph":[{"@type":"Article","@id":"https:\/\/www.copealcoy.es\/es\/els-dubtes-dels-comerciants-al-nou-carril-bici-dalcoi\/#article","isPartOf":{"@id":"https:\/\/www.copealcoy.es\/es\/els-dubtes-dels-comerciants-al-nou-carril-bici-dalcoi\/"},"author":{"name":"Cope Alcoy","@id":"https:\/\/www.copealcoy.es\/es\/#\/schema\/person\/e777c87fa024e57d40170af9df39882c"},"headline":"Els dubtes dels comerciants al nou carril bici d&#8217;Alcoi","datePublished":"2023-02-01T10:45:00+00:00","mainEntityOfPage":{"@id":"https:\/\/www.copealcoy.es\/es\/els-dubtes-dels-comerciants-al-nou-carril-bici-dalcoi\/"},"wordCount":345,"commentCount":0,"image":{"@id":"https:\/\/www.copealcoy.es\/es\/els-dubtes-dels-comerciants-al-nou-carril-bici-dalcoi\/#primaryimage"},"thumbnailUrl":"https:\/\/www.copealcoy.es\/wp-content\/uploads\/2023\/02\/WhatsApp-Image-2023-02-01-at-11.43.47.jpeg","keywords":["Alcoi","carril bici","comerciants","mobilitat sostenible"],"articleSection":["Actualidad","Alcoy","Noticias","Portada"],"inLanguage":"es"},{"@type":"WebPage","@id":"https:\/\/www.copealcoy.es\/es\/els-dubtes-dels-comerciants-al-nou-carril-bici-dalcoi\/","url":"https:\/\/www.copealcoy.es\/es\/els-dubtes-dels-comerciants-al-nou-carril-bici-dalcoi\/","name":"Els dubtes dels comerciants al nou carril bici d'Alcoi - COPE Alcoy","isPartOf":{"@id":"https:\/\/www.copealcoy.es\/es\/#website"},"primaryImageOfPage":{"@id":"https:\/\/www.copealcoy.es\/es\/els-dubtes-dels-comerciants-al-nou-carril-bici-dalcoi\/#primaryimage"},"image":{"@id":"https:\/\/www.copealcoy.es\/es\/els-dubtes-dels-comerciants-al-nou-carril-bici-dalcoi\/#primaryimage"},"thumbnailUrl":"https:\/\/www.copealcoy.es\/wp-content\/uploads\/2023\/02\/WhatsApp-Image-2023-02-01-at-11.43.47.jpeg","datePublished":"2023-02-01T10:45:00+00:00","author":{"@id":"https:\/\/www.copealcoy.es\/es\/#\/schema\/person\/e777c87fa024e57d40170af9df39882c"},"description":"El nou carril bici est\u00e0 cada vegada m\u00e9s prop de ser una realitat. I \u00e9s que les obres estan en marxa des d'aquest dilluns. Sabem en qu\u00e8 consisteix el projecte, quin \u00e9s l'objectiu de l'Ajuntament amb una iniciativa aix\u00ed i tamb\u00e9 l'opini\u00f3 dels ciutadans. Per\u00f2, com afectar\u00e0 als comerciants de la zona?","breadcrumb":{"@id":"https:\/\/www.copealcoy.es\/es\/els-dubtes-dels-comerciants-al-nou-carril-bici-dalcoi\/#breadcrumb"},"inLanguage":"es","potentialAction":[{"@type":"ReadAction","target":["https:\/\/www.copealcoy.es\/es\/els-dubtes-dels-comerciants-al-nou-carril-bici-dalcoi\/"]}]},{"@type":"ImageObject","inLanguage":"es","@id":"https:\/\/www.copealcoy.es\/es\/els-dubtes-dels-comerciants-al-nou-carril-bici-dalcoi\/#primaryimage","url":"https:\/\/www.copealcoy.es\/wp-content\/uploads\/2023\/02\/WhatsApp-Image-2023-02-01-at-11.43.47.jpeg","contentUrl":"https:\/\/www.copealcoy.es\/wp-content\/uploads\/2023\/02\/WhatsApp-Image-2023-02-01-at-11.43.47.jpeg","width":1024,"height":768},{"@type":"BreadcrumbList","@id":"https:\/\/www.copealcoy.es\/es\/els-dubtes-dels-comerciants-al-nou-carril-bici-dalcoi\/#breadcrumb","itemListElement":[{"@type":"ListItem","position":1,"name":"Portada","item":"https:\/\/www.copealcoy.es\/es\/"},{"@type":"ListItem","position":2,"name":"Els dubtes dels comerciants al nou carril bici d&#8217;Alcoi"}]},{"@type":"WebSite","@id":"https:\/\/www.copealcoy.es\/es\/#website","url":"https:\/\/www.copealcoy.es\/es\/","name":"COPE Alcoy","description":"Emisora COPE de radio local con emisi\u00f3n online. Pont de Sant Jordi 8-10 03803 Alcoy","potentialAction":[{"@type":"SearchAction","target":{"@type":"EntryPoint","urlTemplate":"https:\/\/www.copealcoy.es\/es\/?s={search_term_string}"},"query-input":{"@type":"PropertyValueSpecification","valueRequired":true,"valueName":"search_term_string"}}],"inLanguage":"es"},{"@type":"Person","@id":"https:\/\/www.copealcoy.es\/es\/#\/schema\/person\/e777c87fa024e57d40170af9df39882c","name":"Cope Alcoy","image":{"@type":"ImageObject","inLanguage":"es","@id":"https:\/\/secure.gravatar.com\/avatar\/bb65d0283347e303893ba14f0692005417c1e0e690a325a4c5d8bb2b3943ee14?s=96&d=mm&r=g","url":"https:\/\/secure.gravatar.com\/avatar\/bb65d0283347e303893ba14f0692005417c1e0e690a325a4c5d8bb2b3943ee14?s=96&d=mm&r=g","contentUrl":"https:\/\/secure.gravatar.com\/avatar\/bb65d0283347e303893ba14f0692005417c1e0e690a325a4c5d8bb2b3943ee14?s=96&d=mm&r=g","caption":"Cope Alcoy"}}]}},"_links":{"self":[{"href":"https:\/\/www.copealcoy.es\/es\/wp-json\/wp\/v2\/posts\/109729","targetHints":{"allow":["GET"]}}],"collection":[{"href":"https:\/\/www.copealcoy.es\/es\/wp-json\/wp\/v2\/posts"}],"about":[{"href":"https:\/\/www.copealcoy.es\/es\/wp-json\/wp\/v2\/types\/post"}],"author":[{"embeddable":true,"href":"https:\/\/www.copealcoy.es\/es\/wp-json\/wp\/v2\/users\/1"}],"replies":[{"embeddable":true,"href":"https:\/\/www.copealcoy.es\/es\/wp-json\/wp\/v2\/comments?post=109729"}],"version-history":[{"count":0,"href":"https:\/\/www.copealcoy.es\/es\/wp-json\/wp\/v2\/posts\/109729\/revisions"}],"wp:featuredmedia":[{"embeddable":true,"href":"https:\/\/www.copealcoy.es\/es\/wp-json\/wp\/v2\/media\/109736"}],"wp:attachment":[{"href":"https:\/\/www.copealcoy.es\/es\/wp-json\/wp\/v2\/media?parent=109729"}],"wp:term":[{"taxonomy":"category","embeddable":true,"href":"https:\/\/www.copealcoy.es\/es\/wp-json\/wp\/v2\/categories?post=109729"},{"taxonomy":"post_tag","embeddable":true,"href":"https:\/\/www.copealcoy.es\/es\/wp-json\/wp\/v2\/tags?post=109729"}],"curies":[{"name":"wp","href":"https:\/\/api.w.org\/{rel}","templated":true}]}}