{"id":109720,"date":"2023-02-01T10:23:49","date_gmt":"2023-02-01T09:23:49","guid":{"rendered":"https:\/\/www.copealcoy.es\/?p=109720"},"modified":"2023-02-01T10:45:34","modified_gmt":"2023-02-01T09:45:34","slug":"alcoi-redueix-al-50-el-preu-de-lautobus-urba","status":"publish","type":"post","link":"https:\/\/www.copealcoy.es\/es\/alcoi-redueix-al-50-el-preu-de-lautobus-urba\/","title":{"rendered":"Alcoi redueix al 50% el preu de l&#8217;autob\u00fas urb\u00e0"},"content":{"rendered":"<p style=\"text-align: justify;\">Arriben noves millores per al servei d&#8217;autob\u00fas urb\u00e0 d&#8217;Alcoi. Una d&#8217;elles, que entra en vigor aquest 1 de febrer, \u00e9s la <strong>reducci\u00f3 a la meitat del preu dels bitllets<\/strong>. Aix\u00f2 s\u00ed, afectar\u00e0 nom\u00e9s els bons mensuals i els multiviatges, i estar\u00e0 en vigor fins al 30 de juny.<\/p>\n<p style=\"text-align: justify;\">Es tracta d&#8217;una de les mesures que des de l&#8217;Ajuntament de la ciutat estan implementant per millorar un servei com \u00e9s el transport p\u00fablic. Es suma a altres iniciatives com <span style=\"color: #000080;\"><a style=\"color: #000080;\" href=\"https:\/\/www.copealcoy.es\/el-bus-de-vesprada-al-poliesportiu-dalcoi-arriba-a-partir-de-l1-de-febrer\/\" target=\"_blank\" rel=\"noopener\">l&#8217;ampliaci\u00f3 hor\u00e0ria de la l\u00ednia que va fins el Poliesportiu Francisco Laporta<\/a><\/span>, que tamb\u00e9 es posa en marxa aquest dimecres.<\/p>\n<p style=\"text-align: justify;\">&#8220;\u00c9s important ajudar als usuaris del transport p\u00fablic i tamb\u00e9 promocionar, \u00e9s a dir, que nous usuaris coneguen eixos advantatges i facen \u00fas del servei d&#8217;autob\u00fas&#8221;, explicava <strong>Jordi Mart\u00ednez<\/strong>, vicealcalde i regidor de Mobilitat Sostenible.<\/p>\n<p style=\"text-align: justify;\">El descompte al que s&#8217;adhereix l&#8217;Ajuntament \u00e9s una ajuda del <strong>Ministeri de Transports<\/strong>, que participa finan\u00e7ant un 30% d&#8217;aquesta reducci\u00f3. De l&#8217;altre 20% s&#8217;ocupa el Consistori.<\/p>\n<p style=\"text-align: justify;\">La mesura no afecta als bitllets senzills, ja que aquests estan exclosos de les ajudes. El descompte tampoc arriba als anuals, que -encara que es podrien incloure- mantindran el seu preu per excedir el per\u00edode de la mesura i estar ja subvencionats sobre el valor mensual.<\/p>\n<p style=\"text-align: justify;\"><strong>La millora del servei d&#8217;autob\u00fas<\/strong><\/p>\n<p style=\"text-align: justify;\">Durant la primera meitat de l&#8217;any es licitar\u00e0 el nou servei d&#8217;autob\u00fas urb\u00e0. Des de la regidoria de Mobilitat Sostenible asseguren que al llarg de febrer <strong><span style=\"color: #000080;\"><a style=\"color: #000080;\" href=\"https:\/\/www.copealcoy.es\/veins-i-associacions-dalcoi-treballaran-en-la-millora-del-servei-dautobus\/\" target=\"_blank\" rel=\"noopener\">atendran totes les peticions de ve\u00efns i associacions i les inclouran en la nova contractaci\u00f3<\/a><\/span>. <\/strong>\u00abL\u2019objectiu \u00e9s millorar el plec. Ve\u00efns i diferents entitats, com instituts, poden aportar les seues necessitats. Per exemple, millores que es poden fer en les parades o en els propis autobusos\u00bb, puntualitza Mart\u00ednez.<\/p>\n<p style=\"text-align: justify;\">S&#8217;inclour\u00e0 la renovaci\u00f3 completa de la flota -que passar\u00e0 a ser h\u00edbrida (a m\u00e9s de la l\u00ednia el\u00e8ctrica amb la que ja compta)-, un servei directe a l\u2019Hospital Verge dels Lliris des de tots els barris, acc\u00e9s a la piscina municipal, La Salle, Horta Major i Andreu Sempere, aix\u00ed com al cementeri i poliesportiu el cap de setmana tamb\u00e9 des de tots els barris.<\/p>\n","protected":false},"excerpt":{"rendered":"<p>Arriben noves millores per al servei d&#8217;autob\u00fas urb\u00e0 d&#8217;Alcoi. Una d&#8217;elles, que entra en vigor aquest 1 de febrer, \u00e9s&#8230;<\/p>\n","protected":false},"author":1,"featured_media":92574,"comment_status":"open","ping_status":"open","sticky":false,"template":"","format":"standard","meta":{"footnotes":""},"categories":[6909,97,75],"tags":[160,203,13648,13736],"class_list":["post-109720","post","type-post","status-publish","format-standard","has-post-thumbnail","hentry","category-actualidad","category-alcoy","category-noticias","tag-alcoi","tag-autobus","tag-mobilitat-sostenible","tag-transport-public"],"yoast_head":"<!-- This site is optimized with the Yoast SEO plugin v27.3 - https:\/\/yoast.com\/product\/yoast-seo-wordpress\/ -->\n<title>Alcoi redueix al 50% el preu de l&#039;autob\u00fas urb\u00e0 - COPE Alcoy<\/title>\n<meta name=\"description\" content=\"Arriben noves millores per al servei d&#039;autob\u00fas urb\u00e0 d&#039;Alcoi. Una d&#039;elles, que entra en vigor aquest 1 de febrer, \u00e9s la reducci\u00f3 a la meitat del preu dels bitllets. Aix\u00f2 s\u00ed, afectar\u00e0 nom\u00e9s els bons mensuals i els multiviatges, i estar\u00e0 en vigor fins al 30 de juny.\" \/>\n<meta name=\"robots\" content=\"index, follow, max-snippet:-1, max-image-preview:large, max-video-preview:-1\" \/>\n<link rel=\"canonical\" href=\"https:\/\/www.copealcoy.es\/es\/alcoi-redueix-al-50-el-preu-de-lautobus-urba\/\" \/>\n<meta property=\"og:locale\" content=\"es_ES\" \/>\n<meta property=\"og:type\" content=\"article\" \/>\n<meta property=\"og:title\" content=\"Alcoi redueix al 50% el preu de l&#039;autob\u00fas urb\u00e0 - COPE Alcoy\" \/>\n<meta property=\"og:description\" content=\"Arriben noves millores per al servei d&#039;autob\u00fas urb\u00e0 d&#039;Alcoi. Una d&#039;elles, que entra en vigor aquest 1 de febrer, \u00e9s la reducci\u00f3 a la meitat del preu dels bitllets. Aix\u00f2 s\u00ed, afectar\u00e0 nom\u00e9s els bons mensuals i els multiviatges, i estar\u00e0 en vigor fins al 30 de juny.\" \/>\n<meta property=\"og:url\" content=\"https:\/\/www.copealcoy.es\/es\/alcoi-redueix-al-50-el-preu-de-lautobus-urba\/\" \/>\n<meta property=\"og:site_name\" content=\"COPE Alcoy\" \/>\n<meta property=\"article:published_time\" content=\"2023-02-01T09:23:49+00:00\" \/>\n<meta property=\"article:modified_time\" content=\"2023-02-01T09:45:34+00:00\" \/>\n<meta property=\"og:image\" content=\"https:\/\/www.copealcoy.es\/wp-content\/uploads\/2022\/10\/Autobus-alcoi-e1665073335269.jpg\" \/>\n\t<meta property=\"og:image:width\" content=\"640\" \/>\n\t<meta property=\"og:image:height\" content=\"480\" \/>\n\t<meta property=\"og:image:type\" content=\"image\/jpeg\" \/>\n<meta name=\"author\" content=\"Cope Alcoy\" \/>\n<meta name=\"twitter:label1\" content=\"Escrito por\" \/>\n\t<meta name=\"twitter:data1\" content=\"Cope Alcoy\" \/>\n\t<meta name=\"twitter:label2\" content=\"Tiempo de lectura\" \/>\n\t<meta name=\"twitter:data2\" content=\"2 minutos\" \/>\n<script type=\"application\/ld+json\" class=\"yoast-schema-graph\">{\"@context\":\"https:\\\/\\\/schema.org\",\"@graph\":[{\"@type\":\"Article\",\"@id\":\"https:\\\/\\\/www.copealcoy.es\\\/es\\\/alcoi-redueix-al-50-el-preu-de-lautobus-urba\\\/#article\",\"isPartOf\":{\"@id\":\"https:\\\/\\\/www.copealcoy.es\\\/es\\\/alcoi-redueix-al-50-el-preu-de-lautobus-urba\\\/\"},\"author\":{\"name\":\"Cope Alcoy\",\"@id\":\"https:\\\/\\\/www.copealcoy.es\\\/es\\\/#\\\/schema\\\/person\\\/e777c87fa024e57d40170af9df39882c\"},\"headline\":\"Alcoi redueix al 50% el preu de l&#8217;autob\u00fas urb\u00e0\",\"datePublished\":\"2023-02-01T09:23:49+00:00\",\"dateModified\":\"2023-02-01T09:45:34+00:00\",\"mainEntityOfPage\":{\"@id\":\"https:\\\/\\\/www.copealcoy.es\\\/es\\\/alcoi-redueix-al-50-el-preu-de-lautobus-urba\\\/\"},\"wordCount\":393,\"commentCount\":0,\"image\":{\"@id\":\"https:\\\/\\\/www.copealcoy.es\\\/es\\\/alcoi-redueix-al-50-el-preu-de-lautobus-urba\\\/#primaryimage\"},\"thumbnailUrl\":\"https:\\\/\\\/www.copealcoy.es\\\/wp-content\\\/uploads\\\/2022\\\/10\\\/Autobus-alcoi-e1665073335269.jpg\",\"keywords\":[\"Alcoi\",\"Autob\u00fas\",\"mobilitat sostenible\",\"transport p\u00fablic\"],\"articleSection\":[\"Actualidad\",\"Alcoy\",\"Noticias\"],\"inLanguage\":\"es\"},{\"@type\":\"WebPage\",\"@id\":\"https:\\\/\\\/www.copealcoy.es\\\/es\\\/alcoi-redueix-al-50-el-preu-de-lautobus-urba\\\/\",\"url\":\"https:\\\/\\\/www.copealcoy.es\\\/es\\\/alcoi-redueix-al-50-el-preu-de-lautobus-urba\\\/\",\"name\":\"Alcoi redueix al 50% el preu de l'autob\u00fas urb\u00e0 - COPE Alcoy\",\"isPartOf\":{\"@id\":\"https:\\\/\\\/www.copealcoy.es\\\/es\\\/#website\"},\"primaryImageOfPage\":{\"@id\":\"https:\\\/\\\/www.copealcoy.es\\\/es\\\/alcoi-redueix-al-50-el-preu-de-lautobus-urba\\\/#primaryimage\"},\"image\":{\"@id\":\"https:\\\/\\\/www.copealcoy.es\\\/es\\\/alcoi-redueix-al-50-el-preu-de-lautobus-urba\\\/#primaryimage\"},\"thumbnailUrl\":\"https:\\\/\\\/www.copealcoy.es\\\/wp-content\\\/uploads\\\/2022\\\/10\\\/Autobus-alcoi-e1665073335269.jpg\",\"datePublished\":\"2023-02-01T09:23:49+00:00\",\"dateModified\":\"2023-02-01T09:45:34+00:00\",\"author\":{\"@id\":\"https:\\\/\\\/www.copealcoy.es\\\/es\\\/#\\\/schema\\\/person\\\/e777c87fa024e57d40170af9df39882c\"},\"description\":\"Arriben noves millores per al servei d'autob\u00fas urb\u00e0 d'Alcoi. Una d'elles, que entra en vigor aquest 1 de febrer, \u00e9s la reducci\u00f3 a la meitat del preu dels bitllets. Aix\u00f2 s\u00ed, afectar\u00e0 nom\u00e9s els bons mensuals i els multiviatges, i estar\u00e0 en vigor fins al 30 de juny.\",\"breadcrumb\":{\"@id\":\"https:\\\/\\\/www.copealcoy.es\\\/es\\\/alcoi-redueix-al-50-el-preu-de-lautobus-urba\\\/#breadcrumb\"},\"inLanguage\":\"es\",\"potentialAction\":[{\"@type\":\"ReadAction\",\"target\":[\"https:\\\/\\\/www.copealcoy.es\\\/es\\\/alcoi-redueix-al-50-el-preu-de-lautobus-urba\\\/\"]}]},{\"@type\":\"ImageObject\",\"inLanguage\":\"es\",\"@id\":\"https:\\\/\\\/www.copealcoy.es\\\/es\\\/alcoi-redueix-al-50-el-preu-de-lautobus-urba\\\/#primaryimage\",\"url\":\"https:\\\/\\\/www.copealcoy.es\\\/wp-content\\\/uploads\\\/2022\\\/10\\\/Autobus-alcoi-e1665073335269.jpg\",\"contentUrl\":\"https:\\\/\\\/www.copealcoy.es\\\/wp-content\\\/uploads\\\/2022\\\/10\\\/Autobus-alcoi-e1665073335269.jpg\",\"width\":640,\"height\":480},{\"@type\":\"BreadcrumbList\",\"@id\":\"https:\\\/\\\/www.copealcoy.es\\\/es\\\/alcoi-redueix-al-50-el-preu-de-lautobus-urba\\\/#breadcrumb\",\"itemListElement\":[{\"@type\":\"ListItem\",\"position\":1,\"name\":\"Portada\",\"item\":\"https:\\\/\\\/www.copealcoy.es\\\/es\\\/\"},{\"@type\":\"ListItem\",\"position\":2,\"name\":\"Alcoi redueix al 50% el preu de l&#8217;autob\u00fas urb\u00e0\"}]},{\"@type\":\"WebSite\",\"@id\":\"https:\\\/\\\/www.copealcoy.es\\\/es\\\/#website\",\"url\":\"https:\\\/\\\/www.copealcoy.es\\\/es\\\/\",\"name\":\"COPE Alcoy\",\"description\":\"Emisora COPE de radio local con emisi\u00f3n online. Pont de Sant Jordi 8-10 03803 Alcoy\",\"potentialAction\":[{\"@type\":\"SearchAction\",\"target\":{\"@type\":\"EntryPoint\",\"urlTemplate\":\"https:\\\/\\\/www.copealcoy.es\\\/es\\\/?s={search_term_string}\"},\"query-input\":{\"@type\":\"PropertyValueSpecification\",\"valueRequired\":true,\"valueName\":\"search_term_string\"}}],\"inLanguage\":\"es\"},{\"@type\":\"Person\",\"@id\":\"https:\\\/\\\/www.copealcoy.es\\\/es\\\/#\\\/schema\\\/person\\\/e777c87fa024e57d40170af9df39882c\",\"name\":\"Cope Alcoy\",\"image\":{\"@type\":\"ImageObject\",\"inLanguage\":\"es\",\"@id\":\"https:\\\/\\\/secure.gravatar.com\\\/avatar\\\/bb65d0283347e303893ba14f0692005417c1e0e690a325a4c5d8bb2b3943ee14?s=96&d=mm&r=g\",\"url\":\"https:\\\/\\\/secure.gravatar.com\\\/avatar\\\/bb65d0283347e303893ba14f0692005417c1e0e690a325a4c5d8bb2b3943ee14?s=96&d=mm&r=g\",\"contentUrl\":\"https:\\\/\\\/secure.gravatar.com\\\/avatar\\\/bb65d0283347e303893ba14f0692005417c1e0e690a325a4c5d8bb2b3943ee14?s=96&d=mm&r=g\",\"caption\":\"Cope Alcoy\"}}]}<\/script>\n<!-- \/ Yoast SEO plugin. -->","yoast_head_json":{"title":"Alcoi redueix al 50% el preu de l'autob\u00fas urb\u00e0 - COPE Alcoy","description":"Arriben noves millores per al servei d'autob\u00fas urb\u00e0 d'Alcoi. Una d'elles, que entra en vigor aquest 1 de febrer, \u00e9s la reducci\u00f3 a la meitat del preu dels bitllets. Aix\u00f2 s\u00ed, afectar\u00e0 nom\u00e9s els bons mensuals i els multiviatges, i estar\u00e0 en vigor fins al 30 de juny.","robots":{"index":"index","follow":"follow","max-snippet":"max-snippet:-1","max-image-preview":"max-image-preview:large","max-video-preview":"max-video-preview:-1"},"canonical":"https:\/\/www.copealcoy.es\/es\/alcoi-redueix-al-50-el-preu-de-lautobus-urba\/","og_locale":"es_ES","og_type":"article","og_title":"Alcoi redueix al 50% el preu de l'autob\u00fas urb\u00e0 - COPE Alcoy","og_description":"Arriben noves millores per al servei d'autob\u00fas urb\u00e0 d'Alcoi. Una d'elles, que entra en vigor aquest 1 de febrer, \u00e9s la reducci\u00f3 a la meitat del preu dels bitllets. Aix\u00f2 s\u00ed, afectar\u00e0 nom\u00e9s els bons mensuals i els multiviatges, i estar\u00e0 en vigor fins al 30 de juny.","og_url":"https:\/\/www.copealcoy.es\/es\/alcoi-redueix-al-50-el-preu-de-lautobus-urba\/","og_site_name":"COPE Alcoy","article_published_time":"2023-02-01T09:23:49+00:00","article_modified_time":"2023-02-01T09:45:34+00:00","og_image":[{"width":640,"height":480,"url":"https:\/\/www.copealcoy.es\/wp-content\/uploads\/2022\/10\/Autobus-alcoi-e1665073335269.jpg","type":"image\/jpeg"}],"author":"Cope Alcoy","twitter_misc":{"Escrito por":"Cope Alcoy","Tiempo de lectura":"2 minutos"},"schema":{"@context":"https:\/\/schema.org","@graph":[{"@type":"Article","@id":"https:\/\/www.copealcoy.es\/es\/alcoi-redueix-al-50-el-preu-de-lautobus-urba\/#article","isPartOf":{"@id":"https:\/\/www.copealcoy.es\/es\/alcoi-redueix-al-50-el-preu-de-lautobus-urba\/"},"author":{"name":"Cope Alcoy","@id":"https:\/\/www.copealcoy.es\/es\/#\/schema\/person\/e777c87fa024e57d40170af9df39882c"},"headline":"Alcoi redueix al 50% el preu de l&#8217;autob\u00fas urb\u00e0","datePublished":"2023-02-01T09:23:49+00:00","dateModified":"2023-02-01T09:45:34+00:00","mainEntityOfPage":{"@id":"https:\/\/www.copealcoy.es\/es\/alcoi-redueix-al-50-el-preu-de-lautobus-urba\/"},"wordCount":393,"commentCount":0,"image":{"@id":"https:\/\/www.copealcoy.es\/es\/alcoi-redueix-al-50-el-preu-de-lautobus-urba\/#primaryimage"},"thumbnailUrl":"https:\/\/www.copealcoy.es\/wp-content\/uploads\/2022\/10\/Autobus-alcoi-e1665073335269.jpg","keywords":["Alcoi","Autob\u00fas","mobilitat sostenible","transport p\u00fablic"],"articleSection":["Actualidad","Alcoy","Noticias"],"inLanguage":"es"},{"@type":"WebPage","@id":"https:\/\/www.copealcoy.es\/es\/alcoi-redueix-al-50-el-preu-de-lautobus-urba\/","url":"https:\/\/www.copealcoy.es\/es\/alcoi-redueix-al-50-el-preu-de-lautobus-urba\/","name":"Alcoi redueix al 50% el preu de l'autob\u00fas urb\u00e0 - COPE Alcoy","isPartOf":{"@id":"https:\/\/www.copealcoy.es\/es\/#website"},"primaryImageOfPage":{"@id":"https:\/\/www.copealcoy.es\/es\/alcoi-redueix-al-50-el-preu-de-lautobus-urba\/#primaryimage"},"image":{"@id":"https:\/\/www.copealcoy.es\/es\/alcoi-redueix-al-50-el-preu-de-lautobus-urba\/#primaryimage"},"thumbnailUrl":"https:\/\/www.copealcoy.es\/wp-content\/uploads\/2022\/10\/Autobus-alcoi-e1665073335269.jpg","datePublished":"2023-02-01T09:23:49+00:00","dateModified":"2023-02-01T09:45:34+00:00","author":{"@id":"https:\/\/www.copealcoy.es\/es\/#\/schema\/person\/e777c87fa024e57d40170af9df39882c"},"description":"Arriben noves millores per al servei d'autob\u00fas urb\u00e0 d'Alcoi. Una d'elles, que entra en vigor aquest 1 de febrer, \u00e9s la reducci\u00f3 a la meitat del preu dels bitllets. Aix\u00f2 s\u00ed, afectar\u00e0 nom\u00e9s els bons mensuals i els multiviatges, i estar\u00e0 en vigor fins al 30 de juny.","breadcrumb":{"@id":"https:\/\/www.copealcoy.es\/es\/alcoi-redueix-al-50-el-preu-de-lautobus-urba\/#breadcrumb"},"inLanguage":"es","potentialAction":[{"@type":"ReadAction","target":["https:\/\/www.copealcoy.es\/es\/alcoi-redueix-al-50-el-preu-de-lautobus-urba\/"]}]},{"@type":"ImageObject","inLanguage":"es","@id":"https:\/\/www.copealcoy.es\/es\/alcoi-redueix-al-50-el-preu-de-lautobus-urba\/#primaryimage","url":"https:\/\/www.copealcoy.es\/wp-content\/uploads\/2022\/10\/Autobus-alcoi-e1665073335269.jpg","contentUrl":"https:\/\/www.copealcoy.es\/wp-content\/uploads\/2022\/10\/Autobus-alcoi-e1665073335269.jpg","width":640,"height":480},{"@type":"BreadcrumbList","@id":"https:\/\/www.copealcoy.es\/es\/alcoi-redueix-al-50-el-preu-de-lautobus-urba\/#breadcrumb","itemListElement":[{"@type":"ListItem","position":1,"name":"Portada","item":"https:\/\/www.copealcoy.es\/es\/"},{"@type":"ListItem","position":2,"name":"Alcoi redueix al 50% el preu de l&#8217;autob\u00fas urb\u00e0"}]},{"@type":"WebSite","@id":"https:\/\/www.copealcoy.es\/es\/#website","url":"https:\/\/www.copealcoy.es\/es\/","name":"COPE Alcoy","description":"Emisora COPE de radio local con emisi\u00f3n online. Pont de Sant Jordi 8-10 03803 Alcoy","potentialAction":[{"@type":"SearchAction","target":{"@type":"EntryPoint","urlTemplate":"https:\/\/www.copealcoy.es\/es\/?s={search_term_string}"},"query-input":{"@type":"PropertyValueSpecification","valueRequired":true,"valueName":"search_term_string"}}],"inLanguage":"es"},{"@type":"Person","@id":"https:\/\/www.copealcoy.es\/es\/#\/schema\/person\/e777c87fa024e57d40170af9df39882c","name":"Cope Alcoy","image":{"@type":"ImageObject","inLanguage":"es","@id":"https:\/\/secure.gravatar.com\/avatar\/bb65d0283347e303893ba14f0692005417c1e0e690a325a4c5d8bb2b3943ee14?s=96&d=mm&r=g","url":"https:\/\/secure.gravatar.com\/avatar\/bb65d0283347e303893ba14f0692005417c1e0e690a325a4c5d8bb2b3943ee14?s=96&d=mm&r=g","contentUrl":"https:\/\/secure.gravatar.com\/avatar\/bb65d0283347e303893ba14f0692005417c1e0e690a325a4c5d8bb2b3943ee14?s=96&d=mm&r=g","caption":"Cope Alcoy"}}]}},"_links":{"self":[{"href":"https:\/\/www.copealcoy.es\/es\/wp-json\/wp\/v2\/posts\/109720","targetHints":{"allow":["GET"]}}],"collection":[{"href":"https:\/\/www.copealcoy.es\/es\/wp-json\/wp\/v2\/posts"}],"about":[{"href":"https:\/\/www.copealcoy.es\/es\/wp-json\/wp\/v2\/types\/post"}],"author":[{"embeddable":true,"href":"https:\/\/www.copealcoy.es\/es\/wp-json\/wp\/v2\/users\/1"}],"replies":[{"embeddable":true,"href":"https:\/\/www.copealcoy.es\/es\/wp-json\/wp\/v2\/comments?post=109720"}],"version-history":[{"count":0,"href":"https:\/\/www.copealcoy.es\/es\/wp-json\/wp\/v2\/posts\/109720\/revisions"}],"wp:featuredmedia":[{"embeddable":true,"href":"https:\/\/www.copealcoy.es\/es\/wp-json\/wp\/v2\/media\/92574"}],"wp:attachment":[{"href":"https:\/\/www.copealcoy.es\/es\/wp-json\/wp\/v2\/media?parent=109720"}],"wp:term":[{"taxonomy":"category","embeddable":true,"href":"https:\/\/www.copealcoy.es\/es\/wp-json\/wp\/v2\/categories?post=109720"},{"taxonomy":"post_tag","embeddable":true,"href":"https:\/\/www.copealcoy.es\/es\/wp-json\/wp\/v2\/tags?post=109720"}],"curies":[{"name":"wp","href":"https:\/\/api.w.org\/{rel}","templated":true}]}}