{"id":109679,"date":"2023-01-31T11:32:05","date_gmt":"2023-01-31T10:32:05","guid":{"rendered":"https:\/\/www.copealcoy.es\/?p=109679"},"modified":"2023-01-31T11:47:01","modified_gmt":"2023-01-31T10:47:01","slug":"problemes-en-la-circulacio-en-la-primera-jornada-de-les-obres-del-carril-bici","status":"publish","type":"post","link":"https:\/\/www.copealcoy.es\/es\/problemes-en-la-circulacio-en-la-primera-jornada-de-les-obres-del-carril-bici\/","title":{"rendered":"Problemes en la circulaci\u00f3 en la primera jornada de les obres del carril bici"},"content":{"rendered":"<p style=\"text-align: justify;\">Comencen les <strong>obres del nou carril bici<\/strong> i no ho fan, precisament, exemptes de pol\u00e8mica. La construcci\u00f3 del primer tram, el que va des del pont de Sant Roc fins a la Rosaleda, arrancava aquest dilluns i sembla que hi ha hagut <strong>problemes en la circulaci\u00f3<\/strong> en aquesta primera jornada.<\/p>\n<p style=\"text-align: justify;\">El tr\u00e0nsit no flu\u00efa amb normalitat i va haver-hi algunes retencions en les hores punta del dia. Preocupa, sobretot, perqu\u00e8 <strong>es tracta una de les principals vies de la ciutat<\/strong>. &#8220;Ja des de l&#8217;altura de l&#8217;Esgl\u00e9sia de Sant Roc, el carril bus i el de la dreta estaven tallats. Nom\u00e9s quedava un carril per a poder circular i ha sigut una mica ca\u00f2tic&#8221;, explicava una alcoiana que es dirigia a treballar a primera hora del mat\u00ed.<\/p>\n<p style=\"text-align: justify;\">No obstant aix\u00f2, les obres acaben de comen\u00e7ar. S\u00f3n els primers dies i caldr\u00e0 esperar per veure si es solucionen aquests xicotets problemes en el tr\u00e0nsit. Perqu\u00e8, si no \u00e9s aix\u00ed, hi haur\u00e0 incid\u00e8ncies durant diversos mesos.<\/p>\n<p style=\"text-align: justify;\"><span style=\"color: #0000ff;\"><strong>Aix\u00ed ser\u00e0 la nova circulaci\u00f3<\/strong><\/span><\/p>\n<p style=\"text-align: justify;\">Com et cont\u00e0vem en <strong>Cope Alcoi<\/strong>, una vegada finalitzades les obres, <strong><span style=\"color: #0000ff;\"><a style=\"color: #0000ff;\" href=\"https:\/\/www.copealcoy.es\/alcoi-tindra-un-nou-carril-bici-que-unira-el-centre-i-la-zona-nord-el-proxim-any\/\" target=\"_blank\" rel=\"noopener\">el tr\u00e0nsit sofrir\u00e0 alguns canvis<\/a><\/span><\/strong>. Es suprimir\u00e0 el carril bus, que ser\u00e0 per on discorreran les bicicletes -carril amb els dos sentits de circulaci\u00f3. El transport p\u00fablic, per tant, s&#8217;incorporar\u00e0 als dos carrils fins ara destinats per a la resta de vehicles. I, en els ponts, les bicicletes nom\u00e9s podran circular en el sentit del tr\u00e0nsit rodat, ja que ho faran amb la resta de vehicles a motor.<\/p>\n<p style=\"text-align: justify;\">La ciutadania, de moment,<strong><span style=\"color: #0000ff;\"> <a style=\"color: #0000ff;\" href=\"https:\/\/www.copealcoy.es\/la-ciutadania-dalcoi-dividida-pel-nou-carril-bici\/\" target=\"_blank\" rel=\"noopener\">es troba dividida<\/a><\/span><\/strong>. I \u00e9s que encara que alguns alcoians creuen que \u00e9s un projecte necessari, altres no confien en la utilitat del carril i es plantegen alguns dubtes: qu\u00e8 fer si s&#8217;arriba a un pont en sentit contrari al del tr\u00e0nsit rodat? Es podran realitzar correctament les parades del autob\u00fas?<\/p>\n","protected":false},"excerpt":{"rendered":"<p>Comencen les obres del nou carril bici i no ho fan, precisament, exemptes de pol\u00e8mica. La construcci\u00f3 del primer tram,&#8230;<\/p>\n","protected":false},"author":1,"featured_media":109680,"comment_status":"open","ping_status":"open","sticky":false,"template":"","format":"standard","meta":{"footnotes":""},"categories":[6909,97,75,125],"tags":[160,5050,13648,7770],"class_list":["post-109679","post","type-post","status-publish","format-standard","has-post-thumbnail","hentry","category-actualidad","category-alcoy","category-noticias","category-portada","tag-alcoi","tag-carril-bici","tag-mobilitat-sostenible","tag-obres"],"yoast_head":"<!-- This site is optimized with the Yoast SEO plugin v27.3 - https:\/\/yoast.com\/product\/yoast-seo-wordpress\/ -->\n<title>Problemes en la circulaci\u00f3 en la primera jornada de les obres del carril bici - COPE Alcoy<\/title>\n<meta name=\"robots\" content=\"index, follow, max-snippet:-1, max-image-preview:large, max-video-preview:-1\" \/>\n<link rel=\"canonical\" href=\"https:\/\/www.copealcoy.es\/es\/problemes-en-la-circulacio-en-la-primera-jornada-de-les-obres-del-carril-bici\/\" \/>\n<meta property=\"og:locale\" content=\"es_ES\" \/>\n<meta property=\"og:type\" content=\"article\" \/>\n<meta property=\"og:title\" content=\"Problemes en la circulaci\u00f3 en la primera jornada de les obres del carril bici - COPE Alcoy\" \/>\n<meta property=\"og:description\" content=\"Comencen les obres del nou carril bici i no ho fan, precisament, exemptes de pol\u00e8mica. La construcci\u00f3 del primer tram,...\" \/>\n<meta property=\"og:url\" content=\"https:\/\/www.copealcoy.es\/es\/problemes-en-la-circulacio-en-la-primera-jornada-de-les-obres-del-carril-bici\/\" \/>\n<meta property=\"og:site_name\" content=\"COPE Alcoy\" \/>\n<meta property=\"article:published_time\" content=\"2023-01-31T10:32:05+00:00\" \/>\n<meta property=\"article:modified_time\" content=\"2023-01-31T10:47:01+00:00\" \/>\n<meta property=\"og:image\" content=\"https:\/\/www.copealcoy.es\/wp-content\/uploads\/2023\/01\/IMG_4854-scaled.jpg\" \/>\n\t<meta property=\"og:image:width\" content=\"1440\" \/>\n\t<meta property=\"og:image:height\" content=\"1080\" \/>\n\t<meta property=\"og:image:type\" content=\"image\/jpeg\" \/>\n<meta name=\"author\" content=\"Cope Alcoy\" \/>\n<meta name=\"twitter:label1\" content=\"Escrito por\" \/>\n\t<meta name=\"twitter:data1\" content=\"Cope Alcoy\" \/>\n\t<meta name=\"twitter:label2\" content=\"Tiempo de lectura\" \/>\n\t<meta name=\"twitter:data2\" content=\"2 minutos\" \/>\n<script type=\"application\/ld+json\" class=\"yoast-schema-graph\">{\"@context\":\"https:\\\/\\\/schema.org\",\"@graph\":[{\"@type\":\"Article\",\"@id\":\"https:\\\/\\\/www.copealcoy.es\\\/es\\\/problemes-en-la-circulacio-en-la-primera-jornada-de-les-obres-del-carril-bici\\\/#article\",\"isPartOf\":{\"@id\":\"https:\\\/\\\/www.copealcoy.es\\\/es\\\/problemes-en-la-circulacio-en-la-primera-jornada-de-les-obres-del-carril-bici\\\/\"},\"author\":{\"name\":\"Cope Alcoy\",\"@id\":\"https:\\\/\\\/www.copealcoy.es\\\/es\\\/#\\\/schema\\\/person\\\/e777c87fa024e57d40170af9df39882c\"},\"headline\":\"Problemes en la circulaci\u00f3 en la primera jornada de les obres del carril bici\",\"datePublished\":\"2023-01-31T10:32:05+00:00\",\"dateModified\":\"2023-01-31T10:47:01+00:00\",\"mainEntityOfPage\":{\"@id\":\"https:\\\/\\\/www.copealcoy.es\\\/es\\\/problemes-en-la-circulacio-en-la-primera-jornada-de-les-obres-del-carril-bici\\\/\"},\"wordCount\":337,\"commentCount\":0,\"image\":{\"@id\":\"https:\\\/\\\/www.copealcoy.es\\\/es\\\/problemes-en-la-circulacio-en-la-primera-jornada-de-les-obres-del-carril-bici\\\/#primaryimage\"},\"thumbnailUrl\":\"https:\\\/\\\/www.copealcoy.es\\\/wp-content\\\/uploads\\\/2023\\\/01\\\/IMG_4854-scaled.jpg\",\"keywords\":[\"Alcoi\",\"carril bici\",\"mobilitat sostenible\",\"obres\"],\"articleSection\":[\"Actualidad\",\"Alcoy\",\"Noticias\",\"Portada\"],\"inLanguage\":\"es\"},{\"@type\":\"WebPage\",\"@id\":\"https:\\\/\\\/www.copealcoy.es\\\/es\\\/problemes-en-la-circulacio-en-la-primera-jornada-de-les-obres-del-carril-bici\\\/\",\"url\":\"https:\\\/\\\/www.copealcoy.es\\\/es\\\/problemes-en-la-circulacio-en-la-primera-jornada-de-les-obres-del-carril-bici\\\/\",\"name\":\"Problemes en la circulaci\u00f3 en la primera jornada de les obres del carril bici - COPE Alcoy\",\"isPartOf\":{\"@id\":\"https:\\\/\\\/www.copealcoy.es\\\/es\\\/#website\"},\"primaryImageOfPage\":{\"@id\":\"https:\\\/\\\/www.copealcoy.es\\\/es\\\/problemes-en-la-circulacio-en-la-primera-jornada-de-les-obres-del-carril-bici\\\/#primaryimage\"},\"image\":{\"@id\":\"https:\\\/\\\/www.copealcoy.es\\\/es\\\/problemes-en-la-circulacio-en-la-primera-jornada-de-les-obres-del-carril-bici\\\/#primaryimage\"},\"thumbnailUrl\":\"https:\\\/\\\/www.copealcoy.es\\\/wp-content\\\/uploads\\\/2023\\\/01\\\/IMG_4854-scaled.jpg\",\"datePublished\":\"2023-01-31T10:32:05+00:00\",\"dateModified\":\"2023-01-31T10:47:01+00:00\",\"author\":{\"@id\":\"https:\\\/\\\/www.copealcoy.es\\\/es\\\/#\\\/schema\\\/person\\\/e777c87fa024e57d40170af9df39882c\"},\"breadcrumb\":{\"@id\":\"https:\\\/\\\/www.copealcoy.es\\\/es\\\/problemes-en-la-circulacio-en-la-primera-jornada-de-les-obres-del-carril-bici\\\/#breadcrumb\"},\"inLanguage\":\"es\",\"potentialAction\":[{\"@type\":\"ReadAction\",\"target\":[\"https:\\\/\\\/www.copealcoy.es\\\/es\\\/problemes-en-la-circulacio-en-la-primera-jornada-de-les-obres-del-carril-bici\\\/\"]}]},{\"@type\":\"ImageObject\",\"inLanguage\":\"es\",\"@id\":\"https:\\\/\\\/www.copealcoy.es\\\/es\\\/problemes-en-la-circulacio-en-la-primera-jornada-de-les-obres-del-carril-bici\\\/#primaryimage\",\"url\":\"https:\\\/\\\/www.copealcoy.es\\\/wp-content\\\/uploads\\\/2023\\\/01\\\/IMG_4854-scaled.jpg\",\"contentUrl\":\"https:\\\/\\\/www.copealcoy.es\\\/wp-content\\\/uploads\\\/2023\\\/01\\\/IMG_4854-scaled.jpg\",\"width\":1440,\"height\":1080},{\"@type\":\"BreadcrumbList\",\"@id\":\"https:\\\/\\\/www.copealcoy.es\\\/es\\\/problemes-en-la-circulacio-en-la-primera-jornada-de-les-obres-del-carril-bici\\\/#breadcrumb\",\"itemListElement\":[{\"@type\":\"ListItem\",\"position\":1,\"name\":\"Portada\",\"item\":\"https:\\\/\\\/www.copealcoy.es\\\/es\\\/\"},{\"@type\":\"ListItem\",\"position\":2,\"name\":\"Problemes en la circulaci\u00f3 en la primera jornada de les obres del carril bici\"}]},{\"@type\":\"WebSite\",\"@id\":\"https:\\\/\\\/www.copealcoy.es\\\/es\\\/#website\",\"url\":\"https:\\\/\\\/www.copealcoy.es\\\/es\\\/\",\"name\":\"COPE Alcoy\",\"description\":\"Emisora COPE de radio local con emisi\u00f3n online. Pont de Sant Jordi 8-10 03803 Alcoy\",\"potentialAction\":[{\"@type\":\"SearchAction\",\"target\":{\"@type\":\"EntryPoint\",\"urlTemplate\":\"https:\\\/\\\/www.copealcoy.es\\\/es\\\/?s={search_term_string}\"},\"query-input\":{\"@type\":\"PropertyValueSpecification\",\"valueRequired\":true,\"valueName\":\"search_term_string\"}}],\"inLanguage\":\"es\"},{\"@type\":\"Person\",\"@id\":\"https:\\\/\\\/www.copealcoy.es\\\/es\\\/#\\\/schema\\\/person\\\/e777c87fa024e57d40170af9df39882c\",\"name\":\"Cope Alcoy\",\"image\":{\"@type\":\"ImageObject\",\"inLanguage\":\"es\",\"@id\":\"https:\\\/\\\/secure.gravatar.com\\\/avatar\\\/bb65d0283347e303893ba14f0692005417c1e0e690a325a4c5d8bb2b3943ee14?s=96&d=mm&r=g\",\"url\":\"https:\\\/\\\/secure.gravatar.com\\\/avatar\\\/bb65d0283347e303893ba14f0692005417c1e0e690a325a4c5d8bb2b3943ee14?s=96&d=mm&r=g\",\"contentUrl\":\"https:\\\/\\\/secure.gravatar.com\\\/avatar\\\/bb65d0283347e303893ba14f0692005417c1e0e690a325a4c5d8bb2b3943ee14?s=96&d=mm&r=g\",\"caption\":\"Cope Alcoy\"}}]}<\/script>\n<!-- \/ Yoast SEO plugin. -->","yoast_head_json":{"title":"Problemes en la circulaci\u00f3 en la primera jornada de les obres del carril bici - COPE Alcoy","robots":{"index":"index","follow":"follow","max-snippet":"max-snippet:-1","max-image-preview":"max-image-preview:large","max-video-preview":"max-video-preview:-1"},"canonical":"https:\/\/www.copealcoy.es\/es\/problemes-en-la-circulacio-en-la-primera-jornada-de-les-obres-del-carril-bici\/","og_locale":"es_ES","og_type":"article","og_title":"Problemes en la circulaci\u00f3 en la primera jornada de les obres del carril bici - COPE Alcoy","og_description":"Comencen les obres del nou carril bici i no ho fan, precisament, exemptes de pol\u00e8mica. La construcci\u00f3 del primer tram,...","og_url":"https:\/\/www.copealcoy.es\/es\/problemes-en-la-circulacio-en-la-primera-jornada-de-les-obres-del-carril-bici\/","og_site_name":"COPE Alcoy","article_published_time":"2023-01-31T10:32:05+00:00","article_modified_time":"2023-01-31T10:47:01+00:00","og_image":[{"width":1440,"height":1080,"url":"https:\/\/www.copealcoy.es\/wp-content\/uploads\/2023\/01\/IMG_4854-scaled.jpg","type":"image\/jpeg"}],"author":"Cope Alcoy","twitter_misc":{"Escrito por":"Cope Alcoy","Tiempo de lectura":"2 minutos"},"schema":{"@context":"https:\/\/schema.org","@graph":[{"@type":"Article","@id":"https:\/\/www.copealcoy.es\/es\/problemes-en-la-circulacio-en-la-primera-jornada-de-les-obres-del-carril-bici\/#article","isPartOf":{"@id":"https:\/\/www.copealcoy.es\/es\/problemes-en-la-circulacio-en-la-primera-jornada-de-les-obres-del-carril-bici\/"},"author":{"name":"Cope Alcoy","@id":"https:\/\/www.copealcoy.es\/es\/#\/schema\/person\/e777c87fa024e57d40170af9df39882c"},"headline":"Problemes en la circulaci\u00f3 en la primera jornada de les obres del carril bici","datePublished":"2023-01-31T10:32:05+00:00","dateModified":"2023-01-31T10:47:01+00:00","mainEntityOfPage":{"@id":"https:\/\/www.copealcoy.es\/es\/problemes-en-la-circulacio-en-la-primera-jornada-de-les-obres-del-carril-bici\/"},"wordCount":337,"commentCount":0,"image":{"@id":"https:\/\/www.copealcoy.es\/es\/problemes-en-la-circulacio-en-la-primera-jornada-de-les-obres-del-carril-bici\/#primaryimage"},"thumbnailUrl":"https:\/\/www.copealcoy.es\/wp-content\/uploads\/2023\/01\/IMG_4854-scaled.jpg","keywords":["Alcoi","carril bici","mobilitat sostenible","obres"],"articleSection":["Actualidad","Alcoy","Noticias","Portada"],"inLanguage":"es"},{"@type":"WebPage","@id":"https:\/\/www.copealcoy.es\/es\/problemes-en-la-circulacio-en-la-primera-jornada-de-les-obres-del-carril-bici\/","url":"https:\/\/www.copealcoy.es\/es\/problemes-en-la-circulacio-en-la-primera-jornada-de-les-obres-del-carril-bici\/","name":"Problemes en la circulaci\u00f3 en la primera jornada de les obres del carril bici - COPE Alcoy","isPartOf":{"@id":"https:\/\/www.copealcoy.es\/es\/#website"},"primaryImageOfPage":{"@id":"https:\/\/www.copealcoy.es\/es\/problemes-en-la-circulacio-en-la-primera-jornada-de-les-obres-del-carril-bici\/#primaryimage"},"image":{"@id":"https:\/\/www.copealcoy.es\/es\/problemes-en-la-circulacio-en-la-primera-jornada-de-les-obres-del-carril-bici\/#primaryimage"},"thumbnailUrl":"https:\/\/www.copealcoy.es\/wp-content\/uploads\/2023\/01\/IMG_4854-scaled.jpg","datePublished":"2023-01-31T10:32:05+00:00","dateModified":"2023-01-31T10:47:01+00:00","author":{"@id":"https:\/\/www.copealcoy.es\/es\/#\/schema\/person\/e777c87fa024e57d40170af9df39882c"},"breadcrumb":{"@id":"https:\/\/www.copealcoy.es\/es\/problemes-en-la-circulacio-en-la-primera-jornada-de-les-obres-del-carril-bici\/#breadcrumb"},"inLanguage":"es","potentialAction":[{"@type":"ReadAction","target":["https:\/\/www.copealcoy.es\/es\/problemes-en-la-circulacio-en-la-primera-jornada-de-les-obres-del-carril-bici\/"]}]},{"@type":"ImageObject","inLanguage":"es","@id":"https:\/\/www.copealcoy.es\/es\/problemes-en-la-circulacio-en-la-primera-jornada-de-les-obres-del-carril-bici\/#primaryimage","url":"https:\/\/www.copealcoy.es\/wp-content\/uploads\/2023\/01\/IMG_4854-scaled.jpg","contentUrl":"https:\/\/www.copealcoy.es\/wp-content\/uploads\/2023\/01\/IMG_4854-scaled.jpg","width":1440,"height":1080},{"@type":"BreadcrumbList","@id":"https:\/\/www.copealcoy.es\/es\/problemes-en-la-circulacio-en-la-primera-jornada-de-les-obres-del-carril-bici\/#breadcrumb","itemListElement":[{"@type":"ListItem","position":1,"name":"Portada","item":"https:\/\/www.copealcoy.es\/es\/"},{"@type":"ListItem","position":2,"name":"Problemes en la circulaci\u00f3 en la primera jornada de les obres del carril bici"}]},{"@type":"WebSite","@id":"https:\/\/www.copealcoy.es\/es\/#website","url":"https:\/\/www.copealcoy.es\/es\/","name":"COPE Alcoy","description":"Emisora COPE de radio local con emisi\u00f3n online. Pont de Sant Jordi 8-10 03803 Alcoy","potentialAction":[{"@type":"SearchAction","target":{"@type":"EntryPoint","urlTemplate":"https:\/\/www.copealcoy.es\/es\/?s={search_term_string}"},"query-input":{"@type":"PropertyValueSpecification","valueRequired":true,"valueName":"search_term_string"}}],"inLanguage":"es"},{"@type":"Person","@id":"https:\/\/www.copealcoy.es\/es\/#\/schema\/person\/e777c87fa024e57d40170af9df39882c","name":"Cope Alcoy","image":{"@type":"ImageObject","inLanguage":"es","@id":"https:\/\/secure.gravatar.com\/avatar\/bb65d0283347e303893ba14f0692005417c1e0e690a325a4c5d8bb2b3943ee14?s=96&d=mm&r=g","url":"https:\/\/secure.gravatar.com\/avatar\/bb65d0283347e303893ba14f0692005417c1e0e690a325a4c5d8bb2b3943ee14?s=96&d=mm&r=g","contentUrl":"https:\/\/secure.gravatar.com\/avatar\/bb65d0283347e303893ba14f0692005417c1e0e690a325a4c5d8bb2b3943ee14?s=96&d=mm&r=g","caption":"Cope Alcoy"}}]}},"_links":{"self":[{"href":"https:\/\/www.copealcoy.es\/es\/wp-json\/wp\/v2\/posts\/109679","targetHints":{"allow":["GET"]}}],"collection":[{"href":"https:\/\/www.copealcoy.es\/es\/wp-json\/wp\/v2\/posts"}],"about":[{"href":"https:\/\/www.copealcoy.es\/es\/wp-json\/wp\/v2\/types\/post"}],"author":[{"embeddable":true,"href":"https:\/\/www.copealcoy.es\/es\/wp-json\/wp\/v2\/users\/1"}],"replies":[{"embeddable":true,"href":"https:\/\/www.copealcoy.es\/es\/wp-json\/wp\/v2\/comments?post=109679"}],"version-history":[{"count":0,"href":"https:\/\/www.copealcoy.es\/es\/wp-json\/wp\/v2\/posts\/109679\/revisions"}],"wp:featuredmedia":[{"embeddable":true,"href":"https:\/\/www.copealcoy.es\/es\/wp-json\/wp\/v2\/media\/109680"}],"wp:attachment":[{"href":"https:\/\/www.copealcoy.es\/es\/wp-json\/wp\/v2\/media?parent=109679"}],"wp:term":[{"taxonomy":"category","embeddable":true,"href":"https:\/\/www.copealcoy.es\/es\/wp-json\/wp\/v2\/categories?post=109679"},{"taxonomy":"post_tag","embeddable":true,"href":"https:\/\/www.copealcoy.es\/es\/wp-json\/wp\/v2\/tags?post=109679"}],"curies":[{"name":"wp","href":"https:\/\/api.w.org\/{rel}","templated":true}]}}