{"id":109647,"date":"2023-01-30T12:00:16","date_gmt":"2023-01-30T11:00:16","guid":{"rendered":"https:\/\/www.copealcoy.es\/?p=109647"},"modified":"2023-01-30T12:41:43","modified_gmt":"2023-01-30T11:41:43","slug":"el-bus-de-vesprada-al-poliesportiu-dalcoi-arriba-a-partir-de-l1-de-febrer","status":"publish","type":"post","link":"https:\/\/www.copealcoy.es\/es\/el-bus-de-vesprada-al-poliesportiu-dalcoi-arriba-a-partir-de-l1-de-febrer\/","title":{"rendered":"El bus de vesprada al Poliesportiu d&#8217;Alcoi arriba a partir de l&#8217;1 de febrer"},"content":{"rendered":"<p style=\"text-align: justify;\">Alcoi estrena <strong>servei de bus al Poliesportiu Francisco Laporta<\/strong> per a les vesprades. Aquest <strong>comen\u00e7ar\u00e0 a funcionar a partir del dimecres 1 de febrer<\/strong> i sols estar\u00e0 en marxa <strong>entre setmana<\/strong> segons la informaci\u00f3 facilitada pel Consistori.<\/p>\n<p style=\"text-align: justify;\">L&#8217;autob\u00fas <strong>tindr\u00e0 dues l\u00ednies diferenciades<\/strong>. La <strong>primera<\/strong> recorrer\u00e0 <strong>Santa Rosa, Batoi i una part de l&#8217;Eixample<\/strong>, amb una freq\u00fc\u00e8ncia de 30 minuts. L&#8217;eixida ser\u00e0 a les 15.30 hores des de la pla\u00e7a Miguel Hern\u00e1ndez, d&#8217;all\u00ed pujar\u00e0 a Batoi on hi haur\u00e0 una parada al carrer Banyeres, 2, la seg\u00fcent parada ser\u00e0 en Santa Rosa, 52<span class=\"hiddenGrammarError\">, (<\/span>just abans del pont Fernando Reig) i arribar\u00e0 al Poliesportiu a les 15.45 hores. L&#8217;autob\u00fas seguir\u00e0 amb el recorregut parant en el passeig Cervantes i Espronceda, 2, abans tornar a la pla\u00e7a\u00a0<span class=\"hiddenSpellError\">Miguel<\/span>\u00a0<span class=\"hiddenSpellError\">Hernandez<\/span>.\u00a0<span class=\"hiddenGreenError\" style=\"padding-bottom: 2px; background-image: url('..\/..\/..\/..\/..\/images\/squiggle_green.png'); background-repeat: repeat-x; background-position: left bottom; vertical-align: text-top; cursor: default; color: #000000; font-family: Verdana, Arial, Helvetica, sans-serif; font-size: 12px; font-style: normal; font-variant-ligatures: normal; font-variant-caps: normal; font-weight: 400; letter-spacing: normal; orphans: 2; text-align: start; text-indent: 0px; text-transform: none; white-space: normal; widows: 2; word-spacing: 0px; -webkit-text-stroke-width: 0px; background-color: #f7f7f7; text-decoration-thickness: initial; text-decoration-style: initial; text-decoration-color: initial;\">L&#8217;<\/span>\u00faltim autob\u00fas eixir\u00e0 del Poliesportiu a les 21.15 hores.<\/p>\n<p style=\"text-align: justify;\">Per altre costat destaca <strong>la l\u00ednia que cobrir\u00e0 Zona Nord<\/strong>, <strong>Eixample, Centre i Zona Alta<\/strong> amb una freq\u00fc\u00e8ncia de 45 minuts entre cada autob\u00fas. El primer eixir\u00e0 a les 15.25 hores de\u00a0<span class=\"hiddenGrammarError\">la Avinguda<\/span>\u00a0Hispanitat 39, i anir\u00e0 cap al Poliesportiu on arribar\u00e0 a les 15.45 hores, tenint les seg\u00fcents parades: Mestre Laporta (Aules Verds); Na Saurina d\u2019Enten\u00e7a 69; Sant Tom\u00e0s, 15; pla\u00e7a Ram\u00f3n y Cajal i El Cam\u00ed, 68. En direcci\u00f3 de tornada passar\u00e0 al carrer Cavaller Merita, al costat del parc; Sant Nicolau, 65; pla\u00e7a d\u2019Espanya; Pont de Sant Jordi, 6; Alameda\u00a0<span class=\"hiddenSpellError\">Camilo<\/span>\u00a0Sesto, 86 i Cotes Baixes Carrer B, fins a tornar a l\u2019Avinguda Hispanitat. L&#8217;\u00faltim viatge eixir\u00e0 del poliesportiu a les 21 hores.<\/p>\n<p style=\"text-align: justify;\">Aquesta proposta <strong>fou plantejada en els Pressupostos Participatius del 2020<\/strong> i per aquest motiu el servei <strong>ser\u00e0 gratu\u00eft inicialment<\/strong> a l&#8217;estar cobert amb la partida que es va assignar per al projecte en l&#8217;esmentada iniciativa. De moment l&#8217;autob\u00fas <strong>funcionar\u00e0 amb car\u00e0cter pilot<\/strong> i si dona bon resultat <strong>ser\u00e0 incorporada aquesta l\u00ednia al nou contracte del bus urb\u00e0<\/strong> que ja est\u00e0 preparant l&#8217;Ajuntament d&#8217;Alcoi &#8220;<em>aquest servei permetr\u00e0 a molts esportistes de la ciutat, especialment als joves, poder anar a entrenar sense haver de dependre d&#8217;un adult que els haja de portar o recollir. A m\u00e9s afavorir\u00e0 la reducci\u00f3 de l&#8217;\u00fas del vehicle privat el que \u00e9s benefici\u00f3s per al medi ambient i l&#8217;Alcoi del dem\u00e0<\/em>&#8220;, comenta el regidor d&#8217;Esports;\u00a0<strong><span class=\"hiddenSpellError\">Alberto<\/span>\u00a0Belda<\/strong>.<\/p>\n<p style=\"text-align: justify;\">Cal assenyalar que representants i personal t\u00e8cnic de les regidories d&#8217;Esports, Democr\u00e0cia Participativa i Mobilitat<strong> van mantenir recentment una reuni\u00f3<\/strong> amb els clubs esportius de la ciutat. En aquesta van mostrar la seua conformitat amb les l\u00ednies i van proposar el canvi d&#8217;una parada, en concret la del pont Fernando Reig, que s&#8217;ha disposat tal com van sol\u00b7licitar.<\/p>\n","protected":false},"excerpt":{"rendered":"<p>Alcoi estrena servei de bus al Poliesportiu Francisco Laporta per a les vesprades. Aquest comen\u00e7ar\u00e0 a funcionar a partir del&#8230;<\/p>\n","protected":false},"author":1,"featured_media":92574,"comment_status":"open","ping_status":"open","sticky":false,"template":"","format":"standard","meta":{"footnotes":""},"categories":[6909,97,75,79],"tags":[160,1335,7777,10113],"class_list":["post-109647","post","type-post","status-publish","format-standard","has-post-thumbnail","hentry","category-actualidad","category-alcoy","category-noticias","category-politicayeconomia","tag-alcoi","tag-bus","tag-poliesportiu-municipal","tag-servei"],"yoast_head":"<!-- This site is optimized with the Yoast SEO plugin v27.3 - https:\/\/yoast.com\/product\/yoast-seo-wordpress\/ -->\n<title>El bus de vesprada al Poliesportiu d&#039;Alcoi arriba a partir de l&#039;1 de febrer - COPE Alcoy<\/title>\n<meta name=\"description\" content=\"Alcoi estrena servei de bus al Poliesportiu Francisco Laporta per a les vesprades i aquest comen\u00e7ar\u00e0 a funcionar l&#039;1 de gener\" \/>\n<meta name=\"robots\" content=\"index, follow, max-snippet:-1, max-image-preview:large, max-video-preview:-1\" \/>\n<link rel=\"canonical\" href=\"https:\/\/www.copealcoy.es\/es\/el-bus-de-vesprada-al-poliesportiu-dalcoi-arriba-a-partir-de-l1-de-febrer\/\" \/>\n<meta property=\"og:locale\" content=\"es_ES\" \/>\n<meta property=\"og:type\" content=\"article\" \/>\n<meta property=\"og:title\" content=\"El bus de vesprada al Poliesportiu d&#039;Alcoi arriba a partir de l&#039;1 de febrer - COPE Alcoy\" \/>\n<meta property=\"og:description\" content=\"Alcoi estrena servei de bus al Poliesportiu Francisco Laporta per a les vesprades i aquest comen\u00e7ar\u00e0 a funcionar l&#039;1 de gener\" \/>\n<meta property=\"og:url\" content=\"https:\/\/www.copealcoy.es\/es\/el-bus-de-vesprada-al-poliesportiu-dalcoi-arriba-a-partir-de-l1-de-febrer\/\" \/>\n<meta property=\"og:site_name\" content=\"COPE Alcoy\" \/>\n<meta property=\"article:published_time\" content=\"2023-01-30T11:00:16+00:00\" \/>\n<meta property=\"article:modified_time\" content=\"2023-01-30T11:41:43+00:00\" \/>\n<meta property=\"og:image\" content=\"https:\/\/www.copealcoy.es\/wp-content\/uploads\/2022\/10\/Autobus-alcoi-e1665073335269.jpg\" \/>\n\t<meta property=\"og:image:width\" content=\"640\" \/>\n\t<meta property=\"og:image:height\" content=\"480\" \/>\n\t<meta property=\"og:image:type\" content=\"image\/jpeg\" \/>\n<meta name=\"author\" content=\"Cope Alcoy\" \/>\n<meta name=\"twitter:label1\" content=\"Escrito por\" \/>\n\t<meta name=\"twitter:data1\" content=\"Cope Alcoy\" \/>\n\t<meta name=\"twitter:label2\" content=\"Tiempo de lectura\" \/>\n\t<meta name=\"twitter:data2\" content=\"2 minutos\" \/>\n<script type=\"application\/ld+json\" class=\"yoast-schema-graph\">{\"@context\":\"https:\\\/\\\/schema.org\",\"@graph\":[{\"@type\":\"Article\",\"@id\":\"https:\\\/\\\/www.copealcoy.es\\\/es\\\/el-bus-de-vesprada-al-poliesportiu-dalcoi-arriba-a-partir-de-l1-de-febrer\\\/#article\",\"isPartOf\":{\"@id\":\"https:\\\/\\\/www.copealcoy.es\\\/es\\\/el-bus-de-vesprada-al-poliesportiu-dalcoi-arriba-a-partir-de-l1-de-febrer\\\/\"},\"author\":{\"name\":\"Cope Alcoy\",\"@id\":\"https:\\\/\\\/www.copealcoy.es\\\/es\\\/#\\\/schema\\\/person\\\/e777c87fa024e57d40170af9df39882c\"},\"headline\":\"El bus de vesprada al Poliesportiu d&#8217;Alcoi arriba a partir de l&#8217;1 de febrer\",\"datePublished\":\"2023-01-30T11:00:16+00:00\",\"dateModified\":\"2023-01-30T11:41:43+00:00\",\"mainEntityOfPage\":{\"@id\":\"https:\\\/\\\/www.copealcoy.es\\\/es\\\/el-bus-de-vesprada-al-poliesportiu-dalcoi-arriba-a-partir-de-l1-de-febrer\\\/\"},\"wordCount\":476,\"commentCount\":0,\"image\":{\"@id\":\"https:\\\/\\\/www.copealcoy.es\\\/es\\\/el-bus-de-vesprada-al-poliesportiu-dalcoi-arriba-a-partir-de-l1-de-febrer\\\/#primaryimage\"},\"thumbnailUrl\":\"https:\\\/\\\/www.copealcoy.es\\\/wp-content\\\/uploads\\\/2022\\\/10\\\/Autobus-alcoi-e1665073335269.jpg\",\"keywords\":[\"Alcoi\",\"bus\",\"Poliesportiu Municipal\",\"servei\"],\"articleSection\":[\"Actualidad\",\"Alcoy\",\"Noticias\",\"Pol\u00edtica y Econom\u00eda\"],\"inLanguage\":\"es\"},{\"@type\":\"WebPage\",\"@id\":\"https:\\\/\\\/www.copealcoy.es\\\/es\\\/el-bus-de-vesprada-al-poliesportiu-dalcoi-arriba-a-partir-de-l1-de-febrer\\\/\",\"url\":\"https:\\\/\\\/www.copealcoy.es\\\/es\\\/el-bus-de-vesprada-al-poliesportiu-dalcoi-arriba-a-partir-de-l1-de-febrer\\\/\",\"name\":\"El bus de vesprada al Poliesportiu d'Alcoi arriba a partir de l'1 de febrer - COPE Alcoy\",\"isPartOf\":{\"@id\":\"https:\\\/\\\/www.copealcoy.es\\\/es\\\/#website\"},\"primaryImageOfPage\":{\"@id\":\"https:\\\/\\\/www.copealcoy.es\\\/es\\\/el-bus-de-vesprada-al-poliesportiu-dalcoi-arriba-a-partir-de-l1-de-febrer\\\/#primaryimage\"},\"image\":{\"@id\":\"https:\\\/\\\/www.copealcoy.es\\\/es\\\/el-bus-de-vesprada-al-poliesportiu-dalcoi-arriba-a-partir-de-l1-de-febrer\\\/#primaryimage\"},\"thumbnailUrl\":\"https:\\\/\\\/www.copealcoy.es\\\/wp-content\\\/uploads\\\/2022\\\/10\\\/Autobus-alcoi-e1665073335269.jpg\",\"datePublished\":\"2023-01-30T11:00:16+00:00\",\"dateModified\":\"2023-01-30T11:41:43+00:00\",\"author\":{\"@id\":\"https:\\\/\\\/www.copealcoy.es\\\/es\\\/#\\\/schema\\\/person\\\/e777c87fa024e57d40170af9df39882c\"},\"description\":\"Alcoi estrena servei de bus al Poliesportiu Francisco Laporta per a les vesprades i aquest comen\u00e7ar\u00e0 a funcionar l'1 de gener\",\"breadcrumb\":{\"@id\":\"https:\\\/\\\/www.copealcoy.es\\\/es\\\/el-bus-de-vesprada-al-poliesportiu-dalcoi-arriba-a-partir-de-l1-de-febrer\\\/#breadcrumb\"},\"inLanguage\":\"es\",\"potentialAction\":[{\"@type\":\"ReadAction\",\"target\":[\"https:\\\/\\\/www.copealcoy.es\\\/es\\\/el-bus-de-vesprada-al-poliesportiu-dalcoi-arriba-a-partir-de-l1-de-febrer\\\/\"]}]},{\"@type\":\"ImageObject\",\"inLanguage\":\"es\",\"@id\":\"https:\\\/\\\/www.copealcoy.es\\\/es\\\/el-bus-de-vesprada-al-poliesportiu-dalcoi-arriba-a-partir-de-l1-de-febrer\\\/#primaryimage\",\"url\":\"https:\\\/\\\/www.copealcoy.es\\\/wp-content\\\/uploads\\\/2022\\\/10\\\/Autobus-alcoi-e1665073335269.jpg\",\"contentUrl\":\"https:\\\/\\\/www.copealcoy.es\\\/wp-content\\\/uploads\\\/2022\\\/10\\\/Autobus-alcoi-e1665073335269.jpg\",\"width\":640,\"height\":480},{\"@type\":\"BreadcrumbList\",\"@id\":\"https:\\\/\\\/www.copealcoy.es\\\/es\\\/el-bus-de-vesprada-al-poliesportiu-dalcoi-arriba-a-partir-de-l1-de-febrer\\\/#breadcrumb\",\"itemListElement\":[{\"@type\":\"ListItem\",\"position\":1,\"name\":\"Portada\",\"item\":\"https:\\\/\\\/www.copealcoy.es\\\/es\\\/\"},{\"@type\":\"ListItem\",\"position\":2,\"name\":\"El bus de vesprada al Poliesportiu d&#8217;Alcoi arriba a partir de l&#8217;1 de febrer\"}]},{\"@type\":\"WebSite\",\"@id\":\"https:\\\/\\\/www.copealcoy.es\\\/es\\\/#website\",\"url\":\"https:\\\/\\\/www.copealcoy.es\\\/es\\\/\",\"name\":\"COPE Alcoy\",\"description\":\"Emisora COPE de radio local con emisi\u00f3n online. Pont de Sant Jordi 8-10 03803 Alcoy\",\"potentialAction\":[{\"@type\":\"SearchAction\",\"target\":{\"@type\":\"EntryPoint\",\"urlTemplate\":\"https:\\\/\\\/www.copealcoy.es\\\/es\\\/?s={search_term_string}\"},\"query-input\":{\"@type\":\"PropertyValueSpecification\",\"valueRequired\":true,\"valueName\":\"search_term_string\"}}],\"inLanguage\":\"es\"},{\"@type\":\"Person\",\"@id\":\"https:\\\/\\\/www.copealcoy.es\\\/es\\\/#\\\/schema\\\/person\\\/e777c87fa024e57d40170af9df39882c\",\"name\":\"Cope Alcoy\",\"image\":{\"@type\":\"ImageObject\",\"inLanguage\":\"es\",\"@id\":\"https:\\\/\\\/secure.gravatar.com\\\/avatar\\\/bb65d0283347e303893ba14f0692005417c1e0e690a325a4c5d8bb2b3943ee14?s=96&d=mm&r=g\",\"url\":\"https:\\\/\\\/secure.gravatar.com\\\/avatar\\\/bb65d0283347e303893ba14f0692005417c1e0e690a325a4c5d8bb2b3943ee14?s=96&d=mm&r=g\",\"contentUrl\":\"https:\\\/\\\/secure.gravatar.com\\\/avatar\\\/bb65d0283347e303893ba14f0692005417c1e0e690a325a4c5d8bb2b3943ee14?s=96&d=mm&r=g\",\"caption\":\"Cope Alcoy\"}}]}<\/script>\n<!-- \/ Yoast SEO plugin. -->","yoast_head_json":{"title":"El bus de vesprada al Poliesportiu d'Alcoi arriba a partir de l'1 de febrer - COPE Alcoy","description":"Alcoi estrena servei de bus al Poliesportiu Francisco Laporta per a les vesprades i aquest comen\u00e7ar\u00e0 a funcionar l'1 de gener","robots":{"index":"index","follow":"follow","max-snippet":"max-snippet:-1","max-image-preview":"max-image-preview:large","max-video-preview":"max-video-preview:-1"},"canonical":"https:\/\/www.copealcoy.es\/es\/el-bus-de-vesprada-al-poliesportiu-dalcoi-arriba-a-partir-de-l1-de-febrer\/","og_locale":"es_ES","og_type":"article","og_title":"El bus de vesprada al Poliesportiu d'Alcoi arriba a partir de l'1 de febrer - COPE Alcoy","og_description":"Alcoi estrena servei de bus al Poliesportiu Francisco Laporta per a les vesprades i aquest comen\u00e7ar\u00e0 a funcionar l'1 de gener","og_url":"https:\/\/www.copealcoy.es\/es\/el-bus-de-vesprada-al-poliesportiu-dalcoi-arriba-a-partir-de-l1-de-febrer\/","og_site_name":"COPE Alcoy","article_published_time":"2023-01-30T11:00:16+00:00","article_modified_time":"2023-01-30T11:41:43+00:00","og_image":[{"width":640,"height":480,"url":"https:\/\/www.copealcoy.es\/wp-content\/uploads\/2022\/10\/Autobus-alcoi-e1665073335269.jpg","type":"image\/jpeg"}],"author":"Cope Alcoy","twitter_misc":{"Escrito por":"Cope Alcoy","Tiempo de lectura":"2 minutos"},"schema":{"@context":"https:\/\/schema.org","@graph":[{"@type":"Article","@id":"https:\/\/www.copealcoy.es\/es\/el-bus-de-vesprada-al-poliesportiu-dalcoi-arriba-a-partir-de-l1-de-febrer\/#article","isPartOf":{"@id":"https:\/\/www.copealcoy.es\/es\/el-bus-de-vesprada-al-poliesportiu-dalcoi-arriba-a-partir-de-l1-de-febrer\/"},"author":{"name":"Cope Alcoy","@id":"https:\/\/www.copealcoy.es\/es\/#\/schema\/person\/e777c87fa024e57d40170af9df39882c"},"headline":"El bus de vesprada al Poliesportiu d&#8217;Alcoi arriba a partir de l&#8217;1 de febrer","datePublished":"2023-01-30T11:00:16+00:00","dateModified":"2023-01-30T11:41:43+00:00","mainEntityOfPage":{"@id":"https:\/\/www.copealcoy.es\/es\/el-bus-de-vesprada-al-poliesportiu-dalcoi-arriba-a-partir-de-l1-de-febrer\/"},"wordCount":476,"commentCount":0,"image":{"@id":"https:\/\/www.copealcoy.es\/es\/el-bus-de-vesprada-al-poliesportiu-dalcoi-arriba-a-partir-de-l1-de-febrer\/#primaryimage"},"thumbnailUrl":"https:\/\/www.copealcoy.es\/wp-content\/uploads\/2022\/10\/Autobus-alcoi-e1665073335269.jpg","keywords":["Alcoi","bus","Poliesportiu Municipal","servei"],"articleSection":["Actualidad","Alcoy","Noticias","Pol\u00edtica y Econom\u00eda"],"inLanguage":"es"},{"@type":"WebPage","@id":"https:\/\/www.copealcoy.es\/es\/el-bus-de-vesprada-al-poliesportiu-dalcoi-arriba-a-partir-de-l1-de-febrer\/","url":"https:\/\/www.copealcoy.es\/es\/el-bus-de-vesprada-al-poliesportiu-dalcoi-arriba-a-partir-de-l1-de-febrer\/","name":"El bus de vesprada al Poliesportiu d'Alcoi arriba a partir de l'1 de febrer - COPE Alcoy","isPartOf":{"@id":"https:\/\/www.copealcoy.es\/es\/#website"},"primaryImageOfPage":{"@id":"https:\/\/www.copealcoy.es\/es\/el-bus-de-vesprada-al-poliesportiu-dalcoi-arriba-a-partir-de-l1-de-febrer\/#primaryimage"},"image":{"@id":"https:\/\/www.copealcoy.es\/es\/el-bus-de-vesprada-al-poliesportiu-dalcoi-arriba-a-partir-de-l1-de-febrer\/#primaryimage"},"thumbnailUrl":"https:\/\/www.copealcoy.es\/wp-content\/uploads\/2022\/10\/Autobus-alcoi-e1665073335269.jpg","datePublished":"2023-01-30T11:00:16+00:00","dateModified":"2023-01-30T11:41:43+00:00","author":{"@id":"https:\/\/www.copealcoy.es\/es\/#\/schema\/person\/e777c87fa024e57d40170af9df39882c"},"description":"Alcoi estrena servei de bus al Poliesportiu Francisco Laporta per a les vesprades i aquest comen\u00e7ar\u00e0 a funcionar l'1 de gener","breadcrumb":{"@id":"https:\/\/www.copealcoy.es\/es\/el-bus-de-vesprada-al-poliesportiu-dalcoi-arriba-a-partir-de-l1-de-febrer\/#breadcrumb"},"inLanguage":"es","potentialAction":[{"@type":"ReadAction","target":["https:\/\/www.copealcoy.es\/es\/el-bus-de-vesprada-al-poliesportiu-dalcoi-arriba-a-partir-de-l1-de-febrer\/"]}]},{"@type":"ImageObject","inLanguage":"es","@id":"https:\/\/www.copealcoy.es\/es\/el-bus-de-vesprada-al-poliesportiu-dalcoi-arriba-a-partir-de-l1-de-febrer\/#primaryimage","url":"https:\/\/www.copealcoy.es\/wp-content\/uploads\/2022\/10\/Autobus-alcoi-e1665073335269.jpg","contentUrl":"https:\/\/www.copealcoy.es\/wp-content\/uploads\/2022\/10\/Autobus-alcoi-e1665073335269.jpg","width":640,"height":480},{"@type":"BreadcrumbList","@id":"https:\/\/www.copealcoy.es\/es\/el-bus-de-vesprada-al-poliesportiu-dalcoi-arriba-a-partir-de-l1-de-febrer\/#breadcrumb","itemListElement":[{"@type":"ListItem","position":1,"name":"Portada","item":"https:\/\/www.copealcoy.es\/es\/"},{"@type":"ListItem","position":2,"name":"El bus de vesprada al Poliesportiu d&#8217;Alcoi arriba a partir de l&#8217;1 de febrer"}]},{"@type":"WebSite","@id":"https:\/\/www.copealcoy.es\/es\/#website","url":"https:\/\/www.copealcoy.es\/es\/","name":"COPE Alcoy","description":"Emisora COPE de radio local con emisi\u00f3n online. Pont de Sant Jordi 8-10 03803 Alcoy","potentialAction":[{"@type":"SearchAction","target":{"@type":"EntryPoint","urlTemplate":"https:\/\/www.copealcoy.es\/es\/?s={search_term_string}"},"query-input":{"@type":"PropertyValueSpecification","valueRequired":true,"valueName":"search_term_string"}}],"inLanguage":"es"},{"@type":"Person","@id":"https:\/\/www.copealcoy.es\/es\/#\/schema\/person\/e777c87fa024e57d40170af9df39882c","name":"Cope Alcoy","image":{"@type":"ImageObject","inLanguage":"es","@id":"https:\/\/secure.gravatar.com\/avatar\/bb65d0283347e303893ba14f0692005417c1e0e690a325a4c5d8bb2b3943ee14?s=96&d=mm&r=g","url":"https:\/\/secure.gravatar.com\/avatar\/bb65d0283347e303893ba14f0692005417c1e0e690a325a4c5d8bb2b3943ee14?s=96&d=mm&r=g","contentUrl":"https:\/\/secure.gravatar.com\/avatar\/bb65d0283347e303893ba14f0692005417c1e0e690a325a4c5d8bb2b3943ee14?s=96&d=mm&r=g","caption":"Cope Alcoy"}}]}},"_links":{"self":[{"href":"https:\/\/www.copealcoy.es\/es\/wp-json\/wp\/v2\/posts\/109647","targetHints":{"allow":["GET"]}}],"collection":[{"href":"https:\/\/www.copealcoy.es\/es\/wp-json\/wp\/v2\/posts"}],"about":[{"href":"https:\/\/www.copealcoy.es\/es\/wp-json\/wp\/v2\/types\/post"}],"author":[{"embeddable":true,"href":"https:\/\/www.copealcoy.es\/es\/wp-json\/wp\/v2\/users\/1"}],"replies":[{"embeddable":true,"href":"https:\/\/www.copealcoy.es\/es\/wp-json\/wp\/v2\/comments?post=109647"}],"version-history":[{"count":0,"href":"https:\/\/www.copealcoy.es\/es\/wp-json\/wp\/v2\/posts\/109647\/revisions"}],"wp:featuredmedia":[{"embeddable":true,"href":"https:\/\/www.copealcoy.es\/es\/wp-json\/wp\/v2\/media\/92574"}],"wp:attachment":[{"href":"https:\/\/www.copealcoy.es\/es\/wp-json\/wp\/v2\/media?parent=109647"}],"wp:term":[{"taxonomy":"category","embeddable":true,"href":"https:\/\/www.copealcoy.es\/es\/wp-json\/wp\/v2\/categories?post=109647"},{"taxonomy":"post_tag","embeddable":true,"href":"https:\/\/www.copealcoy.es\/es\/wp-json\/wp\/v2\/tags?post=109647"}],"curies":[{"name":"wp","href":"https:\/\/api.w.org\/{rel}","templated":true}]}}