{"id":109591,"date":"2023-01-30T07:00:01","date_gmt":"2023-01-30T06:00:01","guid":{"rendered":"https:\/\/www.copealcoy.es\/?p=109591"},"modified":"2023-01-30T11:41:59","modified_gmt":"2023-01-30T10:41:59","slug":"robatori-a-ma-armada-a-un-bar-del-centre-dalcoi","status":"publish","type":"post","link":"https:\/\/www.copealcoy.es\/es\/robatori-a-ma-armada-a-un-bar-del-centre-dalcoi\/","title":{"rendered":"Robatori a m\u00e0 armada a un bar del Centre d&#8217;Alcoi"},"content":{"rendered":"<p style=\"text-align: justify;\">La passada setmana, el divendres 21 de gener, <strong>un conegut bar del centre d&#8217;Alcoi sofria un robatori<\/strong>. Els fets van tindre lloc prop de la una i mitja de la matinada, quan tres persones amb la cara tapada, una d&#8217;elles amb una pistola en la m\u00e0, entraren a l&#8217;establiment i amen\u00e7aren amb l&#8217;arma a una de les treballadores. En aquest moment, els empleats es trobaven arreplegant i netejant abans de tancar.<\/p>\n<p style=\"text-align: justify;\">Ells lladres es van fer amb la caixa registradora, de la qual <strong>es van emportar al voltant de 900 euros<\/strong> -els ingressos en efectiu de tota la setmana-, segons ha trascendit. Posteriorment, la treballadora amena\u00e7ada va tindre que ser atesa v\u00edctima d&#8217;un atac d&#8217;ansietat.<\/p>\n<p style=\"text-align: justify;\">En aquests moments, <strong>la investigaci\u00f3 segueix oberta<\/strong>. La <strong>Policia Nacional<\/strong>, qui est\u00e0 investigant els fets, arreplega imatges de les c\u00e0meres properes. Es creu que la pistola que va ser utilitzada \u00e9s simulada i que els lladres no s\u00f3n professionals.<\/p>\n","protected":false},"excerpt":{"rendered":"<p>La passada setmana, el divendres 21 de gener, un conegut bar del centre d&#8217;Alcoi sofria un robatori. Els fets van&#8230;<\/p>\n","protected":false},"author":1,"featured_media":109643,"comment_status":"open","ping_status":"open","sticky":false,"template":"","format":"standard","meta":{"footnotes":""},"categories":[6909,97,75,125],"tags":[160,13803,1836,13614],"class_list":["post-109591","post","type-post","status-publish","format-standard","has-post-thumbnail","hentry","category-actualidad","category-alcoy","category-noticias","category-portada","tag-alcoi","tag-atrac","tag-policia-nacional","tag-robatori"],"yoast_head":"<!-- This site is optimized with the Yoast SEO plugin v27.3 - https:\/\/yoast.com\/product\/yoast-seo-wordpress\/ -->\n<title>Robatori a m\u00e0 armada a un bar del Centre d&#039;Alcoi - COPE Alcoy<\/title>\n<meta name=\"description\" content=\"La passada setmana un conegut bar del centre d&#039;Alcoi sofria un robatori. Els fets van tindre lloc prop de la una i mitja de la matinada, quan tres persones amb la cara tapada, un d&#039;ells amb pistola en m\u00e0, entraren a l&#039;establiment i amen\u00e7aren amb l&#039;arma a una de les treballadores. En aquest moment, els empleats es trobaven arreplegant i netejant abans de tancar.\u00a0\" \/>\n<meta name=\"robots\" content=\"index, follow, max-snippet:-1, max-image-preview:large, max-video-preview:-1\" \/>\n<link rel=\"canonical\" href=\"https:\/\/www.copealcoy.es\/es\/robatori-a-ma-armada-a-un-bar-del-centre-dalcoi\/\" \/>\n<meta property=\"og:locale\" content=\"es_ES\" \/>\n<meta property=\"og:type\" content=\"article\" \/>\n<meta property=\"og:title\" content=\"Robatori a m\u00e0 armada a un bar del Centre d&#039;Alcoi - COPE Alcoy\" \/>\n<meta property=\"og:description\" content=\"La passada setmana un conegut bar del centre d&#039;Alcoi sofria un robatori. Els fets van tindre lloc prop de la una i mitja de la matinada, quan tres persones amb la cara tapada, un d&#039;ells amb pistola en m\u00e0, entraren a l&#039;establiment i amen\u00e7aren amb l&#039;arma a una de les treballadores. En aquest moment, els empleats es trobaven arreplegant i netejant abans de tancar.\u00a0\" \/>\n<meta property=\"og:url\" content=\"https:\/\/www.copealcoy.es\/es\/robatori-a-ma-armada-a-un-bar-del-centre-dalcoi\/\" \/>\n<meta property=\"og:site_name\" content=\"COPE Alcoy\" \/>\n<meta property=\"article:published_time\" content=\"2023-01-30T06:00:01+00:00\" \/>\n<meta property=\"article:modified_time\" content=\"2023-01-30T10:41:59+00:00\" \/>\n<meta property=\"og:image\" content=\"https:\/\/www.copealcoy.es\/wp-content\/uploads\/2023\/01\/unnamed-20-scaled-e1675075287162.jpg\" \/>\n\t<meta property=\"og:image:width\" content=\"640\" \/>\n\t<meta property=\"og:image:height\" content=\"436\" \/>\n\t<meta property=\"og:image:type\" content=\"image\/jpeg\" \/>\n<meta name=\"author\" content=\"Cope Alcoy\" \/>\n<meta name=\"twitter:label1\" content=\"Escrito por\" \/>\n\t<meta name=\"twitter:data1\" content=\"Cope Alcoy\" \/>\n\t<meta name=\"twitter:label2\" content=\"Tiempo de lectura\" \/>\n\t<meta name=\"twitter:data2\" content=\"1 minuto\" \/>\n<script type=\"application\/ld+json\" class=\"yoast-schema-graph\">{\"@context\":\"https:\\\/\\\/schema.org\",\"@graph\":[{\"@type\":\"Article\",\"@id\":\"https:\\\/\\\/www.copealcoy.es\\\/es\\\/robatori-a-ma-armada-a-un-bar-del-centre-dalcoi\\\/#article\",\"isPartOf\":{\"@id\":\"https:\\\/\\\/www.copealcoy.es\\\/es\\\/robatori-a-ma-armada-a-un-bar-del-centre-dalcoi\\\/\"},\"author\":{\"name\":\"Cope Alcoy\",\"@id\":\"https:\\\/\\\/www.copealcoy.es\\\/es\\\/#\\\/schema\\\/person\\\/e777c87fa024e57d40170af9df39882c\"},\"headline\":\"Robatori a m\u00e0 armada a un bar del Centre d&#8217;Alcoi\",\"datePublished\":\"2023-01-30T06:00:01+00:00\",\"dateModified\":\"2023-01-30T10:41:59+00:00\",\"mainEntityOfPage\":{\"@id\":\"https:\\\/\\\/www.copealcoy.es\\\/es\\\/robatori-a-ma-armada-a-un-bar-del-centre-dalcoi\\\/\"},\"wordCount\":174,\"commentCount\":0,\"image\":{\"@id\":\"https:\\\/\\\/www.copealcoy.es\\\/es\\\/robatori-a-ma-armada-a-un-bar-del-centre-dalcoi\\\/#primaryimage\"},\"thumbnailUrl\":\"https:\\\/\\\/www.copealcoy.es\\\/wp-content\\\/uploads\\\/2023\\\/01\\\/unnamed-20-scaled-e1675075287162.jpg\",\"keywords\":[\"Alcoi\",\"atrac\",\"Polic\u00eda Nacional\",\"robatori\"],\"articleSection\":[\"Actualidad\",\"Alcoy\",\"Noticias\",\"Portada\"],\"inLanguage\":\"es\"},{\"@type\":\"WebPage\",\"@id\":\"https:\\\/\\\/www.copealcoy.es\\\/es\\\/robatori-a-ma-armada-a-un-bar-del-centre-dalcoi\\\/\",\"url\":\"https:\\\/\\\/www.copealcoy.es\\\/es\\\/robatori-a-ma-armada-a-un-bar-del-centre-dalcoi\\\/\",\"name\":\"Robatori a m\u00e0 armada a un bar del Centre d'Alcoi - COPE Alcoy\",\"isPartOf\":{\"@id\":\"https:\\\/\\\/www.copealcoy.es\\\/es\\\/#website\"},\"primaryImageOfPage\":{\"@id\":\"https:\\\/\\\/www.copealcoy.es\\\/es\\\/robatori-a-ma-armada-a-un-bar-del-centre-dalcoi\\\/#primaryimage\"},\"image\":{\"@id\":\"https:\\\/\\\/www.copealcoy.es\\\/es\\\/robatori-a-ma-armada-a-un-bar-del-centre-dalcoi\\\/#primaryimage\"},\"thumbnailUrl\":\"https:\\\/\\\/www.copealcoy.es\\\/wp-content\\\/uploads\\\/2023\\\/01\\\/unnamed-20-scaled-e1675075287162.jpg\",\"datePublished\":\"2023-01-30T06:00:01+00:00\",\"dateModified\":\"2023-01-30T10:41:59+00:00\",\"author\":{\"@id\":\"https:\\\/\\\/www.copealcoy.es\\\/es\\\/#\\\/schema\\\/person\\\/e777c87fa024e57d40170af9df39882c\"},\"description\":\"La passada setmana un conegut bar del centre d'Alcoi sofria un robatori. Els fets van tindre lloc prop de la una i mitja de la matinada, quan tres persones amb la cara tapada, un d'ells amb pistola en m\u00e0, entraren a l'establiment i amen\u00e7aren amb l'arma a una de les treballadores. En aquest moment, els empleats es trobaven arreplegant i netejant abans de tancar.\u00a0\",\"breadcrumb\":{\"@id\":\"https:\\\/\\\/www.copealcoy.es\\\/es\\\/robatori-a-ma-armada-a-un-bar-del-centre-dalcoi\\\/#breadcrumb\"},\"inLanguage\":\"es\",\"potentialAction\":[{\"@type\":\"ReadAction\",\"target\":[\"https:\\\/\\\/www.copealcoy.es\\\/es\\\/robatori-a-ma-armada-a-un-bar-del-centre-dalcoi\\\/\"]}]},{\"@type\":\"ImageObject\",\"inLanguage\":\"es\",\"@id\":\"https:\\\/\\\/www.copealcoy.es\\\/es\\\/robatori-a-ma-armada-a-un-bar-del-centre-dalcoi\\\/#primaryimage\",\"url\":\"https:\\\/\\\/www.copealcoy.es\\\/wp-content\\\/uploads\\\/2023\\\/01\\\/unnamed-20-scaled-e1675075287162.jpg\",\"contentUrl\":\"https:\\\/\\\/www.copealcoy.es\\\/wp-content\\\/uploads\\\/2023\\\/01\\\/unnamed-20-scaled-e1675075287162.jpg\",\"width\":640,\"height\":436},{\"@type\":\"BreadcrumbList\",\"@id\":\"https:\\\/\\\/www.copealcoy.es\\\/es\\\/robatori-a-ma-armada-a-un-bar-del-centre-dalcoi\\\/#breadcrumb\",\"itemListElement\":[{\"@type\":\"ListItem\",\"position\":1,\"name\":\"Portada\",\"item\":\"https:\\\/\\\/www.copealcoy.es\\\/es\\\/\"},{\"@type\":\"ListItem\",\"position\":2,\"name\":\"Robatori a m\u00e0 armada a un bar del Centre d&#8217;Alcoi\"}]},{\"@type\":\"WebSite\",\"@id\":\"https:\\\/\\\/www.copealcoy.es\\\/es\\\/#website\",\"url\":\"https:\\\/\\\/www.copealcoy.es\\\/es\\\/\",\"name\":\"COPE Alcoy\",\"description\":\"Emisora COPE de radio local con emisi\u00f3n online. Pont de Sant Jordi 8-10 03803 Alcoy\",\"potentialAction\":[{\"@type\":\"SearchAction\",\"target\":{\"@type\":\"EntryPoint\",\"urlTemplate\":\"https:\\\/\\\/www.copealcoy.es\\\/es\\\/?s={search_term_string}\"},\"query-input\":{\"@type\":\"PropertyValueSpecification\",\"valueRequired\":true,\"valueName\":\"search_term_string\"}}],\"inLanguage\":\"es\"},{\"@type\":\"Person\",\"@id\":\"https:\\\/\\\/www.copealcoy.es\\\/es\\\/#\\\/schema\\\/person\\\/e777c87fa024e57d40170af9df39882c\",\"name\":\"Cope Alcoy\",\"image\":{\"@type\":\"ImageObject\",\"inLanguage\":\"es\",\"@id\":\"https:\\\/\\\/secure.gravatar.com\\\/avatar\\\/bb65d0283347e303893ba14f0692005417c1e0e690a325a4c5d8bb2b3943ee14?s=96&d=mm&r=g\",\"url\":\"https:\\\/\\\/secure.gravatar.com\\\/avatar\\\/bb65d0283347e303893ba14f0692005417c1e0e690a325a4c5d8bb2b3943ee14?s=96&d=mm&r=g\",\"contentUrl\":\"https:\\\/\\\/secure.gravatar.com\\\/avatar\\\/bb65d0283347e303893ba14f0692005417c1e0e690a325a4c5d8bb2b3943ee14?s=96&d=mm&r=g\",\"caption\":\"Cope Alcoy\"}}]}<\/script>\n<!-- \/ Yoast SEO plugin. -->","yoast_head_json":{"title":"Robatori a m\u00e0 armada a un bar del Centre d'Alcoi - COPE Alcoy","description":"La passada setmana un conegut bar del centre d'Alcoi sofria un robatori. Els fets van tindre lloc prop de la una i mitja de la matinada, quan tres persones amb la cara tapada, un d'ells amb pistola en m\u00e0, entraren a l'establiment i amen\u00e7aren amb l'arma a una de les treballadores. En aquest moment, els empleats es trobaven arreplegant i netejant abans de tancar.\u00a0","robots":{"index":"index","follow":"follow","max-snippet":"max-snippet:-1","max-image-preview":"max-image-preview:large","max-video-preview":"max-video-preview:-1"},"canonical":"https:\/\/www.copealcoy.es\/es\/robatori-a-ma-armada-a-un-bar-del-centre-dalcoi\/","og_locale":"es_ES","og_type":"article","og_title":"Robatori a m\u00e0 armada a un bar del Centre d'Alcoi - COPE Alcoy","og_description":"La passada setmana un conegut bar del centre d'Alcoi sofria un robatori. Els fets van tindre lloc prop de la una i mitja de la matinada, quan tres persones amb la cara tapada, un d'ells amb pistola en m\u00e0, entraren a l'establiment i amen\u00e7aren amb l'arma a una de les treballadores. En aquest moment, els empleats es trobaven arreplegant i netejant abans de tancar.\u00a0","og_url":"https:\/\/www.copealcoy.es\/es\/robatori-a-ma-armada-a-un-bar-del-centre-dalcoi\/","og_site_name":"COPE Alcoy","article_published_time":"2023-01-30T06:00:01+00:00","article_modified_time":"2023-01-30T10:41:59+00:00","og_image":[{"width":640,"height":436,"url":"https:\/\/www.copealcoy.es\/wp-content\/uploads\/2023\/01\/unnamed-20-scaled-e1675075287162.jpg","type":"image\/jpeg"}],"author":"Cope Alcoy","twitter_misc":{"Escrito por":"Cope Alcoy","Tiempo de lectura":"1 minuto"},"schema":{"@context":"https:\/\/schema.org","@graph":[{"@type":"Article","@id":"https:\/\/www.copealcoy.es\/es\/robatori-a-ma-armada-a-un-bar-del-centre-dalcoi\/#article","isPartOf":{"@id":"https:\/\/www.copealcoy.es\/es\/robatori-a-ma-armada-a-un-bar-del-centre-dalcoi\/"},"author":{"name":"Cope Alcoy","@id":"https:\/\/www.copealcoy.es\/es\/#\/schema\/person\/e777c87fa024e57d40170af9df39882c"},"headline":"Robatori a m\u00e0 armada a un bar del Centre d&#8217;Alcoi","datePublished":"2023-01-30T06:00:01+00:00","dateModified":"2023-01-30T10:41:59+00:00","mainEntityOfPage":{"@id":"https:\/\/www.copealcoy.es\/es\/robatori-a-ma-armada-a-un-bar-del-centre-dalcoi\/"},"wordCount":174,"commentCount":0,"image":{"@id":"https:\/\/www.copealcoy.es\/es\/robatori-a-ma-armada-a-un-bar-del-centre-dalcoi\/#primaryimage"},"thumbnailUrl":"https:\/\/www.copealcoy.es\/wp-content\/uploads\/2023\/01\/unnamed-20-scaled-e1675075287162.jpg","keywords":["Alcoi","atrac","Polic\u00eda Nacional","robatori"],"articleSection":["Actualidad","Alcoy","Noticias","Portada"],"inLanguage":"es"},{"@type":"WebPage","@id":"https:\/\/www.copealcoy.es\/es\/robatori-a-ma-armada-a-un-bar-del-centre-dalcoi\/","url":"https:\/\/www.copealcoy.es\/es\/robatori-a-ma-armada-a-un-bar-del-centre-dalcoi\/","name":"Robatori a m\u00e0 armada a un bar del Centre d'Alcoi - COPE Alcoy","isPartOf":{"@id":"https:\/\/www.copealcoy.es\/es\/#website"},"primaryImageOfPage":{"@id":"https:\/\/www.copealcoy.es\/es\/robatori-a-ma-armada-a-un-bar-del-centre-dalcoi\/#primaryimage"},"image":{"@id":"https:\/\/www.copealcoy.es\/es\/robatori-a-ma-armada-a-un-bar-del-centre-dalcoi\/#primaryimage"},"thumbnailUrl":"https:\/\/www.copealcoy.es\/wp-content\/uploads\/2023\/01\/unnamed-20-scaled-e1675075287162.jpg","datePublished":"2023-01-30T06:00:01+00:00","dateModified":"2023-01-30T10:41:59+00:00","author":{"@id":"https:\/\/www.copealcoy.es\/es\/#\/schema\/person\/e777c87fa024e57d40170af9df39882c"},"description":"La passada setmana un conegut bar del centre d'Alcoi sofria un robatori. Els fets van tindre lloc prop de la una i mitja de la matinada, quan tres persones amb la cara tapada, un d'ells amb pistola en m\u00e0, entraren a l'establiment i amen\u00e7aren amb l'arma a una de les treballadores. En aquest moment, els empleats es trobaven arreplegant i netejant abans de tancar.\u00a0","breadcrumb":{"@id":"https:\/\/www.copealcoy.es\/es\/robatori-a-ma-armada-a-un-bar-del-centre-dalcoi\/#breadcrumb"},"inLanguage":"es","potentialAction":[{"@type":"ReadAction","target":["https:\/\/www.copealcoy.es\/es\/robatori-a-ma-armada-a-un-bar-del-centre-dalcoi\/"]}]},{"@type":"ImageObject","inLanguage":"es","@id":"https:\/\/www.copealcoy.es\/es\/robatori-a-ma-armada-a-un-bar-del-centre-dalcoi\/#primaryimage","url":"https:\/\/www.copealcoy.es\/wp-content\/uploads\/2023\/01\/unnamed-20-scaled-e1675075287162.jpg","contentUrl":"https:\/\/www.copealcoy.es\/wp-content\/uploads\/2023\/01\/unnamed-20-scaled-e1675075287162.jpg","width":640,"height":436},{"@type":"BreadcrumbList","@id":"https:\/\/www.copealcoy.es\/es\/robatori-a-ma-armada-a-un-bar-del-centre-dalcoi\/#breadcrumb","itemListElement":[{"@type":"ListItem","position":1,"name":"Portada","item":"https:\/\/www.copealcoy.es\/es\/"},{"@type":"ListItem","position":2,"name":"Robatori a m\u00e0 armada a un bar del Centre d&#8217;Alcoi"}]},{"@type":"WebSite","@id":"https:\/\/www.copealcoy.es\/es\/#website","url":"https:\/\/www.copealcoy.es\/es\/","name":"COPE Alcoy","description":"Emisora COPE de radio local con emisi\u00f3n online. Pont de Sant Jordi 8-10 03803 Alcoy","potentialAction":[{"@type":"SearchAction","target":{"@type":"EntryPoint","urlTemplate":"https:\/\/www.copealcoy.es\/es\/?s={search_term_string}"},"query-input":{"@type":"PropertyValueSpecification","valueRequired":true,"valueName":"search_term_string"}}],"inLanguage":"es"},{"@type":"Person","@id":"https:\/\/www.copealcoy.es\/es\/#\/schema\/person\/e777c87fa024e57d40170af9df39882c","name":"Cope Alcoy","image":{"@type":"ImageObject","inLanguage":"es","@id":"https:\/\/secure.gravatar.com\/avatar\/bb65d0283347e303893ba14f0692005417c1e0e690a325a4c5d8bb2b3943ee14?s=96&d=mm&r=g","url":"https:\/\/secure.gravatar.com\/avatar\/bb65d0283347e303893ba14f0692005417c1e0e690a325a4c5d8bb2b3943ee14?s=96&d=mm&r=g","contentUrl":"https:\/\/secure.gravatar.com\/avatar\/bb65d0283347e303893ba14f0692005417c1e0e690a325a4c5d8bb2b3943ee14?s=96&d=mm&r=g","caption":"Cope Alcoy"}}]}},"_links":{"self":[{"href":"https:\/\/www.copealcoy.es\/es\/wp-json\/wp\/v2\/posts\/109591","targetHints":{"allow":["GET"]}}],"collection":[{"href":"https:\/\/www.copealcoy.es\/es\/wp-json\/wp\/v2\/posts"}],"about":[{"href":"https:\/\/www.copealcoy.es\/es\/wp-json\/wp\/v2\/types\/post"}],"author":[{"embeddable":true,"href":"https:\/\/www.copealcoy.es\/es\/wp-json\/wp\/v2\/users\/1"}],"replies":[{"embeddable":true,"href":"https:\/\/www.copealcoy.es\/es\/wp-json\/wp\/v2\/comments?post=109591"}],"version-history":[{"count":0,"href":"https:\/\/www.copealcoy.es\/es\/wp-json\/wp\/v2\/posts\/109591\/revisions"}],"wp:featuredmedia":[{"embeddable":true,"href":"https:\/\/www.copealcoy.es\/es\/wp-json\/wp\/v2\/media\/109643"}],"wp:attachment":[{"href":"https:\/\/www.copealcoy.es\/es\/wp-json\/wp\/v2\/media?parent=109591"}],"wp:term":[{"taxonomy":"category","embeddable":true,"href":"https:\/\/www.copealcoy.es\/es\/wp-json\/wp\/v2\/categories?post=109591"},{"taxonomy":"post_tag","embeddable":true,"href":"https:\/\/www.copealcoy.es\/es\/wp-json\/wp\/v2\/tags?post=109591"}],"curies":[{"name":"wp","href":"https:\/\/api.w.org\/{rel}","templated":true}]}}