{"id":109529,"date":"2023-01-27T11:00:58","date_gmt":"2023-01-27T10:00:58","guid":{"rendered":"https:\/\/www.copealcoy.es\/?p=109529"},"modified":"2023-01-27T11:55:18","modified_gmt":"2023-01-27T10:55:18","slug":"la-necessitat-de-solucions-per-a-la-industria-marca-els-premis-cambra-alcoi","status":"publish","type":"post","link":"https:\/\/www.copealcoy.es\/es\/la-necessitat-de-solucions-per-a-la-industria-marca-els-premis-cambra-alcoi\/","title":{"rendered":"La necessitat de solucions per a la ind\u00fastria marca els Premis Cambra Alcoi"},"content":{"rendered":"<p style=\"text-align: justify;\">La ind\u00fastria no deixa de ser not\u00edcia a la nostra ciutat. Com et cont\u00e0vem aquesta setmana en Cope Alcoi,<strong> <span style=\"color: #000080;\"><a style=\"color: #000080;\" href=\"https:\/\/www.copealcoy.es\/els-reptes-als-quals-senfronten-la-industria-i-el-turisme-dalcoi-en-2023\/\" target=\"_blank\" rel=\"noopener\">els empresaris no poden esperar m\u00e9s<\/a><\/span><\/strong>. Demanen solucions, amb urg\u00e8ncia, a una situaci\u00f3 que s&#8217;allarga cada vegada m\u00e9s en el temps i que pot posar en risc la principal via econ\u00f2mica de la nostra ciutat.<\/p>\n<p style=\"text-align: justify;\">&#8220;Hem de fer l&#8217;esfor\u00e7 per a liderar un projecte, m\u00e9s que necessari, urgent per al futur industrial de la nostra ciutat. Em referisc al desenvolupament del parc tecnol\u00f2gic i industrial que limita amb Ibi&#8221;, va demanar <strong>Pablo de Gracia<\/strong>, president de la <strong>Cambra de Comer\u00e7 d&#8217;Alcoi<\/strong>, en la seua intervenci\u00f3 durant el lliurament dels <strong>Premis Cambra Alcoi<\/strong>.<\/p>\n<p style=\"text-align: justify;\">I \u00e9s que aquest acte, celebrat al <strong>Cercle Industrial de la ciutat<\/strong>, va servir de pretext per a posar sobre la taula un dels principals reptes que t\u00e9 Alcoi en aquests moments: crear s\u00f2l industrial de qualitat. Es referia el president de la Cambra, precisament, a eixa <span style=\"color: #000080;\"><a style=\"color: #000080;\" href=\"https:\/\/www.copealcoy.es\/alcoi-podria-tindre-una-area-industrial-nova-de-mes-dun-milio-de-metres-quadrats\/\" target=\"_blank\" rel=\"noopener\">nova zona industrial que podria crear-se a la Canal Sud<\/a><\/span>.<\/p>\n<p style=\"text-align: justify;\">I, precisament seguint aquesta l\u00ednia de desenvolupar nous projectes, <strong>Toni Franc\u00e9s<\/strong>, alcalde d&#8217;Alcoi, va anunciar la <strong>creaci\u00f3 d&#8217;una oficina d&#8217;atracci\u00f3 d&#8217;inversions<\/strong>. &#8220;Nem a desenvolupar-la de la m\u00e0 de la Cambra. Ajudar\u00e0 a que tot eixe potencial que t\u00e9 la ciutat el puguem donar a con\u00e9ixer fora de les nostres fronteres&#8221;.<\/p>\n<p style=\"text-align: justify;\">A l&#8217;acte, a m\u00e9s de recon\u00e9ixer als premiats en les quatre categories, es va concedir la Medalla d\u2019Honor a\u00a0<strong>Enrique Rico<\/strong>, anterior president de la Cambra. Un guard\u00f3 que va ser entregat per <strong>Jos\u00e9 Luis Bonet<\/strong>, president de\u00a0<strong>C\u00e1mara de Comercio de Espa\u00f1a<\/strong>.<\/p>\n<p style=\"text-align: justify;\">Un lliurament que va reunir a membres del sector empresarial, de la pol\u00edtica local i del teixit social de la ciutat. I tamb\u00e9 assistiren al lliurament representants de la pol\u00edtica auton\u00f2mica com s\u00f3n <strong>Rafael Climent<\/strong>, conseller d&#8217;Economia Sostenible, i <strong>Carlos Maz\u00f3n<\/strong>, president de la Diputaci\u00f3 d&#8217;Alacant.<\/p>\n<div id='gallery-1' class='gallery galleryid-109529 gallery-columns-2 gallery-size-large'><figure class='gallery-item'>\n\t\t\t<div class='gallery-icon landscape'>\n\t\t\t\t<a href='https:\/\/www.copealcoy.es\/es\/la-necessitat-de-solucions-per-a-la-industria-marca-els-premis-cambra-alcoi\/img_9402\/'><img loading=\"lazy\" decoding=\"async\" width=\"980\" height=\"588\" src=\"https:\/\/www.copealcoy.es\/wp-content\/uploads\/2023\/01\/IMG_9402-980x588.jpg\" class=\"attachment-large size-large\" alt=\"\" aria-describedby=\"gallery-1-109534\" \/><\/a>\n\t\t\t<\/div>\n\t\t\t\t<figcaption class='wp-caption-text gallery-caption' id='gallery-1-109534'>\n\t\t\t\tPremis Cambra Alcoi\n\t\t\t\t<\/figcaption><\/figure><figure class='gallery-item'>\n\t\t\t<div class='gallery-icon landscape'>\n\t\t\t\t<a href='https:\/\/www.copealcoy.es\/es\/la-necessitat-de-solucions-per-a-la-industria-marca-els-premis-cambra-alcoi\/img_9400\/'><img loading=\"lazy\" decoding=\"async\" width=\"980\" height=\"588\" src=\"https:\/\/www.copealcoy.es\/wp-content\/uploads\/2023\/01\/IMG_9400-980x588.jpg\" class=\"attachment-large size-large\" alt=\"\" aria-describedby=\"gallery-1-109536\" \/><\/a>\n\t\t\t<\/div>\n\t\t\t\t<figcaption class='wp-caption-text gallery-caption' id='gallery-1-109536'>\n\t\t\t\tPremis Cambra Alcoi\n\t\t\t\t<\/figcaption><\/figure><figure class='gallery-item'>\n\t\t\t<div class='gallery-icon landscape'>\n\t\t\t\t<a href='https:\/\/www.copealcoy.es\/es\/la-necessitat-de-solucions-per-a-la-industria-marca-els-premis-cambra-alcoi\/img_9320\/'><img loading=\"lazy\" decoding=\"async\" width=\"980\" height=\"588\" src=\"https:\/\/www.copealcoy.es\/wp-content\/uploads\/2023\/01\/IMG_9320-980x588.jpg\" class=\"attachment-large size-large\" alt=\"\" aria-describedby=\"gallery-1-109538\" \/><\/a>\n\t\t\t<\/div>\n\t\t\t\t<figcaption class='wp-caption-text gallery-caption' id='gallery-1-109538'>\n\t\t\t\tPremis Cambra Alcoi\n\t\t\t\t<\/figcaption><\/figure><figure class='gallery-item'>\n\t\t\t<div class='gallery-icon landscape'>\n\t\t\t\t<a href='https:\/\/www.copealcoy.es\/es\/la-necessitat-de-solucions-per-a-la-industria-marca-els-premis-cambra-alcoi\/img_9407\/'><img loading=\"lazy\" decoding=\"async\" width=\"980\" height=\"588\" src=\"https:\/\/www.copealcoy.es\/wp-content\/uploads\/2023\/01\/IMG_9407-980x588.jpg\" class=\"attachment-large size-large\" alt=\"\" aria-describedby=\"gallery-1-109530\" \/><\/a>\n\t\t\t<\/div>\n\t\t\t\t<figcaption class='wp-caption-text gallery-caption' id='gallery-1-109530'>\n\t\t\t\tPremis Cambra Alcoi\n\t\t\t\t<\/figcaption><\/figure>\n\t\t<\/div>\n\n","protected":false},"excerpt":{"rendered":"<p>La ind\u00fastria no deixa de ser not\u00edcia a la nostra ciutat. Com et cont\u00e0vem aquesta setmana en Cope Alcoi, els&#8230;<\/p>\n","protected":false},"author":1,"featured_media":109530,"comment_status":"open","ping_status":"open","sticky":false,"template":"","format":"standard","meta":{"footnotes":""},"categories":[6909,97,75,79,125],"tags":[13797,7875,433,13798],"class_list":["post-109529","post","type-post","status-publish","format-standard","has-post-thumbnail","hentry","category-actualidad","category-alcoy","category-noticias","category-politicayeconomia","category-portada","tag-cambra-de-comerc-alcoi","tag-empreses","tag-industria","tag-premis-cambra-alcoi"],"yoast_head":"<!-- This site is optimized with the Yoast SEO plugin v27.3 - https:\/\/yoast.com\/product\/yoast-seo-wordpress\/ -->\n<title>La necessitat de solucions per a la ind\u00fastria marca els Premis Cambra Alcoi - COPE Alcoy<\/title>\n<meta name=\"description\" content=\"La ind\u00fastria no deixa de ser not\u00edcia a la nostra ciutat. Com et cont\u00e0vem aquesta setmana en Cope Alcoi, els empresaris no poden esperar m\u00e9s. Demanen solucions, amb urg\u00e8ncia, a una situaci\u00f3 que s&#039;allarga cada vegada m\u00e9s en el temps i que pot posar en risc la principal via econ\u00f2mica de la nostra ciutat.\" \/>\n<meta name=\"robots\" content=\"index, follow, max-snippet:-1, max-image-preview:large, max-video-preview:-1\" \/>\n<link rel=\"canonical\" href=\"https:\/\/www.copealcoy.es\/es\/la-necessitat-de-solucions-per-a-la-industria-marca-els-premis-cambra-alcoi\/\" \/>\n<meta property=\"og:locale\" content=\"es_ES\" \/>\n<meta property=\"og:type\" content=\"article\" \/>\n<meta property=\"og:title\" content=\"La necessitat de solucions per a la ind\u00fastria marca els Premis Cambra Alcoi - COPE Alcoy\" \/>\n<meta property=\"og:description\" content=\"La ind\u00fastria no deixa de ser not\u00edcia a la nostra ciutat. Com et cont\u00e0vem aquesta setmana en Cope Alcoi, els empresaris no poden esperar m\u00e9s. Demanen solucions, amb urg\u00e8ncia, a una situaci\u00f3 que s&#039;allarga cada vegada m\u00e9s en el temps i que pot posar en risc la principal via econ\u00f2mica de la nostra ciutat.\" \/>\n<meta property=\"og:url\" content=\"https:\/\/www.copealcoy.es\/es\/la-necessitat-de-solucions-per-a-la-industria-marca-els-premis-cambra-alcoi\/\" \/>\n<meta property=\"og:site_name\" content=\"COPE Alcoy\" \/>\n<meta property=\"article:published_time\" content=\"2023-01-27T10:00:58+00:00\" \/>\n<meta property=\"article:modified_time\" content=\"2023-01-27T10:55:18+00:00\" \/>\n<meta property=\"og:image\" content=\"https:\/\/www.copealcoy.es\/wp-content\/uploads\/2023\/01\/IMG_9407-scaled.jpg\" \/>\n\t<meta property=\"og:image:width\" content=\"1920\" \/>\n\t<meta property=\"og:image:height\" content=\"1280\" \/>\n\t<meta property=\"og:image:type\" content=\"image\/jpeg\" \/>\n<meta name=\"author\" content=\"Cope Alcoy\" \/>\n<meta name=\"twitter:label1\" content=\"Escrito por\" \/>\n\t<meta name=\"twitter:data1\" content=\"Cope Alcoy\" \/>\n\t<meta name=\"twitter:label2\" content=\"Tiempo de lectura\" \/>\n\t<meta name=\"twitter:data2\" content=\"2 minutos\" \/>\n<script type=\"application\/ld+json\" class=\"yoast-schema-graph\">{\"@context\":\"https:\\\/\\\/schema.org\",\"@graph\":[{\"@type\":\"Article\",\"@id\":\"https:\\\/\\\/www.copealcoy.es\\\/es\\\/la-necessitat-de-solucions-per-a-la-industria-marca-els-premis-cambra-alcoi\\\/#article\",\"isPartOf\":{\"@id\":\"https:\\\/\\\/www.copealcoy.es\\\/es\\\/la-necessitat-de-solucions-per-a-la-industria-marca-els-premis-cambra-alcoi\\\/\"},\"author\":{\"name\":\"Cope Alcoy\",\"@id\":\"https:\\\/\\\/www.copealcoy.es\\\/es\\\/#\\\/schema\\\/person\\\/e777c87fa024e57d40170af9df39882c\"},\"headline\":\"La necessitat de solucions per a la ind\u00fastria marca els Premis Cambra Alcoi\",\"datePublished\":\"2023-01-27T10:00:58+00:00\",\"dateModified\":\"2023-01-27T10:55:18+00:00\",\"mainEntityOfPage\":{\"@id\":\"https:\\\/\\\/www.copealcoy.es\\\/es\\\/la-necessitat-de-solucions-per-a-la-industria-marca-els-premis-cambra-alcoi\\\/\"},\"wordCount\":359,\"commentCount\":0,\"image\":{\"@id\":\"https:\\\/\\\/www.copealcoy.es\\\/es\\\/la-necessitat-de-solucions-per-a-la-industria-marca-els-premis-cambra-alcoi\\\/#primaryimage\"},\"thumbnailUrl\":\"https:\\\/\\\/www.copealcoy.es\\\/wp-content\\\/uploads\\\/2023\\\/01\\\/IMG_9407-scaled.jpg\",\"keywords\":[\"Cambra de Comer\u00e7 Alcoi\",\"empreses\",\"Industria\",\"Premis Cambra Alcoi\"],\"articleSection\":[\"Actualidad\",\"Alcoy\",\"Noticias\",\"Pol\u00edtica y Econom\u00eda\",\"Portada\"],\"inLanguage\":\"es\"},{\"@type\":\"WebPage\",\"@id\":\"https:\\\/\\\/www.copealcoy.es\\\/es\\\/la-necessitat-de-solucions-per-a-la-industria-marca-els-premis-cambra-alcoi\\\/\",\"url\":\"https:\\\/\\\/www.copealcoy.es\\\/es\\\/la-necessitat-de-solucions-per-a-la-industria-marca-els-premis-cambra-alcoi\\\/\",\"name\":\"La necessitat de solucions per a la ind\u00fastria marca els Premis Cambra Alcoi - COPE Alcoy\",\"isPartOf\":{\"@id\":\"https:\\\/\\\/www.copealcoy.es\\\/es\\\/#website\"},\"primaryImageOfPage\":{\"@id\":\"https:\\\/\\\/www.copealcoy.es\\\/es\\\/la-necessitat-de-solucions-per-a-la-industria-marca-els-premis-cambra-alcoi\\\/#primaryimage\"},\"image\":{\"@id\":\"https:\\\/\\\/www.copealcoy.es\\\/es\\\/la-necessitat-de-solucions-per-a-la-industria-marca-els-premis-cambra-alcoi\\\/#primaryimage\"},\"thumbnailUrl\":\"https:\\\/\\\/www.copealcoy.es\\\/wp-content\\\/uploads\\\/2023\\\/01\\\/IMG_9407-scaled.jpg\",\"datePublished\":\"2023-01-27T10:00:58+00:00\",\"dateModified\":\"2023-01-27T10:55:18+00:00\",\"author\":{\"@id\":\"https:\\\/\\\/www.copealcoy.es\\\/es\\\/#\\\/schema\\\/person\\\/e777c87fa024e57d40170af9df39882c\"},\"description\":\"La ind\u00fastria no deixa de ser not\u00edcia a la nostra ciutat. Com et cont\u00e0vem aquesta setmana en Cope Alcoi, els empresaris no poden esperar m\u00e9s. Demanen solucions, amb urg\u00e8ncia, a una situaci\u00f3 que s'allarga cada vegada m\u00e9s en el temps i que pot posar en risc la principal via econ\u00f2mica de la nostra ciutat.\",\"breadcrumb\":{\"@id\":\"https:\\\/\\\/www.copealcoy.es\\\/es\\\/la-necessitat-de-solucions-per-a-la-industria-marca-els-premis-cambra-alcoi\\\/#breadcrumb\"},\"inLanguage\":\"es\",\"potentialAction\":[{\"@type\":\"ReadAction\",\"target\":[\"https:\\\/\\\/www.copealcoy.es\\\/es\\\/la-necessitat-de-solucions-per-a-la-industria-marca-els-premis-cambra-alcoi\\\/\"]}]},{\"@type\":\"ImageObject\",\"inLanguage\":\"es\",\"@id\":\"https:\\\/\\\/www.copealcoy.es\\\/es\\\/la-necessitat-de-solucions-per-a-la-industria-marca-els-premis-cambra-alcoi\\\/#primaryimage\",\"url\":\"https:\\\/\\\/www.copealcoy.es\\\/wp-content\\\/uploads\\\/2023\\\/01\\\/IMG_9407-scaled.jpg\",\"contentUrl\":\"https:\\\/\\\/www.copealcoy.es\\\/wp-content\\\/uploads\\\/2023\\\/01\\\/IMG_9407-scaled.jpg\",\"width\":1920,\"height\":1280,\"caption\":\"Premis Cambra Alcoi\"},{\"@type\":\"BreadcrumbList\",\"@id\":\"https:\\\/\\\/www.copealcoy.es\\\/es\\\/la-necessitat-de-solucions-per-a-la-industria-marca-els-premis-cambra-alcoi\\\/#breadcrumb\",\"itemListElement\":[{\"@type\":\"ListItem\",\"position\":1,\"name\":\"Portada\",\"item\":\"https:\\\/\\\/www.copealcoy.es\\\/es\\\/\"},{\"@type\":\"ListItem\",\"position\":2,\"name\":\"La necessitat de solucions per a la ind\u00fastria marca els Premis Cambra Alcoi\"}]},{\"@type\":\"WebSite\",\"@id\":\"https:\\\/\\\/www.copealcoy.es\\\/es\\\/#website\",\"url\":\"https:\\\/\\\/www.copealcoy.es\\\/es\\\/\",\"name\":\"COPE Alcoy\",\"description\":\"Emisora COPE de radio local con emisi\u00f3n online. Pont de Sant Jordi 8-10 03803 Alcoy\",\"potentialAction\":[{\"@type\":\"SearchAction\",\"target\":{\"@type\":\"EntryPoint\",\"urlTemplate\":\"https:\\\/\\\/www.copealcoy.es\\\/es\\\/?s={search_term_string}\"},\"query-input\":{\"@type\":\"PropertyValueSpecification\",\"valueRequired\":true,\"valueName\":\"search_term_string\"}}],\"inLanguage\":\"es\"},{\"@type\":\"Person\",\"@id\":\"https:\\\/\\\/www.copealcoy.es\\\/es\\\/#\\\/schema\\\/person\\\/e777c87fa024e57d40170af9df39882c\",\"name\":\"Cope Alcoy\",\"image\":{\"@type\":\"ImageObject\",\"inLanguage\":\"es\",\"@id\":\"https:\\\/\\\/secure.gravatar.com\\\/avatar\\\/bb65d0283347e303893ba14f0692005417c1e0e690a325a4c5d8bb2b3943ee14?s=96&d=mm&r=g\",\"url\":\"https:\\\/\\\/secure.gravatar.com\\\/avatar\\\/bb65d0283347e303893ba14f0692005417c1e0e690a325a4c5d8bb2b3943ee14?s=96&d=mm&r=g\",\"contentUrl\":\"https:\\\/\\\/secure.gravatar.com\\\/avatar\\\/bb65d0283347e303893ba14f0692005417c1e0e690a325a4c5d8bb2b3943ee14?s=96&d=mm&r=g\",\"caption\":\"Cope Alcoy\"}}]}<\/script>\n<!-- \/ Yoast SEO plugin. -->","yoast_head_json":{"title":"La necessitat de solucions per a la ind\u00fastria marca els Premis Cambra Alcoi - COPE Alcoy","description":"La ind\u00fastria no deixa de ser not\u00edcia a la nostra ciutat. Com et cont\u00e0vem aquesta setmana en Cope Alcoi, els empresaris no poden esperar m\u00e9s. Demanen solucions, amb urg\u00e8ncia, a una situaci\u00f3 que s'allarga cada vegada m\u00e9s en el temps i que pot posar en risc la principal via econ\u00f2mica de la nostra ciutat.","robots":{"index":"index","follow":"follow","max-snippet":"max-snippet:-1","max-image-preview":"max-image-preview:large","max-video-preview":"max-video-preview:-1"},"canonical":"https:\/\/www.copealcoy.es\/es\/la-necessitat-de-solucions-per-a-la-industria-marca-els-premis-cambra-alcoi\/","og_locale":"es_ES","og_type":"article","og_title":"La necessitat de solucions per a la ind\u00fastria marca els Premis Cambra Alcoi - COPE Alcoy","og_description":"La ind\u00fastria no deixa de ser not\u00edcia a la nostra ciutat. Com et cont\u00e0vem aquesta setmana en Cope Alcoi, els empresaris no poden esperar m\u00e9s. Demanen solucions, amb urg\u00e8ncia, a una situaci\u00f3 que s'allarga cada vegada m\u00e9s en el temps i que pot posar en risc la principal via econ\u00f2mica de la nostra ciutat.","og_url":"https:\/\/www.copealcoy.es\/es\/la-necessitat-de-solucions-per-a-la-industria-marca-els-premis-cambra-alcoi\/","og_site_name":"COPE Alcoy","article_published_time":"2023-01-27T10:00:58+00:00","article_modified_time":"2023-01-27T10:55:18+00:00","og_image":[{"width":1920,"height":1280,"url":"https:\/\/www.copealcoy.es\/wp-content\/uploads\/2023\/01\/IMG_9407-scaled.jpg","type":"image\/jpeg"}],"author":"Cope Alcoy","twitter_misc":{"Escrito por":"Cope Alcoy","Tiempo de lectura":"2 minutos"},"schema":{"@context":"https:\/\/schema.org","@graph":[{"@type":"Article","@id":"https:\/\/www.copealcoy.es\/es\/la-necessitat-de-solucions-per-a-la-industria-marca-els-premis-cambra-alcoi\/#article","isPartOf":{"@id":"https:\/\/www.copealcoy.es\/es\/la-necessitat-de-solucions-per-a-la-industria-marca-els-premis-cambra-alcoi\/"},"author":{"name":"Cope Alcoy","@id":"https:\/\/www.copealcoy.es\/es\/#\/schema\/person\/e777c87fa024e57d40170af9df39882c"},"headline":"La necessitat de solucions per a la ind\u00fastria marca els Premis Cambra Alcoi","datePublished":"2023-01-27T10:00:58+00:00","dateModified":"2023-01-27T10:55:18+00:00","mainEntityOfPage":{"@id":"https:\/\/www.copealcoy.es\/es\/la-necessitat-de-solucions-per-a-la-industria-marca-els-premis-cambra-alcoi\/"},"wordCount":359,"commentCount":0,"image":{"@id":"https:\/\/www.copealcoy.es\/es\/la-necessitat-de-solucions-per-a-la-industria-marca-els-premis-cambra-alcoi\/#primaryimage"},"thumbnailUrl":"https:\/\/www.copealcoy.es\/wp-content\/uploads\/2023\/01\/IMG_9407-scaled.jpg","keywords":["Cambra de Comer\u00e7 Alcoi","empreses","Industria","Premis Cambra Alcoi"],"articleSection":["Actualidad","Alcoy","Noticias","Pol\u00edtica y Econom\u00eda","Portada"],"inLanguage":"es"},{"@type":"WebPage","@id":"https:\/\/www.copealcoy.es\/es\/la-necessitat-de-solucions-per-a-la-industria-marca-els-premis-cambra-alcoi\/","url":"https:\/\/www.copealcoy.es\/es\/la-necessitat-de-solucions-per-a-la-industria-marca-els-premis-cambra-alcoi\/","name":"La necessitat de solucions per a la ind\u00fastria marca els Premis Cambra Alcoi - COPE Alcoy","isPartOf":{"@id":"https:\/\/www.copealcoy.es\/es\/#website"},"primaryImageOfPage":{"@id":"https:\/\/www.copealcoy.es\/es\/la-necessitat-de-solucions-per-a-la-industria-marca-els-premis-cambra-alcoi\/#primaryimage"},"image":{"@id":"https:\/\/www.copealcoy.es\/es\/la-necessitat-de-solucions-per-a-la-industria-marca-els-premis-cambra-alcoi\/#primaryimage"},"thumbnailUrl":"https:\/\/www.copealcoy.es\/wp-content\/uploads\/2023\/01\/IMG_9407-scaled.jpg","datePublished":"2023-01-27T10:00:58+00:00","dateModified":"2023-01-27T10:55:18+00:00","author":{"@id":"https:\/\/www.copealcoy.es\/es\/#\/schema\/person\/e777c87fa024e57d40170af9df39882c"},"description":"La ind\u00fastria no deixa de ser not\u00edcia a la nostra ciutat. Com et cont\u00e0vem aquesta setmana en Cope Alcoi, els empresaris no poden esperar m\u00e9s. Demanen solucions, amb urg\u00e8ncia, a una situaci\u00f3 que s'allarga cada vegada m\u00e9s en el temps i que pot posar en risc la principal via econ\u00f2mica de la nostra ciutat.","breadcrumb":{"@id":"https:\/\/www.copealcoy.es\/es\/la-necessitat-de-solucions-per-a-la-industria-marca-els-premis-cambra-alcoi\/#breadcrumb"},"inLanguage":"es","potentialAction":[{"@type":"ReadAction","target":["https:\/\/www.copealcoy.es\/es\/la-necessitat-de-solucions-per-a-la-industria-marca-els-premis-cambra-alcoi\/"]}]},{"@type":"ImageObject","inLanguage":"es","@id":"https:\/\/www.copealcoy.es\/es\/la-necessitat-de-solucions-per-a-la-industria-marca-els-premis-cambra-alcoi\/#primaryimage","url":"https:\/\/www.copealcoy.es\/wp-content\/uploads\/2023\/01\/IMG_9407-scaled.jpg","contentUrl":"https:\/\/www.copealcoy.es\/wp-content\/uploads\/2023\/01\/IMG_9407-scaled.jpg","width":1920,"height":1280,"caption":"Premis Cambra Alcoi"},{"@type":"BreadcrumbList","@id":"https:\/\/www.copealcoy.es\/es\/la-necessitat-de-solucions-per-a-la-industria-marca-els-premis-cambra-alcoi\/#breadcrumb","itemListElement":[{"@type":"ListItem","position":1,"name":"Portada","item":"https:\/\/www.copealcoy.es\/es\/"},{"@type":"ListItem","position":2,"name":"La necessitat de solucions per a la ind\u00fastria marca els Premis Cambra Alcoi"}]},{"@type":"WebSite","@id":"https:\/\/www.copealcoy.es\/es\/#website","url":"https:\/\/www.copealcoy.es\/es\/","name":"COPE Alcoy","description":"Emisora COPE de radio local con emisi\u00f3n online. Pont de Sant Jordi 8-10 03803 Alcoy","potentialAction":[{"@type":"SearchAction","target":{"@type":"EntryPoint","urlTemplate":"https:\/\/www.copealcoy.es\/es\/?s={search_term_string}"},"query-input":{"@type":"PropertyValueSpecification","valueRequired":true,"valueName":"search_term_string"}}],"inLanguage":"es"},{"@type":"Person","@id":"https:\/\/www.copealcoy.es\/es\/#\/schema\/person\/e777c87fa024e57d40170af9df39882c","name":"Cope Alcoy","image":{"@type":"ImageObject","inLanguage":"es","@id":"https:\/\/secure.gravatar.com\/avatar\/bb65d0283347e303893ba14f0692005417c1e0e690a325a4c5d8bb2b3943ee14?s=96&d=mm&r=g","url":"https:\/\/secure.gravatar.com\/avatar\/bb65d0283347e303893ba14f0692005417c1e0e690a325a4c5d8bb2b3943ee14?s=96&d=mm&r=g","contentUrl":"https:\/\/secure.gravatar.com\/avatar\/bb65d0283347e303893ba14f0692005417c1e0e690a325a4c5d8bb2b3943ee14?s=96&d=mm&r=g","caption":"Cope Alcoy"}}]}},"_links":{"self":[{"href":"https:\/\/www.copealcoy.es\/es\/wp-json\/wp\/v2\/posts\/109529","targetHints":{"allow":["GET"]}}],"collection":[{"href":"https:\/\/www.copealcoy.es\/es\/wp-json\/wp\/v2\/posts"}],"about":[{"href":"https:\/\/www.copealcoy.es\/es\/wp-json\/wp\/v2\/types\/post"}],"author":[{"embeddable":true,"href":"https:\/\/www.copealcoy.es\/es\/wp-json\/wp\/v2\/users\/1"}],"replies":[{"embeddable":true,"href":"https:\/\/www.copealcoy.es\/es\/wp-json\/wp\/v2\/comments?post=109529"}],"version-history":[{"count":0,"href":"https:\/\/www.copealcoy.es\/es\/wp-json\/wp\/v2\/posts\/109529\/revisions"}],"wp:featuredmedia":[{"embeddable":true,"href":"https:\/\/www.copealcoy.es\/es\/wp-json\/wp\/v2\/media\/109530"}],"wp:attachment":[{"href":"https:\/\/www.copealcoy.es\/es\/wp-json\/wp\/v2\/media?parent=109529"}],"wp:term":[{"taxonomy":"category","embeddable":true,"href":"https:\/\/www.copealcoy.es\/es\/wp-json\/wp\/v2\/categories?post=109529"},{"taxonomy":"post_tag","embeddable":true,"href":"https:\/\/www.copealcoy.es\/es\/wp-json\/wp\/v2\/tags?post=109529"}],"curies":[{"name":"wp","href":"https:\/\/api.w.org\/{rel}","templated":true}]}}