{"id":109462,"date":"2023-01-26T08:00:53","date_gmt":"2023-01-26T07:00:53","guid":{"rendered":"https:\/\/www.copealcoy.es\/?p=109462"},"modified":"2023-01-26T10:39:49","modified_gmt":"2023-01-26T09:39:49","slug":"reclamen-al-consell-punts-demergencia-en-arees-forestals-del-comtat","status":"publish","type":"post","link":"https:\/\/www.copealcoy.es\/es\/reclamen-al-consell-punts-demergencia-en-arees-forestals-del-comtat\/","title":{"rendered":"Reclamen al Consell punts d&#8217;emerg\u00e8ncia en \u00e0rees forestals del Comtat"},"content":{"rendered":"<p style=\"text-align: justify;\">Alcaldes i portaveus del <a href=\"https:\/\/alicantepp.es\/\" target=\"_blank\" rel=\"noopener\"><strong><span style=\"color: #0000ff;\">Partit Popular<\/span> <\/strong><\/a>de les comarques de l&#8217;Alcoi\u00e0 i El Comtat <strong>s&#8217;han unit per a exigir al Consell la creaci\u00f3 en la zona de la muntanya de punts d&#8217;emerg\u00e8ncia<\/strong>. Aquesta iniciativa persegueix <strong>la posada en marxa de les eines necess\u00e0ries per a lluitar d&#8217;una manera m\u00e9s efica\u00e7 contra incendis<\/strong> com el que va arrasar el passat estiu la zona de la Vall d&#8217;Ebo.<\/p>\n<p style=\"text-align: justify;\">A la trobada van acudir tamb\u00e9 els alcaldes de <strong>Benifallim<\/strong>, Jos\u00e9 Carlos Barrachina; de <strong>Tollos<\/strong>, F\u00e9lix Frau; de <strong>Planes<\/strong>, Javier Sendra; de <strong>Benimassot<\/strong>, Rafael Cano i de <strong>Famorca<\/strong>, Vicente Antonio Ruiz. A m\u00e9s van ser presents la tinenta alcaldessa <strong>d&#8217;Agres<\/strong>, Mar\u00eda Garc\u00eda; <strong>el diputat provincial<\/strong> Jos\u00e9 Ram\u00f3n Gonz\u00e1lez de Z\u00e1rate i <strong>el candidat a l&#8217;alcaldia d&#8217;Alcoi<\/strong>, Carlos Pastor.<\/p>\n<p style=\"text-align: justify;\">El Diputat Auton\u00f2mic dels populars, <strong>Nando Pastor<\/strong>, ha insistit en la necessitat de desenvolupar un projecte d&#8217;aquestes caracter\u00edstiques. A m\u00e9s assegura que \u201c<em>a conseq\u00fc\u00e8ncia dels incendis d&#8217;aquest estiu els alcaldes i portaveus han detectat unes mancances quant a infraestructures m\u00ednimes, per aix\u00f2 proposen que la Generalitat execute infraestructures, punts d&#8217;emerg\u00e8ncia com a eines \u00fatils per a combatre millor el foc<\/em>\u201d, ha indicat sobre aquest tema. En aquestes zones d&#8217;emerg\u00e8ncia, <strong>continua Pastor <\/strong>\u201c<em>s&#8217;haurien d&#8217;incloure punts amb l&#8217;adequada pressi\u00f3 d&#8217;aigua perqu\u00e8 els vehicles d&#8217;emerg\u00e8ncia puguen omplir els dep\u00f2sits en cas d&#8217;incendi. Tamb\u00e9 s&#8217;han de contemplar dep\u00f2sits perqu\u00e8 els helic\u00f2pters carreguen aigua sense despla\u00e7ar-se a altres llocs i no perdre m\u00e9s temps, aix\u00ed com altres mesures que resulten eficaces en cas d&#8217;incendi<\/em>\u201d, afirma. Finalment ha remarcat que aquestes peticions \u201c<em>es canalitzaran a trav\u00e9s d&#8217;una proposici\u00f3 no de llei a les Corts Valencianes per a exigir al Consell una actuaci\u00f3 urgent en aquest sentit<\/em>\u201d, conclou Nando Pastor.<\/p>\n<p style=\"text-align: justify;\">Finalment el diputat provincial <strong>Jos\u00e9 Ram\u00f3n Gonz\u00e1lez de Z\u00e1rate<\/strong> ha recordat que la mateixa Diputaci\u00f3, que presideix Carlos Maz\u00f3n, ja ha comen\u00e7at a treballar en aquest sentit. A m\u00e9s ha insistit que siga la Generalitat Valenciana <strong>la que pose en marxa<\/strong> aquests punts d&#8217;emerg\u00e8ncia.<\/p>\n","protected":false},"excerpt":{"rendered":"<p>Alcaldes i portaveus del Partit Popular de les comarques de l&#8217;Alcoi\u00e0 i El Comtat s&#8217;han unit per a exigir al&#8230;<\/p>\n","protected":false},"author":1,"featured_media":109463,"comment_status":"open","ping_status":"open","sticky":false,"template":"","format":"standard","meta":{"footnotes":""},"categories":[6909,98,75],"tags":[160,482,237,13791,7869],"class_list":["post-109462","post","type-post","status-publish","format-standard","has-post-thumbnail","hentry","category-actualidad","category-comarcas","category-noticias","tag-alcoi","tag-alcoia","tag-comtat","tag-prevencio-incendis","tag-reunio"],"yoast_head":"<!-- This site is optimized with the Yoast SEO plugin v27.3 - https:\/\/yoast.com\/product\/yoast-seo-wordpress\/ -->\n<title>Reclamen al Consell punts d&#039;emerg\u00e8ncia en \u00e0rees forestals del Comtat - COPE Alcoy<\/title>\n<meta name=\"description\" content=\"Alcaldes i portaveus del PP de la comarca s&#039;han unit per a exigir al Consell la creaci\u00f3 en la zona de la muntanya de punts d&#039;emerg\u00e8ncia\" \/>\n<meta name=\"robots\" content=\"index, follow, max-snippet:-1, max-image-preview:large, max-video-preview:-1\" \/>\n<link rel=\"canonical\" href=\"https:\/\/www.copealcoy.es\/es\/reclamen-al-consell-punts-demergencia-en-arees-forestals-del-comtat\/\" \/>\n<meta property=\"og:locale\" content=\"es_ES\" \/>\n<meta property=\"og:type\" content=\"article\" \/>\n<meta property=\"og:title\" content=\"Reclamen al Consell punts d&#039;emerg\u00e8ncia en \u00e0rees forestals del Comtat - COPE Alcoy\" \/>\n<meta property=\"og:description\" content=\"Alcaldes i portaveus del PP de la comarca s&#039;han unit per a exigir al Consell la creaci\u00f3 en la zona de la muntanya de punts d&#039;emerg\u00e8ncia\" \/>\n<meta property=\"og:url\" content=\"https:\/\/www.copealcoy.es\/es\/reclamen-al-consell-punts-demergencia-en-arees-forestals-del-comtat\/\" \/>\n<meta property=\"og:site_name\" content=\"COPE Alcoy\" \/>\n<meta property=\"article:published_time\" content=\"2023-01-26T07:00:53+00:00\" \/>\n<meta property=\"article:modified_time\" content=\"2023-01-26T09:39:49+00:00\" \/>\n<meta property=\"og:image\" content=\"https:\/\/www.copealcoy.es\/wp-content\/uploads\/2023\/01\/Foto-alcaldes-e1674723917922.jpeg\" \/>\n\t<meta property=\"og:image:width\" content=\"640\" \/>\n\t<meta property=\"og:image:height\" content=\"480\" \/>\n\t<meta property=\"og:image:type\" content=\"image\/jpeg\" \/>\n<meta name=\"author\" content=\"Cope Alcoy\" \/>\n<meta name=\"twitter:label1\" content=\"Escrito por\" \/>\n\t<meta name=\"twitter:data1\" content=\"Cope Alcoy\" \/>\n\t<meta name=\"twitter:label2\" content=\"Tiempo de lectura\" \/>\n\t<meta name=\"twitter:data2\" content=\"2 minutos\" \/>\n<script type=\"application\/ld+json\" class=\"yoast-schema-graph\">{\"@context\":\"https:\\\/\\\/schema.org\",\"@graph\":[{\"@type\":\"Article\",\"@id\":\"https:\\\/\\\/www.copealcoy.es\\\/es\\\/reclamen-al-consell-punts-demergencia-en-arees-forestals-del-comtat\\\/#article\",\"isPartOf\":{\"@id\":\"https:\\\/\\\/www.copealcoy.es\\\/es\\\/reclamen-al-consell-punts-demergencia-en-arees-forestals-del-comtat\\\/\"},\"author\":{\"name\":\"Cope Alcoy\",\"@id\":\"https:\\\/\\\/www.copealcoy.es\\\/es\\\/#\\\/schema\\\/person\\\/e777c87fa024e57d40170af9df39882c\"},\"headline\":\"Reclamen al Consell punts d&#8217;emerg\u00e8ncia en \u00e0rees forestals del Comtat\",\"datePublished\":\"2023-01-26T07:00:53+00:00\",\"dateModified\":\"2023-01-26T09:39:49+00:00\",\"mainEntityOfPage\":{\"@id\":\"https:\\\/\\\/www.copealcoy.es\\\/es\\\/reclamen-al-consell-punts-demergencia-en-arees-forestals-del-comtat\\\/\"},\"wordCount\":386,\"commentCount\":0,\"image\":{\"@id\":\"https:\\\/\\\/www.copealcoy.es\\\/es\\\/reclamen-al-consell-punts-demergencia-en-arees-forestals-del-comtat\\\/#primaryimage\"},\"thumbnailUrl\":\"https:\\\/\\\/www.copealcoy.es\\\/wp-content\\\/uploads\\\/2023\\\/01\\\/Foto-alcaldes-e1674723917922.jpeg\",\"keywords\":[\"Alcoi\",\"Alcoi\u00e0\",\"Comtat\",\"prevenci\u00f3 incendis\",\"reuni\u00f3\"],\"articleSection\":[\"Actualidad\",\"Comarcas\",\"Noticias\"],\"inLanguage\":\"es\"},{\"@type\":\"WebPage\",\"@id\":\"https:\\\/\\\/www.copealcoy.es\\\/es\\\/reclamen-al-consell-punts-demergencia-en-arees-forestals-del-comtat\\\/\",\"url\":\"https:\\\/\\\/www.copealcoy.es\\\/es\\\/reclamen-al-consell-punts-demergencia-en-arees-forestals-del-comtat\\\/\",\"name\":\"Reclamen al Consell punts d'emerg\u00e8ncia en \u00e0rees forestals del Comtat - COPE Alcoy\",\"isPartOf\":{\"@id\":\"https:\\\/\\\/www.copealcoy.es\\\/es\\\/#website\"},\"primaryImageOfPage\":{\"@id\":\"https:\\\/\\\/www.copealcoy.es\\\/es\\\/reclamen-al-consell-punts-demergencia-en-arees-forestals-del-comtat\\\/#primaryimage\"},\"image\":{\"@id\":\"https:\\\/\\\/www.copealcoy.es\\\/es\\\/reclamen-al-consell-punts-demergencia-en-arees-forestals-del-comtat\\\/#primaryimage\"},\"thumbnailUrl\":\"https:\\\/\\\/www.copealcoy.es\\\/wp-content\\\/uploads\\\/2023\\\/01\\\/Foto-alcaldes-e1674723917922.jpeg\",\"datePublished\":\"2023-01-26T07:00:53+00:00\",\"dateModified\":\"2023-01-26T09:39:49+00:00\",\"author\":{\"@id\":\"https:\\\/\\\/www.copealcoy.es\\\/es\\\/#\\\/schema\\\/person\\\/e777c87fa024e57d40170af9df39882c\"},\"description\":\"Alcaldes i portaveus del PP de la comarca s'han unit per a exigir al Consell la creaci\u00f3 en la zona de la muntanya de punts d'emerg\u00e8ncia\",\"breadcrumb\":{\"@id\":\"https:\\\/\\\/www.copealcoy.es\\\/es\\\/reclamen-al-consell-punts-demergencia-en-arees-forestals-del-comtat\\\/#breadcrumb\"},\"inLanguage\":\"es\",\"potentialAction\":[{\"@type\":\"ReadAction\",\"target\":[\"https:\\\/\\\/www.copealcoy.es\\\/es\\\/reclamen-al-consell-punts-demergencia-en-arees-forestals-del-comtat\\\/\"]}]},{\"@type\":\"ImageObject\",\"inLanguage\":\"es\",\"@id\":\"https:\\\/\\\/www.copealcoy.es\\\/es\\\/reclamen-al-consell-punts-demergencia-en-arees-forestals-del-comtat\\\/#primaryimage\",\"url\":\"https:\\\/\\\/www.copealcoy.es\\\/wp-content\\\/uploads\\\/2023\\\/01\\\/Foto-alcaldes-e1674723917922.jpeg\",\"contentUrl\":\"https:\\\/\\\/www.copealcoy.es\\\/wp-content\\\/uploads\\\/2023\\\/01\\\/Foto-alcaldes-e1674723917922.jpeg\",\"width\":640,\"height\":480},{\"@type\":\"BreadcrumbList\",\"@id\":\"https:\\\/\\\/www.copealcoy.es\\\/es\\\/reclamen-al-consell-punts-demergencia-en-arees-forestals-del-comtat\\\/#breadcrumb\",\"itemListElement\":[{\"@type\":\"ListItem\",\"position\":1,\"name\":\"Portada\",\"item\":\"https:\\\/\\\/www.copealcoy.es\\\/es\\\/\"},{\"@type\":\"ListItem\",\"position\":2,\"name\":\"Reclamen al Consell punts d&#8217;emerg\u00e8ncia en \u00e0rees forestals del Comtat\"}]},{\"@type\":\"WebSite\",\"@id\":\"https:\\\/\\\/www.copealcoy.es\\\/es\\\/#website\",\"url\":\"https:\\\/\\\/www.copealcoy.es\\\/es\\\/\",\"name\":\"COPE Alcoy\",\"description\":\"Emisora COPE de radio local con emisi\u00f3n online. Pont de Sant Jordi 8-10 03803 Alcoy\",\"potentialAction\":[{\"@type\":\"SearchAction\",\"target\":{\"@type\":\"EntryPoint\",\"urlTemplate\":\"https:\\\/\\\/www.copealcoy.es\\\/es\\\/?s={search_term_string}\"},\"query-input\":{\"@type\":\"PropertyValueSpecification\",\"valueRequired\":true,\"valueName\":\"search_term_string\"}}],\"inLanguage\":\"es\"},{\"@type\":\"Person\",\"@id\":\"https:\\\/\\\/www.copealcoy.es\\\/es\\\/#\\\/schema\\\/person\\\/e777c87fa024e57d40170af9df39882c\",\"name\":\"Cope Alcoy\",\"image\":{\"@type\":\"ImageObject\",\"inLanguage\":\"es\",\"@id\":\"https:\\\/\\\/secure.gravatar.com\\\/avatar\\\/bb65d0283347e303893ba14f0692005417c1e0e690a325a4c5d8bb2b3943ee14?s=96&d=mm&r=g\",\"url\":\"https:\\\/\\\/secure.gravatar.com\\\/avatar\\\/bb65d0283347e303893ba14f0692005417c1e0e690a325a4c5d8bb2b3943ee14?s=96&d=mm&r=g\",\"contentUrl\":\"https:\\\/\\\/secure.gravatar.com\\\/avatar\\\/bb65d0283347e303893ba14f0692005417c1e0e690a325a4c5d8bb2b3943ee14?s=96&d=mm&r=g\",\"caption\":\"Cope Alcoy\"}}]}<\/script>\n<!-- \/ Yoast SEO plugin. -->","yoast_head_json":{"title":"Reclamen al Consell punts d'emerg\u00e8ncia en \u00e0rees forestals del Comtat - COPE Alcoy","description":"Alcaldes i portaveus del PP de la comarca s'han unit per a exigir al Consell la creaci\u00f3 en la zona de la muntanya de punts d'emerg\u00e8ncia","robots":{"index":"index","follow":"follow","max-snippet":"max-snippet:-1","max-image-preview":"max-image-preview:large","max-video-preview":"max-video-preview:-1"},"canonical":"https:\/\/www.copealcoy.es\/es\/reclamen-al-consell-punts-demergencia-en-arees-forestals-del-comtat\/","og_locale":"es_ES","og_type":"article","og_title":"Reclamen al Consell punts d'emerg\u00e8ncia en \u00e0rees forestals del Comtat - COPE Alcoy","og_description":"Alcaldes i portaveus del PP de la comarca s'han unit per a exigir al Consell la creaci\u00f3 en la zona de la muntanya de punts d'emerg\u00e8ncia","og_url":"https:\/\/www.copealcoy.es\/es\/reclamen-al-consell-punts-demergencia-en-arees-forestals-del-comtat\/","og_site_name":"COPE Alcoy","article_published_time":"2023-01-26T07:00:53+00:00","article_modified_time":"2023-01-26T09:39:49+00:00","og_image":[{"width":640,"height":480,"url":"https:\/\/www.copealcoy.es\/wp-content\/uploads\/2023\/01\/Foto-alcaldes-e1674723917922.jpeg","type":"image\/jpeg"}],"author":"Cope Alcoy","twitter_misc":{"Escrito por":"Cope Alcoy","Tiempo de lectura":"2 minutos"},"schema":{"@context":"https:\/\/schema.org","@graph":[{"@type":"Article","@id":"https:\/\/www.copealcoy.es\/es\/reclamen-al-consell-punts-demergencia-en-arees-forestals-del-comtat\/#article","isPartOf":{"@id":"https:\/\/www.copealcoy.es\/es\/reclamen-al-consell-punts-demergencia-en-arees-forestals-del-comtat\/"},"author":{"name":"Cope Alcoy","@id":"https:\/\/www.copealcoy.es\/es\/#\/schema\/person\/e777c87fa024e57d40170af9df39882c"},"headline":"Reclamen al Consell punts d&#8217;emerg\u00e8ncia en \u00e0rees forestals del Comtat","datePublished":"2023-01-26T07:00:53+00:00","dateModified":"2023-01-26T09:39:49+00:00","mainEntityOfPage":{"@id":"https:\/\/www.copealcoy.es\/es\/reclamen-al-consell-punts-demergencia-en-arees-forestals-del-comtat\/"},"wordCount":386,"commentCount":0,"image":{"@id":"https:\/\/www.copealcoy.es\/es\/reclamen-al-consell-punts-demergencia-en-arees-forestals-del-comtat\/#primaryimage"},"thumbnailUrl":"https:\/\/www.copealcoy.es\/wp-content\/uploads\/2023\/01\/Foto-alcaldes-e1674723917922.jpeg","keywords":["Alcoi","Alcoi\u00e0","Comtat","prevenci\u00f3 incendis","reuni\u00f3"],"articleSection":["Actualidad","Comarcas","Noticias"],"inLanguage":"es"},{"@type":"WebPage","@id":"https:\/\/www.copealcoy.es\/es\/reclamen-al-consell-punts-demergencia-en-arees-forestals-del-comtat\/","url":"https:\/\/www.copealcoy.es\/es\/reclamen-al-consell-punts-demergencia-en-arees-forestals-del-comtat\/","name":"Reclamen al Consell punts d'emerg\u00e8ncia en \u00e0rees forestals del Comtat - COPE Alcoy","isPartOf":{"@id":"https:\/\/www.copealcoy.es\/es\/#website"},"primaryImageOfPage":{"@id":"https:\/\/www.copealcoy.es\/es\/reclamen-al-consell-punts-demergencia-en-arees-forestals-del-comtat\/#primaryimage"},"image":{"@id":"https:\/\/www.copealcoy.es\/es\/reclamen-al-consell-punts-demergencia-en-arees-forestals-del-comtat\/#primaryimage"},"thumbnailUrl":"https:\/\/www.copealcoy.es\/wp-content\/uploads\/2023\/01\/Foto-alcaldes-e1674723917922.jpeg","datePublished":"2023-01-26T07:00:53+00:00","dateModified":"2023-01-26T09:39:49+00:00","author":{"@id":"https:\/\/www.copealcoy.es\/es\/#\/schema\/person\/e777c87fa024e57d40170af9df39882c"},"description":"Alcaldes i portaveus del PP de la comarca s'han unit per a exigir al Consell la creaci\u00f3 en la zona de la muntanya de punts d'emerg\u00e8ncia","breadcrumb":{"@id":"https:\/\/www.copealcoy.es\/es\/reclamen-al-consell-punts-demergencia-en-arees-forestals-del-comtat\/#breadcrumb"},"inLanguage":"es","potentialAction":[{"@type":"ReadAction","target":["https:\/\/www.copealcoy.es\/es\/reclamen-al-consell-punts-demergencia-en-arees-forestals-del-comtat\/"]}]},{"@type":"ImageObject","inLanguage":"es","@id":"https:\/\/www.copealcoy.es\/es\/reclamen-al-consell-punts-demergencia-en-arees-forestals-del-comtat\/#primaryimage","url":"https:\/\/www.copealcoy.es\/wp-content\/uploads\/2023\/01\/Foto-alcaldes-e1674723917922.jpeg","contentUrl":"https:\/\/www.copealcoy.es\/wp-content\/uploads\/2023\/01\/Foto-alcaldes-e1674723917922.jpeg","width":640,"height":480},{"@type":"BreadcrumbList","@id":"https:\/\/www.copealcoy.es\/es\/reclamen-al-consell-punts-demergencia-en-arees-forestals-del-comtat\/#breadcrumb","itemListElement":[{"@type":"ListItem","position":1,"name":"Portada","item":"https:\/\/www.copealcoy.es\/es\/"},{"@type":"ListItem","position":2,"name":"Reclamen al Consell punts d&#8217;emerg\u00e8ncia en \u00e0rees forestals del Comtat"}]},{"@type":"WebSite","@id":"https:\/\/www.copealcoy.es\/es\/#website","url":"https:\/\/www.copealcoy.es\/es\/","name":"COPE Alcoy","description":"Emisora COPE de radio local con emisi\u00f3n online. Pont de Sant Jordi 8-10 03803 Alcoy","potentialAction":[{"@type":"SearchAction","target":{"@type":"EntryPoint","urlTemplate":"https:\/\/www.copealcoy.es\/es\/?s={search_term_string}"},"query-input":{"@type":"PropertyValueSpecification","valueRequired":true,"valueName":"search_term_string"}}],"inLanguage":"es"},{"@type":"Person","@id":"https:\/\/www.copealcoy.es\/es\/#\/schema\/person\/e777c87fa024e57d40170af9df39882c","name":"Cope Alcoy","image":{"@type":"ImageObject","inLanguage":"es","@id":"https:\/\/secure.gravatar.com\/avatar\/bb65d0283347e303893ba14f0692005417c1e0e690a325a4c5d8bb2b3943ee14?s=96&d=mm&r=g","url":"https:\/\/secure.gravatar.com\/avatar\/bb65d0283347e303893ba14f0692005417c1e0e690a325a4c5d8bb2b3943ee14?s=96&d=mm&r=g","contentUrl":"https:\/\/secure.gravatar.com\/avatar\/bb65d0283347e303893ba14f0692005417c1e0e690a325a4c5d8bb2b3943ee14?s=96&d=mm&r=g","caption":"Cope Alcoy"}}]}},"_links":{"self":[{"href":"https:\/\/www.copealcoy.es\/es\/wp-json\/wp\/v2\/posts\/109462","targetHints":{"allow":["GET"]}}],"collection":[{"href":"https:\/\/www.copealcoy.es\/es\/wp-json\/wp\/v2\/posts"}],"about":[{"href":"https:\/\/www.copealcoy.es\/es\/wp-json\/wp\/v2\/types\/post"}],"author":[{"embeddable":true,"href":"https:\/\/www.copealcoy.es\/es\/wp-json\/wp\/v2\/users\/1"}],"replies":[{"embeddable":true,"href":"https:\/\/www.copealcoy.es\/es\/wp-json\/wp\/v2\/comments?post=109462"}],"version-history":[{"count":0,"href":"https:\/\/www.copealcoy.es\/es\/wp-json\/wp\/v2\/posts\/109462\/revisions"}],"wp:featuredmedia":[{"embeddable":true,"href":"https:\/\/www.copealcoy.es\/es\/wp-json\/wp\/v2\/media\/109463"}],"wp:attachment":[{"href":"https:\/\/www.copealcoy.es\/es\/wp-json\/wp\/v2\/media?parent=109462"}],"wp:term":[{"taxonomy":"category","embeddable":true,"href":"https:\/\/www.copealcoy.es\/es\/wp-json\/wp\/v2\/categories?post=109462"},{"taxonomy":"post_tag","embeddable":true,"href":"https:\/\/www.copealcoy.es\/es\/wp-json\/wp\/v2\/tags?post=109462"}],"curies":[{"name":"wp","href":"https:\/\/api.w.org\/{rel}","templated":true}]}}