{"id":109281,"date":"2023-01-24T20:10:26","date_gmt":"2023-01-24T19:10:26","guid":{"rendered":"https:\/\/www.copealcoy.es\/?p=109281"},"modified":"2023-01-25T10:34:32","modified_gmt":"2023-01-25T09:34:32","slug":"els-reptes-als-quals-senfronten-la-industria-i-el-turisme-dalcoi-en-2023","status":"publish","type":"post","link":"https:\/\/www.copealcoy.es\/es\/els-reptes-als-quals-senfronten-la-industria-i-el-turisme-dalcoi-en-2023\/","title":{"rendered":"Els reptes als quals s&#8217;enfronten la ind\u00fastria i el turisme d&#8217;Alcoi en 2023"},"content":{"rendered":"<p style=\"text-align: justify;\">La <strong>ind\u00fastria i el turisme<\/strong> de la nostra ciutat<strong> afronten importants reptes en aquest any 2023<\/strong> que pr\u00e0cticament acaba de comen\u00e7ar. Atraure noves empreses al terme municipal d&#8217;Alcoi i aconseguir que m\u00e9s turistes gaudisquen dels nostres atractius <strong>s\u00f3n alguns dels objectius<\/strong> que es marquen des de tots dos sectors.<\/p>\n<p>Els empresaris insisteixen en <strong>la import\u00e0ncia que hi haja s\u00f2l de qualitat<\/strong> perqu\u00e8 noves signatures puguen instal\u00b7lar-se en la capital de l&#8217;Alcoi\u00e0 aix\u00ed com donar facilitats a aquelles ind\u00fastries que busquen expandir-se. Tamb\u00e9 consideren que <strong>cal fer passos ferms<\/strong> per a &#8220;<em>avan\u00e7ar en la tramitaci\u00f3 que permeta tindre disponibles metres quadrats en la zona de la canal sud si ve una empresa amb inter\u00e9s a instal\u00b7lar-se ac\u00ed. L&#8217;estudi encarregat per la Cambra de Comer\u00e7 ha revelat que aquest punt \u00e9s clau per a l&#8217;expansi\u00f3 industrial d&#8217;Alcoi i no el podem desaprofitar&#8221;<\/em>, ha indicat sobre aquest tema en el #TiempoDeAn\u00e1lisis de COPE ALCOI<strong> Natxo G\u00f3mez<\/strong> com a president de <a href=\"https:\/\/www.facebook.com\/FEDAC.LAcoia.Comtat\" target=\"_blank\" rel=\"noopener\"><span style=\"color: #0000ff;\"><strong>FEDAC<\/strong><\/span><\/a>. Tamb\u00e9 des de la EGM del Pol\u00edgon Cotes Baixes <strong>insisteixen que ha d&#8217;haver-hi m\u00e0xim consens<\/strong> entre tots els agents d&#8217;Alcoi &#8220;<em>per a remar cap al mateix costat i aconseguir que aqueixa opci\u00f3 siga una realitat. No podem permetre&#8217;ns posar m\u00e9s traves a l&#8217;expansi\u00f3 de la nostra ind\u00fastria<\/em>&#8220;, insistia <strong>Ram\u00f3n Juan<\/strong> com a president.<\/p>\n<p>Per la seua part el sector tur\u00edstic creu que <strong>els esfor\u00e7os han de centrar-se en fomentar noves inversions<\/strong> que permeten crear nous atractius. Des de l&#8217;<a href=\"https:\/\/www.facebook.com\/turismoalicanteinterior\" target=\"_blank\" rel=\"noopener\"><span style=\"color: #0000ff;\"><strong>Associaci\u00f3 de Turisme Alacant Interior<\/strong><\/span><\/a> consideren que <strong>Alcoi t\u00e9 un gran potencial tur\u00edstic<\/strong> i insisteixen que <strong>cal potenciar m\u00e9s tot els recursos dels quals disposem<\/strong> &#8220;<em>la ciutat \u00e9s privilegiada per tindre un entorn natural envejable i ac\u00ed s&#8217;obrin moltes vies que afavorien l&#8217;atracci\u00f3 de m\u00e9s de turistes. Esdeveniments com el AITEX Terra Trail, celebrat aquest cap de setmana, permet avan\u00e7ar en noves vies que situen a Alcoi com a pol d&#8217;atracci\u00f3<\/em>&#8220;, matisava tamb\u00e9 en COPE ALCOI <strong>Indira Amaya<\/strong>; la presidenta.<\/p>\n<p>La radiografia que fan tots dos sectors de la realitat d&#8217;Alcoi, i les q\u00fcestions urgents que cal solucionar, <strong>ho hem posat sobre la taula aquest dimarts<\/strong> en el nostre #TiempoDeAn\u00e1lisis. La tert\u00falia al complet la pots escoltar ac\u00ed.<\/p>\n","protected":false},"excerpt":{"rendered":"<p>La ind\u00fastria i el turisme de la nostra ciutat afronten importants reptes en aquest any 2023 que pr\u00e0cticament acaba de&#8230;<\/p>\n","protected":false},"author":1,"featured_media":70921,"comment_status":"open","ping_status":"open","sticky":false,"template":"","format":"standard","meta":{"footnotes":""},"categories":[6909,97,75,79,125],"tags":[160,433,13664,5058],"class_list":["post-109281","post","type-post","status-publish","format-standard","has-post-thumbnail","hentry","category-actualidad","category-alcoy","category-noticias","category-politicayeconomia","category-portada","tag-alcoi","tag-industria","tag-reptes","tag-turisme"],"yoast_head":"<!-- This site is optimized with the Yoast SEO plugin v27.3 - https:\/\/yoast.com\/product\/yoast-seo-wordpress\/ -->\n<title>Els reptes als quals s&#039;enfronten la ind\u00fastria i el turisme d&#039;Alcoi en 2023 - COPE Alcoy<\/title>\n<meta name=\"description\" content=\"La ind\u00fastria i el turisme de la nostra ciutat afronten importants reptes en aquest any 2023 que pr\u00e0cticament acaba de comen\u00e7ar\" \/>\n<meta name=\"robots\" content=\"index, follow, max-snippet:-1, max-image-preview:large, max-video-preview:-1\" \/>\n<link rel=\"canonical\" href=\"https:\/\/www.copealcoy.es\/es\/els-reptes-als-quals-senfronten-la-industria-i-el-turisme-dalcoi-en-2023\/\" \/>\n<meta property=\"og:locale\" content=\"es_ES\" \/>\n<meta property=\"og:type\" content=\"article\" \/>\n<meta property=\"og:title\" content=\"Els reptes als quals s&#039;enfronten la ind\u00fastria i el turisme d&#039;Alcoi en 2023 - COPE Alcoy\" \/>\n<meta property=\"og:description\" content=\"La ind\u00fastria i el turisme de la nostra ciutat afronten importants reptes en aquest any 2023 que pr\u00e0cticament acaba de comen\u00e7ar\" \/>\n<meta property=\"og:url\" content=\"https:\/\/www.copealcoy.es\/es\/els-reptes-als-quals-senfronten-la-industria-i-el-turisme-dalcoi-en-2023\/\" \/>\n<meta property=\"og:site_name\" content=\"COPE Alcoy\" \/>\n<meta property=\"article:published_time\" content=\"2023-01-24T19:10:26+00:00\" \/>\n<meta property=\"article:modified_time\" content=\"2023-01-25T09:34:32+00:00\" \/>\n<meta property=\"og:image\" content=\"https:\/\/www.copealcoy.es\/wp-content\/uploads\/2021\/02\/0-alcoy-2.jpg\" \/>\n\t<meta property=\"og:image:width\" content=\"1280\" \/>\n\t<meta property=\"og:image:height\" content=\"720\" \/>\n\t<meta property=\"og:image:type\" content=\"image\/jpeg\" \/>\n<meta name=\"author\" content=\"Cope Alcoy\" \/>\n<meta name=\"twitter:label1\" content=\"Escrito por\" \/>\n\t<meta name=\"twitter:data1\" content=\"Cope Alcoy\" \/>\n\t<meta name=\"twitter:label2\" content=\"Tiempo de lectura\" \/>\n\t<meta name=\"twitter:data2\" content=\"2 minutos\" \/>\n<script type=\"application\/ld+json\" class=\"yoast-schema-graph\">{\"@context\":\"https:\\\/\\\/schema.org\",\"@graph\":[{\"@type\":\"Article\",\"@id\":\"https:\\\/\\\/www.copealcoy.es\\\/es\\\/els-reptes-als-quals-senfronten-la-industria-i-el-turisme-dalcoi-en-2023\\\/#article\",\"isPartOf\":{\"@id\":\"https:\\\/\\\/www.copealcoy.es\\\/es\\\/els-reptes-als-quals-senfronten-la-industria-i-el-turisme-dalcoi-en-2023\\\/\"},\"author\":{\"name\":\"Cope Alcoy\",\"@id\":\"https:\\\/\\\/www.copealcoy.es\\\/es\\\/#\\\/schema\\\/person\\\/e777c87fa024e57d40170af9df39882c\"},\"headline\":\"Els reptes als quals s&#8217;enfronten la ind\u00fastria i el turisme d&#8217;Alcoi en 2023\",\"datePublished\":\"2023-01-24T19:10:26+00:00\",\"dateModified\":\"2023-01-25T09:34:32+00:00\",\"mainEntityOfPage\":{\"@id\":\"https:\\\/\\\/www.copealcoy.es\\\/es\\\/els-reptes-als-quals-senfronten-la-industria-i-el-turisme-dalcoi-en-2023\\\/\"},\"wordCount\":410,\"commentCount\":0,\"image\":{\"@id\":\"https:\\\/\\\/www.copealcoy.es\\\/es\\\/els-reptes-als-quals-senfronten-la-industria-i-el-turisme-dalcoi-en-2023\\\/#primaryimage\"},\"thumbnailUrl\":\"https:\\\/\\\/www.copealcoy.es\\\/wp-content\\\/uploads\\\/2021\\\/02\\\/0-alcoy-2.jpg\",\"keywords\":[\"Alcoi\",\"Industria\",\"reptes\",\"Turisme\"],\"articleSection\":[\"Actualidad\",\"Alcoy\",\"Noticias\",\"Pol\u00edtica y Econom\u00eda\",\"Portada\"],\"inLanguage\":\"es\"},{\"@type\":\"WebPage\",\"@id\":\"https:\\\/\\\/www.copealcoy.es\\\/es\\\/els-reptes-als-quals-senfronten-la-industria-i-el-turisme-dalcoi-en-2023\\\/\",\"url\":\"https:\\\/\\\/www.copealcoy.es\\\/es\\\/els-reptes-als-quals-senfronten-la-industria-i-el-turisme-dalcoi-en-2023\\\/\",\"name\":\"Els reptes als quals s'enfronten la ind\u00fastria i el turisme d'Alcoi en 2023 - COPE Alcoy\",\"isPartOf\":{\"@id\":\"https:\\\/\\\/www.copealcoy.es\\\/es\\\/#website\"},\"primaryImageOfPage\":{\"@id\":\"https:\\\/\\\/www.copealcoy.es\\\/es\\\/els-reptes-als-quals-senfronten-la-industria-i-el-turisme-dalcoi-en-2023\\\/#primaryimage\"},\"image\":{\"@id\":\"https:\\\/\\\/www.copealcoy.es\\\/es\\\/els-reptes-als-quals-senfronten-la-industria-i-el-turisme-dalcoi-en-2023\\\/#primaryimage\"},\"thumbnailUrl\":\"https:\\\/\\\/www.copealcoy.es\\\/wp-content\\\/uploads\\\/2021\\\/02\\\/0-alcoy-2.jpg\",\"datePublished\":\"2023-01-24T19:10:26+00:00\",\"dateModified\":\"2023-01-25T09:34:32+00:00\",\"author\":{\"@id\":\"https:\\\/\\\/www.copealcoy.es\\\/es\\\/#\\\/schema\\\/person\\\/e777c87fa024e57d40170af9df39882c\"},\"description\":\"La ind\u00fastria i el turisme de la nostra ciutat afronten importants reptes en aquest any 2023 que pr\u00e0cticament acaba de comen\u00e7ar\",\"breadcrumb\":{\"@id\":\"https:\\\/\\\/www.copealcoy.es\\\/es\\\/els-reptes-als-quals-senfronten-la-industria-i-el-turisme-dalcoi-en-2023\\\/#breadcrumb\"},\"inLanguage\":\"es\",\"potentialAction\":[{\"@type\":\"ReadAction\",\"target\":[\"https:\\\/\\\/www.copealcoy.es\\\/es\\\/els-reptes-als-quals-senfronten-la-industria-i-el-turisme-dalcoi-en-2023\\\/\"]}]},{\"@type\":\"ImageObject\",\"inLanguage\":\"es\",\"@id\":\"https:\\\/\\\/www.copealcoy.es\\\/es\\\/els-reptes-als-quals-senfronten-la-industria-i-el-turisme-dalcoi-en-2023\\\/#primaryimage\",\"url\":\"https:\\\/\\\/www.copealcoy.es\\\/wp-content\\\/uploads\\\/2021\\\/02\\\/0-alcoy-2.jpg\",\"contentUrl\":\"https:\\\/\\\/www.copealcoy.es\\\/wp-content\\\/uploads\\\/2021\\\/02\\\/0-alcoy-2.jpg\",\"width\":1280,\"height\":720},{\"@type\":\"BreadcrumbList\",\"@id\":\"https:\\\/\\\/www.copealcoy.es\\\/es\\\/els-reptes-als-quals-senfronten-la-industria-i-el-turisme-dalcoi-en-2023\\\/#breadcrumb\",\"itemListElement\":[{\"@type\":\"ListItem\",\"position\":1,\"name\":\"Portada\",\"item\":\"https:\\\/\\\/www.copealcoy.es\\\/es\\\/\"},{\"@type\":\"ListItem\",\"position\":2,\"name\":\"Els reptes als quals s&#8217;enfronten la ind\u00fastria i el turisme d&#8217;Alcoi en 2023\"}]},{\"@type\":\"WebSite\",\"@id\":\"https:\\\/\\\/www.copealcoy.es\\\/es\\\/#website\",\"url\":\"https:\\\/\\\/www.copealcoy.es\\\/es\\\/\",\"name\":\"COPE Alcoy\",\"description\":\"Emisora COPE de radio local con emisi\u00f3n online. Pont de Sant Jordi 8-10 03803 Alcoy\",\"potentialAction\":[{\"@type\":\"SearchAction\",\"target\":{\"@type\":\"EntryPoint\",\"urlTemplate\":\"https:\\\/\\\/www.copealcoy.es\\\/es\\\/?s={search_term_string}\"},\"query-input\":{\"@type\":\"PropertyValueSpecification\",\"valueRequired\":true,\"valueName\":\"search_term_string\"}}],\"inLanguage\":\"es\"},{\"@type\":\"Person\",\"@id\":\"https:\\\/\\\/www.copealcoy.es\\\/es\\\/#\\\/schema\\\/person\\\/e777c87fa024e57d40170af9df39882c\",\"name\":\"Cope Alcoy\",\"image\":{\"@type\":\"ImageObject\",\"inLanguage\":\"es\",\"@id\":\"https:\\\/\\\/secure.gravatar.com\\\/avatar\\\/bb65d0283347e303893ba14f0692005417c1e0e690a325a4c5d8bb2b3943ee14?s=96&d=mm&r=g\",\"url\":\"https:\\\/\\\/secure.gravatar.com\\\/avatar\\\/bb65d0283347e303893ba14f0692005417c1e0e690a325a4c5d8bb2b3943ee14?s=96&d=mm&r=g\",\"contentUrl\":\"https:\\\/\\\/secure.gravatar.com\\\/avatar\\\/bb65d0283347e303893ba14f0692005417c1e0e690a325a4c5d8bb2b3943ee14?s=96&d=mm&r=g\",\"caption\":\"Cope Alcoy\"}}]}<\/script>\n<!-- \/ Yoast SEO plugin. -->","yoast_head_json":{"title":"Els reptes als quals s'enfronten la ind\u00fastria i el turisme d'Alcoi en 2023 - COPE Alcoy","description":"La ind\u00fastria i el turisme de la nostra ciutat afronten importants reptes en aquest any 2023 que pr\u00e0cticament acaba de comen\u00e7ar","robots":{"index":"index","follow":"follow","max-snippet":"max-snippet:-1","max-image-preview":"max-image-preview:large","max-video-preview":"max-video-preview:-1"},"canonical":"https:\/\/www.copealcoy.es\/es\/els-reptes-als-quals-senfronten-la-industria-i-el-turisme-dalcoi-en-2023\/","og_locale":"es_ES","og_type":"article","og_title":"Els reptes als quals s'enfronten la ind\u00fastria i el turisme d'Alcoi en 2023 - COPE Alcoy","og_description":"La ind\u00fastria i el turisme de la nostra ciutat afronten importants reptes en aquest any 2023 que pr\u00e0cticament acaba de comen\u00e7ar","og_url":"https:\/\/www.copealcoy.es\/es\/els-reptes-als-quals-senfronten-la-industria-i-el-turisme-dalcoi-en-2023\/","og_site_name":"COPE Alcoy","article_published_time":"2023-01-24T19:10:26+00:00","article_modified_time":"2023-01-25T09:34:32+00:00","og_image":[{"width":1280,"height":720,"url":"https:\/\/www.copealcoy.es\/wp-content\/uploads\/2021\/02\/0-alcoy-2.jpg","type":"image\/jpeg"}],"author":"Cope Alcoy","twitter_misc":{"Escrito por":"Cope Alcoy","Tiempo de lectura":"2 minutos"},"schema":{"@context":"https:\/\/schema.org","@graph":[{"@type":"Article","@id":"https:\/\/www.copealcoy.es\/es\/els-reptes-als-quals-senfronten-la-industria-i-el-turisme-dalcoi-en-2023\/#article","isPartOf":{"@id":"https:\/\/www.copealcoy.es\/es\/els-reptes-als-quals-senfronten-la-industria-i-el-turisme-dalcoi-en-2023\/"},"author":{"name":"Cope Alcoy","@id":"https:\/\/www.copealcoy.es\/es\/#\/schema\/person\/e777c87fa024e57d40170af9df39882c"},"headline":"Els reptes als quals s&#8217;enfronten la ind\u00fastria i el turisme d&#8217;Alcoi en 2023","datePublished":"2023-01-24T19:10:26+00:00","dateModified":"2023-01-25T09:34:32+00:00","mainEntityOfPage":{"@id":"https:\/\/www.copealcoy.es\/es\/els-reptes-als-quals-senfronten-la-industria-i-el-turisme-dalcoi-en-2023\/"},"wordCount":410,"commentCount":0,"image":{"@id":"https:\/\/www.copealcoy.es\/es\/els-reptes-als-quals-senfronten-la-industria-i-el-turisme-dalcoi-en-2023\/#primaryimage"},"thumbnailUrl":"https:\/\/www.copealcoy.es\/wp-content\/uploads\/2021\/02\/0-alcoy-2.jpg","keywords":["Alcoi","Industria","reptes","Turisme"],"articleSection":["Actualidad","Alcoy","Noticias","Pol\u00edtica y Econom\u00eda","Portada"],"inLanguage":"es"},{"@type":"WebPage","@id":"https:\/\/www.copealcoy.es\/es\/els-reptes-als-quals-senfronten-la-industria-i-el-turisme-dalcoi-en-2023\/","url":"https:\/\/www.copealcoy.es\/es\/els-reptes-als-quals-senfronten-la-industria-i-el-turisme-dalcoi-en-2023\/","name":"Els reptes als quals s'enfronten la ind\u00fastria i el turisme d'Alcoi en 2023 - COPE Alcoy","isPartOf":{"@id":"https:\/\/www.copealcoy.es\/es\/#website"},"primaryImageOfPage":{"@id":"https:\/\/www.copealcoy.es\/es\/els-reptes-als-quals-senfronten-la-industria-i-el-turisme-dalcoi-en-2023\/#primaryimage"},"image":{"@id":"https:\/\/www.copealcoy.es\/es\/els-reptes-als-quals-senfronten-la-industria-i-el-turisme-dalcoi-en-2023\/#primaryimage"},"thumbnailUrl":"https:\/\/www.copealcoy.es\/wp-content\/uploads\/2021\/02\/0-alcoy-2.jpg","datePublished":"2023-01-24T19:10:26+00:00","dateModified":"2023-01-25T09:34:32+00:00","author":{"@id":"https:\/\/www.copealcoy.es\/es\/#\/schema\/person\/e777c87fa024e57d40170af9df39882c"},"description":"La ind\u00fastria i el turisme de la nostra ciutat afronten importants reptes en aquest any 2023 que pr\u00e0cticament acaba de comen\u00e7ar","breadcrumb":{"@id":"https:\/\/www.copealcoy.es\/es\/els-reptes-als-quals-senfronten-la-industria-i-el-turisme-dalcoi-en-2023\/#breadcrumb"},"inLanguage":"es","potentialAction":[{"@type":"ReadAction","target":["https:\/\/www.copealcoy.es\/es\/els-reptes-als-quals-senfronten-la-industria-i-el-turisme-dalcoi-en-2023\/"]}]},{"@type":"ImageObject","inLanguage":"es","@id":"https:\/\/www.copealcoy.es\/es\/els-reptes-als-quals-senfronten-la-industria-i-el-turisme-dalcoi-en-2023\/#primaryimage","url":"https:\/\/www.copealcoy.es\/wp-content\/uploads\/2021\/02\/0-alcoy-2.jpg","contentUrl":"https:\/\/www.copealcoy.es\/wp-content\/uploads\/2021\/02\/0-alcoy-2.jpg","width":1280,"height":720},{"@type":"BreadcrumbList","@id":"https:\/\/www.copealcoy.es\/es\/els-reptes-als-quals-senfronten-la-industria-i-el-turisme-dalcoi-en-2023\/#breadcrumb","itemListElement":[{"@type":"ListItem","position":1,"name":"Portada","item":"https:\/\/www.copealcoy.es\/es\/"},{"@type":"ListItem","position":2,"name":"Els reptes als quals s&#8217;enfronten la ind\u00fastria i el turisme d&#8217;Alcoi en 2023"}]},{"@type":"WebSite","@id":"https:\/\/www.copealcoy.es\/es\/#website","url":"https:\/\/www.copealcoy.es\/es\/","name":"COPE Alcoy","description":"Emisora COPE de radio local con emisi\u00f3n online. Pont de Sant Jordi 8-10 03803 Alcoy","potentialAction":[{"@type":"SearchAction","target":{"@type":"EntryPoint","urlTemplate":"https:\/\/www.copealcoy.es\/es\/?s={search_term_string}"},"query-input":{"@type":"PropertyValueSpecification","valueRequired":true,"valueName":"search_term_string"}}],"inLanguage":"es"},{"@type":"Person","@id":"https:\/\/www.copealcoy.es\/es\/#\/schema\/person\/e777c87fa024e57d40170af9df39882c","name":"Cope Alcoy","image":{"@type":"ImageObject","inLanguage":"es","@id":"https:\/\/secure.gravatar.com\/avatar\/bb65d0283347e303893ba14f0692005417c1e0e690a325a4c5d8bb2b3943ee14?s=96&d=mm&r=g","url":"https:\/\/secure.gravatar.com\/avatar\/bb65d0283347e303893ba14f0692005417c1e0e690a325a4c5d8bb2b3943ee14?s=96&d=mm&r=g","contentUrl":"https:\/\/secure.gravatar.com\/avatar\/bb65d0283347e303893ba14f0692005417c1e0e690a325a4c5d8bb2b3943ee14?s=96&d=mm&r=g","caption":"Cope Alcoy"}}]}},"_links":{"self":[{"href":"https:\/\/www.copealcoy.es\/es\/wp-json\/wp\/v2\/posts\/109281","targetHints":{"allow":["GET"]}}],"collection":[{"href":"https:\/\/www.copealcoy.es\/es\/wp-json\/wp\/v2\/posts"}],"about":[{"href":"https:\/\/www.copealcoy.es\/es\/wp-json\/wp\/v2\/types\/post"}],"author":[{"embeddable":true,"href":"https:\/\/www.copealcoy.es\/es\/wp-json\/wp\/v2\/users\/1"}],"replies":[{"embeddable":true,"href":"https:\/\/www.copealcoy.es\/es\/wp-json\/wp\/v2\/comments?post=109281"}],"version-history":[{"count":0,"href":"https:\/\/www.copealcoy.es\/es\/wp-json\/wp\/v2\/posts\/109281\/revisions"}],"wp:featuredmedia":[{"embeddable":true,"href":"https:\/\/www.copealcoy.es\/es\/wp-json\/wp\/v2\/media\/70921"}],"wp:attachment":[{"href":"https:\/\/www.copealcoy.es\/es\/wp-json\/wp\/v2\/media?parent=109281"}],"wp:term":[{"taxonomy":"category","embeddable":true,"href":"https:\/\/www.copealcoy.es\/es\/wp-json\/wp\/v2\/categories?post=109281"},{"taxonomy":"post_tag","embeddable":true,"href":"https:\/\/www.copealcoy.es\/es\/wp-json\/wp\/v2\/tags?post=109281"}],"curies":[{"name":"wp","href":"https:\/\/api.w.org\/{rel}","templated":true}]}}