{"id":10838,"date":"2015-02-24T16:27:11","date_gmt":"2015-02-24T16:27:11","guid":{"rendered":"http:\/\/copealcoi.es\/new\/?p=10838"},"modified":"2015-02-24T16:28:58","modified_gmt":"2015-02-24T16:28:58","slug":"fedac-insta-a-respaldar-el-emprendedurismo-industrial","status":"publish","type":"post","link":"https:\/\/www.copealcoy.es\/es\/fedac-insta-a-respaldar-el-emprendedurismo-industrial\/","title":{"rendered":"FEDAC insta a respaldar el emprendedurismo industrial"},"content":{"rendered":"<p style=\"text-align: justify;\">La patronal del Comtat y l\u00b4 Alcoi\u00e0 insta a dar respaldo al emprendedurismo \u00a0industrial para as\u00ed fomentar la creaci\u00f3n de nuevas empresas en la zona.<\/p>\n<p style=\"text-align: justify;\">Desde la Federaci\u00f3n de Empresarios de la Comarca, FEDAC, se\u00f1alan que la iniciativa Smart City con su correspondiente c\u00e1tedra que impulsa la Universidad Polit\u00e9cnica de Valencia, puede ser un importante motor para llevar adelante la reindustrializaci\u00f3n\u00a0de nuestro tejido empresarial. As\u00ed lo destac\u00f3 ayer en el espacio DidacTIC de La Ma\u00f1ana\u00a0de Cope Alcoy el presidente de la Federaci\u00f3n Pablo de Gracia. En este sentido apost\u00f3 tambi\u00e9n por crear un foro que permita<br \/>\naglutinar a las personas encargadas de la innovaci\u00f3n de cada empresa &#8220;de ah\u00ed podr\u00edan surgir nuevas ideas y proyectos, y adem\u00e1s podr\u00eda ser de utilidad para la creaci\u00f3n de industrias en la ciudad y la comarca&#8221;, apunta.<\/p>\n<p style=\"text-align: justify;\">Por \u00faltimo el presidente de FEDAC hizo una valoraci\u00f3n muy positiva del Congreso sobre la Reindustrializaci\u00f3n en el Arco Mediterr\u00e1neo celebrado hace dos semanas en Alcoy y que permiti\u00f3 analizar la situaci\u00f3n del sector y plantear sus claves de futuro.<\/p>\n","protected":false},"excerpt":{"rendered":"<p>La patronal del Comtat y l\u00b4 Alcoi\u00e0 insta a dar respaldo al emprendedurismo \u00a0industrial para as\u00ed fomentar la creaci\u00f3n de&#8230;<\/p>\n","protected":false},"author":1,"featured_media":10841,"comment_status":"open","ping_status":"open","sticky":false,"template":"","format":"standard","meta":{"footnotes":""},"categories":[97,75,125],"tags":[1494,390,394,675,743,433],"class_list":["post-10838","post","type-post","status-publish","format-standard","has-post-thumbnail","hentry","category-alcoy","category-noticias","category-portada","tag-alcoy","tag-economia","tag-empleo","tag-emprendedurismo","tag-fedac","tag-industria"],"yoast_head":"<!-- This site is optimized with the Yoast SEO plugin v27.3 - https:\/\/yoast.com\/product\/yoast-seo-wordpress\/ -->\n<title>FEDAC insta a respaldar el emprendedurismo industrial - COPE Alcoy<\/title>\n<meta name=\"robots\" content=\"index, follow, max-snippet:-1, max-image-preview:large, max-video-preview:-1\" \/>\n<link rel=\"canonical\" href=\"https:\/\/www.copealcoy.es\/es\/fedac-insta-a-respaldar-el-emprendedurismo-industrial\/\" \/>\n<meta property=\"og:locale\" content=\"es_ES\" \/>\n<meta property=\"og:type\" content=\"article\" \/>\n<meta property=\"og:title\" content=\"FEDAC insta a respaldar el emprendedurismo industrial - COPE Alcoy\" \/>\n<meta property=\"og:description\" content=\"La patronal del Comtat y l\u00b4 Alcoi\u00e0 insta a dar respaldo al emprendedurismo \u00a0industrial para as\u00ed fomentar la creaci\u00f3n de...\" \/>\n<meta property=\"og:url\" content=\"https:\/\/www.copealcoy.es\/es\/fedac-insta-a-respaldar-el-emprendedurismo-industrial\/\" \/>\n<meta property=\"og:site_name\" content=\"COPE Alcoy\" \/>\n<meta property=\"article:published_time\" content=\"2015-02-24T16:27:11+00:00\" \/>\n<meta property=\"article:modified_time\" content=\"2015-02-24T16:28:58+00:00\" \/>\n<meta property=\"og:image\" content=\"https:\/\/www.copealcoy.es\/wp-content\/uploads\/2015\/02\/image69.jpg\" \/>\n\t<meta property=\"og:image:width\" content=\"755\" \/>\n\t<meta property=\"og:image:height\" content=\"460\" \/>\n\t<meta property=\"og:image:type\" content=\"image\/jpeg\" \/>\n<meta name=\"author\" content=\"Cope Alcoy\" \/>\n<meta name=\"twitter:label1\" content=\"Escrito por\" \/>\n\t<meta name=\"twitter:data1\" content=\"Cope Alcoy\" \/>\n\t<meta name=\"twitter:label2\" content=\"Tiempo de lectura\" \/>\n\t<meta name=\"twitter:data2\" content=\"1 minuto\" \/>\n<script type=\"application\/ld+json\" class=\"yoast-schema-graph\">{\"@context\":\"https:\\\/\\\/schema.org\",\"@graph\":[{\"@type\":\"Article\",\"@id\":\"https:\\\/\\\/www.copealcoy.es\\\/es\\\/fedac-insta-a-respaldar-el-emprendedurismo-industrial\\\/#article\",\"isPartOf\":{\"@id\":\"https:\\\/\\\/www.copealcoy.es\\\/es\\\/fedac-insta-a-respaldar-el-emprendedurismo-industrial\\\/\"},\"author\":{\"name\":\"Cope Alcoy\",\"@id\":\"https:\\\/\\\/www.copealcoy.es\\\/es\\\/#\\\/schema\\\/person\\\/e777c87fa024e57d40170af9df39882c\"},\"headline\":\"FEDAC insta a respaldar el emprendedurismo industrial\",\"datePublished\":\"2015-02-24T16:27:11+00:00\",\"dateModified\":\"2015-02-24T16:28:58+00:00\",\"mainEntityOfPage\":{\"@id\":\"https:\\\/\\\/www.copealcoy.es\\\/es\\\/fedac-insta-a-respaldar-el-emprendedurismo-industrial\\\/\"},\"wordCount\":200,\"commentCount\":0,\"image\":{\"@id\":\"https:\\\/\\\/www.copealcoy.es\\\/es\\\/fedac-insta-a-respaldar-el-emprendedurismo-industrial\\\/#primaryimage\"},\"thumbnailUrl\":\"https:\\\/\\\/www.copealcoy.es\\\/wp-content\\\/uploads\\\/2015\\\/02\\\/image69.jpg\",\"keywords\":[\"Alcoy\",\"Econom\u00eda\",\"Empleo\",\"Emprendedurismo\",\"FEDAC\",\"Industria\"],\"articleSection\":[\"Alcoy\",\"Noticias\",\"Portada\"],\"inLanguage\":\"es\"},{\"@type\":\"WebPage\",\"@id\":\"https:\\\/\\\/www.copealcoy.es\\\/es\\\/fedac-insta-a-respaldar-el-emprendedurismo-industrial\\\/\",\"url\":\"https:\\\/\\\/www.copealcoy.es\\\/es\\\/fedac-insta-a-respaldar-el-emprendedurismo-industrial\\\/\",\"name\":\"FEDAC insta a respaldar el emprendedurismo industrial - COPE Alcoy\",\"isPartOf\":{\"@id\":\"https:\\\/\\\/www.copealcoy.es\\\/es\\\/#website\"},\"primaryImageOfPage\":{\"@id\":\"https:\\\/\\\/www.copealcoy.es\\\/es\\\/fedac-insta-a-respaldar-el-emprendedurismo-industrial\\\/#primaryimage\"},\"image\":{\"@id\":\"https:\\\/\\\/www.copealcoy.es\\\/es\\\/fedac-insta-a-respaldar-el-emprendedurismo-industrial\\\/#primaryimage\"},\"thumbnailUrl\":\"https:\\\/\\\/www.copealcoy.es\\\/wp-content\\\/uploads\\\/2015\\\/02\\\/image69.jpg\",\"datePublished\":\"2015-02-24T16:27:11+00:00\",\"dateModified\":\"2015-02-24T16:28:58+00:00\",\"author\":{\"@id\":\"https:\\\/\\\/www.copealcoy.es\\\/es\\\/#\\\/schema\\\/person\\\/e777c87fa024e57d40170af9df39882c\"},\"breadcrumb\":{\"@id\":\"https:\\\/\\\/www.copealcoy.es\\\/es\\\/fedac-insta-a-respaldar-el-emprendedurismo-industrial\\\/#breadcrumb\"},\"inLanguage\":\"es\",\"potentialAction\":[{\"@type\":\"ReadAction\",\"target\":[\"https:\\\/\\\/www.copealcoy.es\\\/es\\\/fedac-insta-a-respaldar-el-emprendedurismo-industrial\\\/\"]}]},{\"@type\":\"ImageObject\",\"inLanguage\":\"es\",\"@id\":\"https:\\\/\\\/www.copealcoy.es\\\/es\\\/fedac-insta-a-respaldar-el-emprendedurismo-industrial\\\/#primaryimage\",\"url\":\"https:\\\/\\\/www.copealcoy.es\\\/wp-content\\\/uploads\\\/2015\\\/02\\\/image69.jpg\",\"contentUrl\":\"https:\\\/\\\/www.copealcoy.es\\\/wp-content\\\/uploads\\\/2015\\\/02\\\/image69.jpg\",\"width\":755,\"height\":460,\"caption\":\"Pablo de Gracia, Presidente de FEDAC, junto a Ximo Sandoval en el espacio DidacTIC de Cope Alcoy\"},{\"@type\":\"BreadcrumbList\",\"@id\":\"https:\\\/\\\/www.copealcoy.es\\\/es\\\/fedac-insta-a-respaldar-el-emprendedurismo-industrial\\\/#breadcrumb\",\"itemListElement\":[{\"@type\":\"ListItem\",\"position\":1,\"name\":\"Portada\",\"item\":\"https:\\\/\\\/www.copealcoy.es\\\/es\\\/\"},{\"@type\":\"ListItem\",\"position\":2,\"name\":\"FEDAC insta a respaldar el emprendedurismo industrial\"}]},{\"@type\":\"WebSite\",\"@id\":\"https:\\\/\\\/www.copealcoy.es\\\/es\\\/#website\",\"url\":\"https:\\\/\\\/www.copealcoy.es\\\/es\\\/\",\"name\":\"COPE Alcoy\",\"description\":\"Emisora COPE de radio local con emisi\u00f3n online. Pont de Sant Jordi 8-10 03803 Alcoy\",\"potentialAction\":[{\"@type\":\"SearchAction\",\"target\":{\"@type\":\"EntryPoint\",\"urlTemplate\":\"https:\\\/\\\/www.copealcoy.es\\\/es\\\/?s={search_term_string}\"},\"query-input\":{\"@type\":\"PropertyValueSpecification\",\"valueRequired\":true,\"valueName\":\"search_term_string\"}}],\"inLanguage\":\"es\"},{\"@type\":\"Person\",\"@id\":\"https:\\\/\\\/www.copealcoy.es\\\/es\\\/#\\\/schema\\\/person\\\/e777c87fa024e57d40170af9df39882c\",\"name\":\"Cope Alcoy\",\"image\":{\"@type\":\"ImageObject\",\"inLanguage\":\"es\",\"@id\":\"https:\\\/\\\/secure.gravatar.com\\\/avatar\\\/bb65d0283347e303893ba14f0692005417c1e0e690a325a4c5d8bb2b3943ee14?s=96&d=mm&r=g\",\"url\":\"https:\\\/\\\/secure.gravatar.com\\\/avatar\\\/bb65d0283347e303893ba14f0692005417c1e0e690a325a4c5d8bb2b3943ee14?s=96&d=mm&r=g\",\"contentUrl\":\"https:\\\/\\\/secure.gravatar.com\\\/avatar\\\/bb65d0283347e303893ba14f0692005417c1e0e690a325a4c5d8bb2b3943ee14?s=96&d=mm&r=g\",\"caption\":\"Cope Alcoy\"}}]}<\/script>\n<!-- \/ Yoast SEO plugin. -->","yoast_head_json":{"title":"FEDAC insta a respaldar el emprendedurismo industrial - COPE Alcoy","robots":{"index":"index","follow":"follow","max-snippet":"max-snippet:-1","max-image-preview":"max-image-preview:large","max-video-preview":"max-video-preview:-1"},"canonical":"https:\/\/www.copealcoy.es\/es\/fedac-insta-a-respaldar-el-emprendedurismo-industrial\/","og_locale":"es_ES","og_type":"article","og_title":"FEDAC insta a respaldar el emprendedurismo industrial - COPE Alcoy","og_description":"La patronal del Comtat y l\u00b4 Alcoi\u00e0 insta a dar respaldo al emprendedurismo \u00a0industrial para as\u00ed fomentar la creaci\u00f3n de...","og_url":"https:\/\/www.copealcoy.es\/es\/fedac-insta-a-respaldar-el-emprendedurismo-industrial\/","og_site_name":"COPE Alcoy","article_published_time":"2015-02-24T16:27:11+00:00","article_modified_time":"2015-02-24T16:28:58+00:00","og_image":[{"width":755,"height":460,"url":"https:\/\/www.copealcoy.es\/wp-content\/uploads\/2015\/02\/image69.jpg","type":"image\/jpeg"}],"author":"Cope Alcoy","twitter_misc":{"Escrito por":"Cope Alcoy","Tiempo de lectura":"1 minuto"},"schema":{"@context":"https:\/\/schema.org","@graph":[{"@type":"Article","@id":"https:\/\/www.copealcoy.es\/es\/fedac-insta-a-respaldar-el-emprendedurismo-industrial\/#article","isPartOf":{"@id":"https:\/\/www.copealcoy.es\/es\/fedac-insta-a-respaldar-el-emprendedurismo-industrial\/"},"author":{"name":"Cope Alcoy","@id":"https:\/\/www.copealcoy.es\/es\/#\/schema\/person\/e777c87fa024e57d40170af9df39882c"},"headline":"FEDAC insta a respaldar el emprendedurismo industrial","datePublished":"2015-02-24T16:27:11+00:00","dateModified":"2015-02-24T16:28:58+00:00","mainEntityOfPage":{"@id":"https:\/\/www.copealcoy.es\/es\/fedac-insta-a-respaldar-el-emprendedurismo-industrial\/"},"wordCount":200,"commentCount":0,"image":{"@id":"https:\/\/www.copealcoy.es\/es\/fedac-insta-a-respaldar-el-emprendedurismo-industrial\/#primaryimage"},"thumbnailUrl":"https:\/\/www.copealcoy.es\/wp-content\/uploads\/2015\/02\/image69.jpg","keywords":["Alcoy","Econom\u00eda","Empleo","Emprendedurismo","FEDAC","Industria"],"articleSection":["Alcoy","Noticias","Portada"],"inLanguage":"es"},{"@type":"WebPage","@id":"https:\/\/www.copealcoy.es\/es\/fedac-insta-a-respaldar-el-emprendedurismo-industrial\/","url":"https:\/\/www.copealcoy.es\/es\/fedac-insta-a-respaldar-el-emprendedurismo-industrial\/","name":"FEDAC insta a respaldar el emprendedurismo industrial - COPE Alcoy","isPartOf":{"@id":"https:\/\/www.copealcoy.es\/es\/#website"},"primaryImageOfPage":{"@id":"https:\/\/www.copealcoy.es\/es\/fedac-insta-a-respaldar-el-emprendedurismo-industrial\/#primaryimage"},"image":{"@id":"https:\/\/www.copealcoy.es\/es\/fedac-insta-a-respaldar-el-emprendedurismo-industrial\/#primaryimage"},"thumbnailUrl":"https:\/\/www.copealcoy.es\/wp-content\/uploads\/2015\/02\/image69.jpg","datePublished":"2015-02-24T16:27:11+00:00","dateModified":"2015-02-24T16:28:58+00:00","author":{"@id":"https:\/\/www.copealcoy.es\/es\/#\/schema\/person\/e777c87fa024e57d40170af9df39882c"},"breadcrumb":{"@id":"https:\/\/www.copealcoy.es\/es\/fedac-insta-a-respaldar-el-emprendedurismo-industrial\/#breadcrumb"},"inLanguage":"es","potentialAction":[{"@type":"ReadAction","target":["https:\/\/www.copealcoy.es\/es\/fedac-insta-a-respaldar-el-emprendedurismo-industrial\/"]}]},{"@type":"ImageObject","inLanguage":"es","@id":"https:\/\/www.copealcoy.es\/es\/fedac-insta-a-respaldar-el-emprendedurismo-industrial\/#primaryimage","url":"https:\/\/www.copealcoy.es\/wp-content\/uploads\/2015\/02\/image69.jpg","contentUrl":"https:\/\/www.copealcoy.es\/wp-content\/uploads\/2015\/02\/image69.jpg","width":755,"height":460,"caption":"Pablo de Gracia, Presidente de FEDAC, junto a Ximo Sandoval en el espacio DidacTIC de Cope Alcoy"},{"@type":"BreadcrumbList","@id":"https:\/\/www.copealcoy.es\/es\/fedac-insta-a-respaldar-el-emprendedurismo-industrial\/#breadcrumb","itemListElement":[{"@type":"ListItem","position":1,"name":"Portada","item":"https:\/\/www.copealcoy.es\/es\/"},{"@type":"ListItem","position":2,"name":"FEDAC insta a respaldar el emprendedurismo industrial"}]},{"@type":"WebSite","@id":"https:\/\/www.copealcoy.es\/es\/#website","url":"https:\/\/www.copealcoy.es\/es\/","name":"COPE Alcoy","description":"Emisora COPE de radio local con emisi\u00f3n online. Pont de Sant Jordi 8-10 03803 Alcoy","potentialAction":[{"@type":"SearchAction","target":{"@type":"EntryPoint","urlTemplate":"https:\/\/www.copealcoy.es\/es\/?s={search_term_string}"},"query-input":{"@type":"PropertyValueSpecification","valueRequired":true,"valueName":"search_term_string"}}],"inLanguage":"es"},{"@type":"Person","@id":"https:\/\/www.copealcoy.es\/es\/#\/schema\/person\/e777c87fa024e57d40170af9df39882c","name":"Cope Alcoy","image":{"@type":"ImageObject","inLanguage":"es","@id":"https:\/\/secure.gravatar.com\/avatar\/bb65d0283347e303893ba14f0692005417c1e0e690a325a4c5d8bb2b3943ee14?s=96&d=mm&r=g","url":"https:\/\/secure.gravatar.com\/avatar\/bb65d0283347e303893ba14f0692005417c1e0e690a325a4c5d8bb2b3943ee14?s=96&d=mm&r=g","contentUrl":"https:\/\/secure.gravatar.com\/avatar\/bb65d0283347e303893ba14f0692005417c1e0e690a325a4c5d8bb2b3943ee14?s=96&d=mm&r=g","caption":"Cope Alcoy"}}]}},"_links":{"self":[{"href":"https:\/\/www.copealcoy.es\/es\/wp-json\/wp\/v2\/posts\/10838","targetHints":{"allow":["GET"]}}],"collection":[{"href":"https:\/\/www.copealcoy.es\/es\/wp-json\/wp\/v2\/posts"}],"about":[{"href":"https:\/\/www.copealcoy.es\/es\/wp-json\/wp\/v2\/types\/post"}],"author":[{"embeddable":true,"href":"https:\/\/www.copealcoy.es\/es\/wp-json\/wp\/v2\/users\/1"}],"replies":[{"embeddable":true,"href":"https:\/\/www.copealcoy.es\/es\/wp-json\/wp\/v2\/comments?post=10838"}],"version-history":[{"count":0,"href":"https:\/\/www.copealcoy.es\/es\/wp-json\/wp\/v2\/posts\/10838\/revisions"}],"wp:featuredmedia":[{"embeddable":true,"href":"https:\/\/www.copealcoy.es\/es\/wp-json\/wp\/v2\/media\/10841"}],"wp:attachment":[{"href":"https:\/\/www.copealcoy.es\/es\/wp-json\/wp\/v2\/media?parent=10838"}],"wp:term":[{"taxonomy":"category","embeddable":true,"href":"https:\/\/www.copealcoy.es\/es\/wp-json\/wp\/v2\/categories?post=10838"},{"taxonomy":"post_tag","embeddable":true,"href":"https:\/\/www.copealcoy.es\/es\/wp-json\/wp\/v2\/tags?post=10838"}],"curies":[{"name":"wp","href":"https:\/\/api.w.org\/{rel}","templated":true}]}}