{"id":10772,"date":"2015-02-23T12:54:21","date_gmt":"2015-02-23T12:54:21","guid":{"rendered":"http:\/\/copealcoi.es\/new\/?p=10772"},"modified":"2015-02-23T16:18:44","modified_gmt":"2015-02-23T16:18:44","slug":"plan-para-la-mejora-de-la-eficiencia-energetica-en-la-ciudad","status":"publish","type":"post","link":"https:\/\/www.copealcoy.es\/es\/plan-para-la-mejora-de-la-eficiencia-energetica-en-la-ciudad\/","title":{"rendered":"Plan para la mejora de la eficiencia energ\u00e9tica en la ciudad"},"content":{"rendered":"<p style=\"text-align: justify;\">La Diputaci\u00f3n provincial de Alicante ha concedido una serie de ayudas para las obras de mejora de eficiencia energ\u00e9tica de la ciudad. Gracias a este plan se sustituir\u00e1n las lamparas actuales por iluminaci\u00f3n tipo LED, una actuaci\u00f3n englobada dentro del Plan de Eficiencia Energ\u00e9tica municipal, lo que permite un ahorro para las arcas locales que ronda los 47.000\u20ac en consumo de electricidad. La sustituci\u00f3n de las bombillas por el Led afectar\u00e1 a distintos barrios de Alcoy y tendr\u00e1 un coste total de 240.000\u20ac de los cuales 187.000 correr\u00e1n a cargo de la diputaci\u00f3n y los 53.000 restantes a cargo del Ayuntamiento de Alcoy.<\/p>\n<p style=\"text-align: justify;\">Desde el \u00e1rea de Obras y Servicios explica que en el barrio de Batoy\u00a0se sustituir\u00e1n 141 l\u00e1mparas con un ahorro aproximado de 18.000 euros. \u00a0Por\u00a0su parte en el Barrio de la Zona Norte se van a cambiar 158 luminarias con un ahorro de 30.000 euros.<\/p>\n","protected":false},"excerpt":{"rendered":"<p>La Diputaci\u00f3n provincial de Alicante ha concedido una serie de ayudas para las obras de mejora de eficiencia energ\u00e9tica de&#8230;<\/p>\n","protected":false},"author":1,"featured_media":10773,"comment_status":"open","ping_status":"open","sticky":false,"template":"","format":"standard","meta":{"footnotes":""},"categories":[97,75],"tags":[202,160,1494,269,234,382],"class_list":["post-10772","post","type-post","status-publish","format-standard","has-post-thumbnail","hentry","category-alcoy","category-noticias","tag-ahorro","tag-alcoi","tag-alcoy","tag-alicante","tag-diputacion","tag-energia"],"yoast_head":"<!-- This site is optimized with the Yoast SEO plugin v27.3 - https:\/\/yoast.com\/product\/yoast-seo-wordpress\/ -->\n<title>Plan para la mejora de la eficiencia energ\u00e9tica en la ciudad - COPE Alcoy<\/title>\n<meta name=\"robots\" content=\"index, follow, max-snippet:-1, max-image-preview:large, max-video-preview:-1\" \/>\n<link rel=\"canonical\" href=\"https:\/\/www.copealcoy.es\/es\/plan-para-la-mejora-de-la-eficiencia-energetica-en-la-ciudad\/\" \/>\n<meta property=\"og:locale\" content=\"es_ES\" \/>\n<meta property=\"og:type\" content=\"article\" \/>\n<meta property=\"og:title\" content=\"Plan para la mejora de la eficiencia energ\u00e9tica en la ciudad - COPE Alcoy\" \/>\n<meta property=\"og:description\" content=\"La Diputaci\u00f3n provincial de Alicante ha concedido una serie de ayudas para las obras de mejora de eficiencia energ\u00e9tica de...\" \/>\n<meta property=\"og:url\" content=\"https:\/\/www.copealcoy.es\/es\/plan-para-la-mejora-de-la-eficiencia-energetica-en-la-ciudad\/\" \/>\n<meta property=\"og:site_name\" content=\"COPE Alcoy\" \/>\n<meta property=\"article:published_time\" content=\"2015-02-23T12:54:21+00:00\" \/>\n<meta property=\"article:modified_time\" content=\"2015-02-23T16:18:44+00:00\" \/>\n<meta property=\"og:image\" content=\"https:\/\/www.copealcoy.es\/wp-content\/uploads\/2015\/02\/iluminado-1024x889.jpg\" \/>\n\t<meta property=\"og:image:width\" content=\"1024\" \/>\n\t<meta property=\"og:image:height\" content=\"889\" \/>\n\t<meta property=\"og:image:type\" content=\"image\/jpeg\" \/>\n<meta name=\"author\" content=\"Cope Alcoy\" \/>\n<meta name=\"twitter:label1\" content=\"Escrito por\" \/>\n\t<meta name=\"twitter:data1\" content=\"Cope Alcoy\" \/>\n\t<meta name=\"twitter:label2\" content=\"Tiempo de lectura\" \/>\n\t<meta name=\"twitter:data2\" content=\"1 minuto\" \/>\n<script type=\"application\/ld+json\" class=\"yoast-schema-graph\">{\"@context\":\"https:\\\/\\\/schema.org\",\"@graph\":[{\"@type\":\"Article\",\"@id\":\"https:\\\/\\\/www.copealcoy.es\\\/es\\\/plan-para-la-mejora-de-la-eficiencia-energetica-en-la-ciudad\\\/#article\",\"isPartOf\":{\"@id\":\"https:\\\/\\\/www.copealcoy.es\\\/es\\\/plan-para-la-mejora-de-la-eficiencia-energetica-en-la-ciudad\\\/\"},\"author\":{\"name\":\"Cope Alcoy\",\"@id\":\"https:\\\/\\\/www.copealcoy.es\\\/es\\\/#\\\/schema\\\/person\\\/e777c87fa024e57d40170af9df39882c\"},\"headline\":\"Plan para la mejora de la eficiencia energ\u00e9tica en la ciudad\",\"datePublished\":\"2015-02-23T12:54:21+00:00\",\"dateModified\":\"2015-02-23T16:18:44+00:00\",\"mainEntityOfPage\":{\"@id\":\"https:\\\/\\\/www.copealcoy.es\\\/es\\\/plan-para-la-mejora-de-la-eficiencia-energetica-en-la-ciudad\\\/\"},\"wordCount\":165,\"commentCount\":0,\"image\":{\"@id\":\"https:\\\/\\\/www.copealcoy.es\\\/es\\\/plan-para-la-mejora-de-la-eficiencia-energetica-en-la-ciudad\\\/#primaryimage\"},\"thumbnailUrl\":\"https:\\\/\\\/www.copealcoy.es\\\/wp-content\\\/uploads\\\/2015\\\/02\\\/iluminado.jpg\",\"keywords\":[\"Ahorro\",\"Alcoi\",\"Alcoy\",\"Alicante\",\"Diputaci\u00f3n\",\"Energ\u00eda\"],\"articleSection\":[\"Alcoy\",\"Noticias\"],\"inLanguage\":\"es\"},{\"@type\":\"WebPage\",\"@id\":\"https:\\\/\\\/www.copealcoy.es\\\/es\\\/plan-para-la-mejora-de-la-eficiencia-energetica-en-la-ciudad\\\/\",\"url\":\"https:\\\/\\\/www.copealcoy.es\\\/es\\\/plan-para-la-mejora-de-la-eficiencia-energetica-en-la-ciudad\\\/\",\"name\":\"Plan para la mejora de la eficiencia energ\u00e9tica en la ciudad - COPE Alcoy\",\"isPartOf\":{\"@id\":\"https:\\\/\\\/www.copealcoy.es\\\/es\\\/#website\"},\"primaryImageOfPage\":{\"@id\":\"https:\\\/\\\/www.copealcoy.es\\\/es\\\/plan-para-la-mejora-de-la-eficiencia-energetica-en-la-ciudad\\\/#primaryimage\"},\"image\":{\"@id\":\"https:\\\/\\\/www.copealcoy.es\\\/es\\\/plan-para-la-mejora-de-la-eficiencia-energetica-en-la-ciudad\\\/#primaryimage\"},\"thumbnailUrl\":\"https:\\\/\\\/www.copealcoy.es\\\/wp-content\\\/uploads\\\/2015\\\/02\\\/iluminado.jpg\",\"datePublished\":\"2015-02-23T12:54:21+00:00\",\"dateModified\":\"2015-02-23T16:18:44+00:00\",\"author\":{\"@id\":\"https:\\\/\\\/www.copealcoy.es\\\/es\\\/#\\\/schema\\\/person\\\/e777c87fa024e57d40170af9df39882c\"},\"breadcrumb\":{\"@id\":\"https:\\\/\\\/www.copealcoy.es\\\/es\\\/plan-para-la-mejora-de-la-eficiencia-energetica-en-la-ciudad\\\/#breadcrumb\"},\"inLanguage\":\"es\",\"potentialAction\":[{\"@type\":\"ReadAction\",\"target\":[\"https:\\\/\\\/www.copealcoy.es\\\/es\\\/plan-para-la-mejora-de-la-eficiencia-energetica-en-la-ciudad\\\/\"]}]},{\"@type\":\"ImageObject\",\"inLanguage\":\"es\",\"@id\":\"https:\\\/\\\/www.copealcoy.es\\\/es\\\/plan-para-la-mejora-de-la-eficiencia-energetica-en-la-ciudad\\\/#primaryimage\",\"url\":\"https:\\\/\\\/www.copealcoy.es\\\/wp-content\\\/uploads\\\/2015\\\/02\\\/iluminado.jpg\",\"contentUrl\":\"https:\\\/\\\/www.copealcoy.es\\\/wp-content\\\/uploads\\\/2015\\\/02\\\/iluminado.jpg\",\"width\":2640,\"height\":2292,\"caption\":\"Cambio de la iluminaci\u00f3n\"},{\"@type\":\"BreadcrumbList\",\"@id\":\"https:\\\/\\\/www.copealcoy.es\\\/es\\\/plan-para-la-mejora-de-la-eficiencia-energetica-en-la-ciudad\\\/#breadcrumb\",\"itemListElement\":[{\"@type\":\"ListItem\",\"position\":1,\"name\":\"Portada\",\"item\":\"https:\\\/\\\/www.copealcoy.es\\\/es\\\/\"},{\"@type\":\"ListItem\",\"position\":2,\"name\":\"Plan para la mejora de la eficiencia energ\u00e9tica en la ciudad\"}]},{\"@type\":\"WebSite\",\"@id\":\"https:\\\/\\\/www.copealcoy.es\\\/es\\\/#website\",\"url\":\"https:\\\/\\\/www.copealcoy.es\\\/es\\\/\",\"name\":\"COPE Alcoy\",\"description\":\"Emisora COPE de radio local con emisi\u00f3n online. Pont de Sant Jordi 8-10 03803 Alcoy\",\"potentialAction\":[{\"@type\":\"SearchAction\",\"target\":{\"@type\":\"EntryPoint\",\"urlTemplate\":\"https:\\\/\\\/www.copealcoy.es\\\/es\\\/?s={search_term_string}\"},\"query-input\":{\"@type\":\"PropertyValueSpecification\",\"valueRequired\":true,\"valueName\":\"search_term_string\"}}],\"inLanguage\":\"es\"},{\"@type\":\"Person\",\"@id\":\"https:\\\/\\\/www.copealcoy.es\\\/es\\\/#\\\/schema\\\/person\\\/e777c87fa024e57d40170af9df39882c\",\"name\":\"Cope Alcoy\",\"image\":{\"@type\":\"ImageObject\",\"inLanguage\":\"es\",\"@id\":\"https:\\\/\\\/secure.gravatar.com\\\/avatar\\\/bb65d0283347e303893ba14f0692005417c1e0e690a325a4c5d8bb2b3943ee14?s=96&d=mm&r=g\",\"url\":\"https:\\\/\\\/secure.gravatar.com\\\/avatar\\\/bb65d0283347e303893ba14f0692005417c1e0e690a325a4c5d8bb2b3943ee14?s=96&d=mm&r=g\",\"contentUrl\":\"https:\\\/\\\/secure.gravatar.com\\\/avatar\\\/bb65d0283347e303893ba14f0692005417c1e0e690a325a4c5d8bb2b3943ee14?s=96&d=mm&r=g\",\"caption\":\"Cope Alcoy\"}}]}<\/script>\n<!-- \/ Yoast SEO plugin. -->","yoast_head_json":{"title":"Plan para la mejora de la eficiencia energ\u00e9tica en la ciudad - COPE Alcoy","robots":{"index":"index","follow":"follow","max-snippet":"max-snippet:-1","max-image-preview":"max-image-preview:large","max-video-preview":"max-video-preview:-1"},"canonical":"https:\/\/www.copealcoy.es\/es\/plan-para-la-mejora-de-la-eficiencia-energetica-en-la-ciudad\/","og_locale":"es_ES","og_type":"article","og_title":"Plan para la mejora de la eficiencia energ\u00e9tica en la ciudad - COPE Alcoy","og_description":"La Diputaci\u00f3n provincial de Alicante ha concedido una serie de ayudas para las obras de mejora de eficiencia energ\u00e9tica de...","og_url":"https:\/\/www.copealcoy.es\/es\/plan-para-la-mejora-de-la-eficiencia-energetica-en-la-ciudad\/","og_site_name":"COPE Alcoy","article_published_time":"2015-02-23T12:54:21+00:00","article_modified_time":"2015-02-23T16:18:44+00:00","og_image":[{"width":1024,"height":889,"url":"https:\/\/www.copealcoy.es\/wp-content\/uploads\/2015\/02\/iluminado-1024x889.jpg","type":"image\/jpeg"}],"author":"Cope Alcoy","twitter_misc":{"Escrito por":"Cope Alcoy","Tiempo de lectura":"1 minuto"},"schema":{"@context":"https:\/\/schema.org","@graph":[{"@type":"Article","@id":"https:\/\/www.copealcoy.es\/es\/plan-para-la-mejora-de-la-eficiencia-energetica-en-la-ciudad\/#article","isPartOf":{"@id":"https:\/\/www.copealcoy.es\/es\/plan-para-la-mejora-de-la-eficiencia-energetica-en-la-ciudad\/"},"author":{"name":"Cope Alcoy","@id":"https:\/\/www.copealcoy.es\/es\/#\/schema\/person\/e777c87fa024e57d40170af9df39882c"},"headline":"Plan para la mejora de la eficiencia energ\u00e9tica en la ciudad","datePublished":"2015-02-23T12:54:21+00:00","dateModified":"2015-02-23T16:18:44+00:00","mainEntityOfPage":{"@id":"https:\/\/www.copealcoy.es\/es\/plan-para-la-mejora-de-la-eficiencia-energetica-en-la-ciudad\/"},"wordCount":165,"commentCount":0,"image":{"@id":"https:\/\/www.copealcoy.es\/es\/plan-para-la-mejora-de-la-eficiencia-energetica-en-la-ciudad\/#primaryimage"},"thumbnailUrl":"https:\/\/www.copealcoy.es\/wp-content\/uploads\/2015\/02\/iluminado.jpg","keywords":["Ahorro","Alcoi","Alcoy","Alicante","Diputaci\u00f3n","Energ\u00eda"],"articleSection":["Alcoy","Noticias"],"inLanguage":"es"},{"@type":"WebPage","@id":"https:\/\/www.copealcoy.es\/es\/plan-para-la-mejora-de-la-eficiencia-energetica-en-la-ciudad\/","url":"https:\/\/www.copealcoy.es\/es\/plan-para-la-mejora-de-la-eficiencia-energetica-en-la-ciudad\/","name":"Plan para la mejora de la eficiencia energ\u00e9tica en la ciudad - COPE Alcoy","isPartOf":{"@id":"https:\/\/www.copealcoy.es\/es\/#website"},"primaryImageOfPage":{"@id":"https:\/\/www.copealcoy.es\/es\/plan-para-la-mejora-de-la-eficiencia-energetica-en-la-ciudad\/#primaryimage"},"image":{"@id":"https:\/\/www.copealcoy.es\/es\/plan-para-la-mejora-de-la-eficiencia-energetica-en-la-ciudad\/#primaryimage"},"thumbnailUrl":"https:\/\/www.copealcoy.es\/wp-content\/uploads\/2015\/02\/iluminado.jpg","datePublished":"2015-02-23T12:54:21+00:00","dateModified":"2015-02-23T16:18:44+00:00","author":{"@id":"https:\/\/www.copealcoy.es\/es\/#\/schema\/person\/e777c87fa024e57d40170af9df39882c"},"breadcrumb":{"@id":"https:\/\/www.copealcoy.es\/es\/plan-para-la-mejora-de-la-eficiencia-energetica-en-la-ciudad\/#breadcrumb"},"inLanguage":"es","potentialAction":[{"@type":"ReadAction","target":["https:\/\/www.copealcoy.es\/es\/plan-para-la-mejora-de-la-eficiencia-energetica-en-la-ciudad\/"]}]},{"@type":"ImageObject","inLanguage":"es","@id":"https:\/\/www.copealcoy.es\/es\/plan-para-la-mejora-de-la-eficiencia-energetica-en-la-ciudad\/#primaryimage","url":"https:\/\/www.copealcoy.es\/wp-content\/uploads\/2015\/02\/iluminado.jpg","contentUrl":"https:\/\/www.copealcoy.es\/wp-content\/uploads\/2015\/02\/iluminado.jpg","width":2640,"height":2292,"caption":"Cambio de la iluminaci\u00f3n"},{"@type":"BreadcrumbList","@id":"https:\/\/www.copealcoy.es\/es\/plan-para-la-mejora-de-la-eficiencia-energetica-en-la-ciudad\/#breadcrumb","itemListElement":[{"@type":"ListItem","position":1,"name":"Portada","item":"https:\/\/www.copealcoy.es\/es\/"},{"@type":"ListItem","position":2,"name":"Plan para la mejora de la eficiencia energ\u00e9tica en la ciudad"}]},{"@type":"WebSite","@id":"https:\/\/www.copealcoy.es\/es\/#website","url":"https:\/\/www.copealcoy.es\/es\/","name":"COPE Alcoy","description":"Emisora COPE de radio local con emisi\u00f3n online. Pont de Sant Jordi 8-10 03803 Alcoy","potentialAction":[{"@type":"SearchAction","target":{"@type":"EntryPoint","urlTemplate":"https:\/\/www.copealcoy.es\/es\/?s={search_term_string}"},"query-input":{"@type":"PropertyValueSpecification","valueRequired":true,"valueName":"search_term_string"}}],"inLanguage":"es"},{"@type":"Person","@id":"https:\/\/www.copealcoy.es\/es\/#\/schema\/person\/e777c87fa024e57d40170af9df39882c","name":"Cope Alcoy","image":{"@type":"ImageObject","inLanguage":"es","@id":"https:\/\/secure.gravatar.com\/avatar\/bb65d0283347e303893ba14f0692005417c1e0e690a325a4c5d8bb2b3943ee14?s=96&d=mm&r=g","url":"https:\/\/secure.gravatar.com\/avatar\/bb65d0283347e303893ba14f0692005417c1e0e690a325a4c5d8bb2b3943ee14?s=96&d=mm&r=g","contentUrl":"https:\/\/secure.gravatar.com\/avatar\/bb65d0283347e303893ba14f0692005417c1e0e690a325a4c5d8bb2b3943ee14?s=96&d=mm&r=g","caption":"Cope Alcoy"}}]}},"_links":{"self":[{"href":"https:\/\/www.copealcoy.es\/es\/wp-json\/wp\/v2\/posts\/10772","targetHints":{"allow":["GET"]}}],"collection":[{"href":"https:\/\/www.copealcoy.es\/es\/wp-json\/wp\/v2\/posts"}],"about":[{"href":"https:\/\/www.copealcoy.es\/es\/wp-json\/wp\/v2\/types\/post"}],"author":[{"embeddable":true,"href":"https:\/\/www.copealcoy.es\/es\/wp-json\/wp\/v2\/users\/1"}],"replies":[{"embeddable":true,"href":"https:\/\/www.copealcoy.es\/es\/wp-json\/wp\/v2\/comments?post=10772"}],"version-history":[{"count":0,"href":"https:\/\/www.copealcoy.es\/es\/wp-json\/wp\/v2\/posts\/10772\/revisions"}],"wp:featuredmedia":[{"embeddable":true,"href":"https:\/\/www.copealcoy.es\/es\/wp-json\/wp\/v2\/media\/10773"}],"wp:attachment":[{"href":"https:\/\/www.copealcoy.es\/es\/wp-json\/wp\/v2\/media?parent=10772"}],"wp:term":[{"taxonomy":"category","embeddable":true,"href":"https:\/\/www.copealcoy.es\/es\/wp-json\/wp\/v2\/categories?post=10772"},{"taxonomy":"post_tag","embeddable":true,"href":"https:\/\/www.copealcoy.es\/es\/wp-json\/wp\/v2\/tags?post=10772"}],"curies":[{"name":"wp","href":"https:\/\/api.w.org\/{rel}","templated":true}]}}