{"id":10708,"date":"2015-02-20T19:49:44","date_gmt":"2015-02-20T19:49:44","guid":{"rendered":"http:\/\/copealcoi.es\/new\/?p=10708"},"modified":"2015-02-20T19:51:28","modified_gmt":"2015-02-20T19:51:28","slug":"10708","status":"publish","type":"post","link":"https:\/\/www.copealcoy.es\/es\/10708\/","title":{"rendered":"Aprobados los presupuestos de Cocentaina"},"content":{"rendered":"<p style=\"text-align: justify;\">El pleno del Ayuntamiento de Cocentaina ha aprobado los presupuestos municipales para este a\u00f1o 2015 con el voto favorable del equipo de gobierno formado por el PSOE e Izquierda Unida y del Partido Popular. Por su parte el Col.lectiu 03820 se abstuvo.<\/p>\n<p style=\"text-align: justify;\">El edil de Hacienda, Marcos Castell\u00f3, detall\u00f3 que las cuentas para este ejercicio son &#8220;estables y acorde con la normativa&#8221; y explic\u00f3 los principales puntos de la mismas. En este sentido hay que destacar que aumentan las partidas de promoci\u00f3n econ\u00f3mica, la actividad cultural Sentme y los servicios sociales. Precisamente en esta \u00faltima hay un incremento del 20% para las ayudas de emergencia con una cantidad que se sit\u00faa en los 120.000 euros. Por su parte se mantienen las subvenciones para la rehabilitaci\u00f3n de fachadas con 30.000 euros y se reservan 2.000 euros para becas que premiar\u00e1n los mejores expedientes acad\u00e9micos. En cuanto a las inversiones se destinar\u00e1n 50.000 euros para reparar los caminos da\u00f1ados por las obras de la Autov\u00eda Central as\u00ed como se han previsto varias partidas para realizar actuaciones en los riegos de Beniassent y Calandria, la Escoleta Infantil Sant Hip\u00f2lit, el edificio de la FPA Beniassent y la mejora de la iluminaci\u00f3n del barrio del Raval. Tambi\u00e9n destacan 15.000 euros para desarrollar el Plan Director del Palau, un proyecto que se llevar\u00e1 a cabo conjuntamente con la Diputaci\u00f3n de Alicante. Adem\u00e1s Castell\u00f3 remarc\u00f3 que la deuda municipal se sit\u00faa en el 30%, un nivel que est\u00e1 muy por debajo del m\u00e1ximo permitido por Hacienda y que es del 75%.<\/p>\n<p style=\"text-align: justify;\">En el turno de intervenciones el Partido Popular destac\u00f3 por medio de su portavoz Adolfo Sancho que se hab\u00edan recogido sus propuestas y afirm\u00f3 que este apoyo al Ejecutivo no es un pacto &#8220;es un acuerdo para llegar a un consenso y conseguir as\u00ed velar por los intereses de todos los contestanos&#8221;, detall\u00f3. Por su parte desde el Col.lectiu su portavoz, Ester Blanes, lament\u00f3 que no se hayan atendido sus peticiones &#8220;es que ni siquiera se han sentado con nosotros a negociar&#8221;, matiz\u00f3. No obstante dej\u00f3 claro que se absten\u00edan haciendo un ejercicio de responsabilidad y pensando en la ciudadan\u00eda.<\/p>\n<p style=\"text-align: justify;\">Por \u00faltimo el alcalde, Rafael Briet, fue cr\u00edtico con la postura de los independientes y agradeci\u00f3 el gesto de los Populares aunque apunt\u00f3 que ha echado en falta el apoyo de estos \u00faltimos en algunos asuntos clave durante toda esta legislatura.<\/p>\n","protected":false},"excerpt":{"rendered":"<p>El pleno del Ayuntamiento de Cocentaina ha aprobado los presupuestos municipales para este a\u00f1o 2015 con el voto favorable del&#8230;<\/p>\n","protected":false},"author":1,"featured_media":10709,"comment_status":"open","ping_status":"open","sticky":false,"template":"","format":"standard","meta":{"footnotes":""},"categories":[98,75],"tags":[132,390,422,316],"class_list":["post-10708","post","type-post","status-publish","format-standard","has-post-thumbnail","hentry","category-comarcas","category-noticias","tag-cocentaina","tag-economia","tag-politica","tag-presupuestos"],"yoast_head":"<!-- This site is optimized with the Yoast SEO plugin v27.3 - https:\/\/yoast.com\/product\/yoast-seo-wordpress\/ -->\n<title>Aprobados los presupuestos de Cocentaina - COPE Alcoy<\/title>\n<meta name=\"robots\" content=\"index, follow, max-snippet:-1, max-image-preview:large, max-video-preview:-1\" \/>\n<link rel=\"canonical\" href=\"https:\/\/www.copealcoy.es\/es\/10708\/\" \/>\n<meta property=\"og:locale\" content=\"es_ES\" \/>\n<meta property=\"og:type\" content=\"article\" \/>\n<meta property=\"og:title\" content=\"Aprobados los presupuestos de Cocentaina - COPE Alcoy\" \/>\n<meta property=\"og:description\" content=\"El pleno del Ayuntamiento de Cocentaina ha aprobado los presupuestos municipales para este a\u00f1o 2015 con el voto favorable del...\" \/>\n<meta property=\"og:url\" content=\"https:\/\/www.copealcoy.es\/es\/10708\/\" \/>\n<meta property=\"og:site_name\" content=\"COPE Alcoy\" \/>\n<meta property=\"article:published_time\" content=\"2015-02-20T19:49:44+00:00\" \/>\n<meta property=\"article:modified_time\" content=\"2015-02-20T19:51:28+00:00\" \/>\n<meta property=\"og:image\" content=\"https:\/\/www.copealcoy.es\/wp-content\/uploads\/2015\/02\/image51.jpg\" \/>\n\t<meta property=\"og:image:width\" content=\"3475\" \/>\n\t<meta property=\"og:image:height\" content=\"2261\" \/>\n\t<meta property=\"og:image:type\" content=\"image\/jpeg\" \/>\n<meta name=\"author\" content=\"Cope Alcoy\" \/>\n<meta name=\"twitter:label1\" content=\"Escrito por\" \/>\n\t<meta name=\"twitter:data1\" content=\"Cope Alcoy\" \/>\n\t<meta name=\"twitter:label2\" content=\"Tiempo de lectura\" \/>\n\t<meta name=\"twitter:data2\" content=\"2 minutos\" \/>\n<script type=\"application\/ld+json\" class=\"yoast-schema-graph\">{\"@context\":\"https:\\\/\\\/schema.org\",\"@graph\":[{\"@type\":\"Article\",\"@id\":\"https:\\\/\\\/www.copealcoy.es\\\/es\\\/10708\\\/#article\",\"isPartOf\":{\"@id\":\"https:\\\/\\\/www.copealcoy.es\\\/es\\\/10708\\\/\"},\"author\":{\"name\":\"Cope Alcoy\",\"@id\":\"https:\\\/\\\/www.copealcoy.es\\\/es\\\/#\\\/schema\\\/person\\\/e777c87fa024e57d40170af9df39882c\"},\"headline\":\"Aprobados los presupuestos de Cocentaina\",\"datePublished\":\"2015-02-20T19:49:44+00:00\",\"dateModified\":\"2015-02-20T19:51:28+00:00\",\"mainEntityOfPage\":{\"@id\":\"https:\\\/\\\/www.copealcoy.es\\\/es\\\/10708\\\/\"},\"wordCount\":414,\"commentCount\":0,\"image\":{\"@id\":\"https:\\\/\\\/www.copealcoy.es\\\/es\\\/10708\\\/#primaryimage\"},\"thumbnailUrl\":\"https:\\\/\\\/www.copealcoy.es\\\/wp-content\\\/uploads\\\/2015\\\/02\\\/image51.jpg\",\"keywords\":[\"Cocentaina\",\"Econom\u00eda\",\"Pol\u00edtica\",\"Presupuestos\"],\"articleSection\":[\"Comarcas\",\"Noticias\"],\"inLanguage\":\"es\"},{\"@type\":\"WebPage\",\"@id\":\"https:\\\/\\\/www.copealcoy.es\\\/es\\\/10708\\\/\",\"url\":\"https:\\\/\\\/www.copealcoy.es\\\/es\\\/10708\\\/\",\"name\":\"Aprobados los presupuestos de Cocentaina - COPE Alcoy\",\"isPartOf\":{\"@id\":\"https:\\\/\\\/www.copealcoy.es\\\/es\\\/#website\"},\"primaryImageOfPage\":{\"@id\":\"https:\\\/\\\/www.copealcoy.es\\\/es\\\/10708\\\/#primaryimage\"},\"image\":{\"@id\":\"https:\\\/\\\/www.copealcoy.es\\\/es\\\/10708\\\/#primaryimage\"},\"thumbnailUrl\":\"https:\\\/\\\/www.copealcoy.es\\\/wp-content\\\/uploads\\\/2015\\\/02\\\/image51.jpg\",\"datePublished\":\"2015-02-20T19:49:44+00:00\",\"dateModified\":\"2015-02-20T19:51:28+00:00\",\"author\":{\"@id\":\"https:\\\/\\\/www.copealcoy.es\\\/es\\\/#\\\/schema\\\/person\\\/e777c87fa024e57d40170af9df39882c\"},\"breadcrumb\":{\"@id\":\"https:\\\/\\\/www.copealcoy.es\\\/es\\\/10708\\\/#breadcrumb\"},\"inLanguage\":\"es\",\"potentialAction\":[{\"@type\":\"ReadAction\",\"target\":[\"https:\\\/\\\/www.copealcoy.es\\\/es\\\/10708\\\/\"]}]},{\"@type\":\"ImageObject\",\"inLanguage\":\"es\",\"@id\":\"https:\\\/\\\/www.copealcoy.es\\\/es\\\/10708\\\/#primaryimage\",\"url\":\"https:\\\/\\\/www.copealcoy.es\\\/wp-content\\\/uploads\\\/2015\\\/02\\\/image51.jpg\",\"contentUrl\":\"https:\\\/\\\/www.copealcoy.es\\\/wp-content\\\/uploads\\\/2015\\\/02\\\/image51.jpg\",\"width\":1660,\"height\":1080,\"caption\":\"Instante del debate de los presupuestos en el Pleno\"},{\"@type\":\"BreadcrumbList\",\"@id\":\"https:\\\/\\\/www.copealcoy.es\\\/es\\\/10708\\\/#breadcrumb\",\"itemListElement\":[{\"@type\":\"ListItem\",\"position\":1,\"name\":\"Portada\",\"item\":\"https:\\\/\\\/www.copealcoy.es\\\/es\\\/\"},{\"@type\":\"ListItem\",\"position\":2,\"name\":\"Aprobados los presupuestos de Cocentaina\"}]},{\"@type\":\"WebSite\",\"@id\":\"https:\\\/\\\/www.copealcoy.es\\\/es\\\/#website\",\"url\":\"https:\\\/\\\/www.copealcoy.es\\\/es\\\/\",\"name\":\"COPE Alcoy\",\"description\":\"Emisora COPE de radio local con emisi\u00f3n online. Pont de Sant Jordi 8-10 03803 Alcoy\",\"potentialAction\":[{\"@type\":\"SearchAction\",\"target\":{\"@type\":\"EntryPoint\",\"urlTemplate\":\"https:\\\/\\\/www.copealcoy.es\\\/es\\\/?s={search_term_string}\"},\"query-input\":{\"@type\":\"PropertyValueSpecification\",\"valueRequired\":true,\"valueName\":\"search_term_string\"}}],\"inLanguage\":\"es\"},{\"@type\":\"Person\",\"@id\":\"https:\\\/\\\/www.copealcoy.es\\\/es\\\/#\\\/schema\\\/person\\\/e777c87fa024e57d40170af9df39882c\",\"name\":\"Cope Alcoy\",\"image\":{\"@type\":\"ImageObject\",\"inLanguage\":\"es\",\"@id\":\"https:\\\/\\\/secure.gravatar.com\\\/avatar\\\/bb65d0283347e303893ba14f0692005417c1e0e690a325a4c5d8bb2b3943ee14?s=96&d=mm&r=g\",\"url\":\"https:\\\/\\\/secure.gravatar.com\\\/avatar\\\/bb65d0283347e303893ba14f0692005417c1e0e690a325a4c5d8bb2b3943ee14?s=96&d=mm&r=g\",\"contentUrl\":\"https:\\\/\\\/secure.gravatar.com\\\/avatar\\\/bb65d0283347e303893ba14f0692005417c1e0e690a325a4c5d8bb2b3943ee14?s=96&d=mm&r=g\",\"caption\":\"Cope Alcoy\"}}]}<\/script>\n<!-- \/ Yoast SEO plugin. -->","yoast_head_json":{"title":"Aprobados los presupuestos de Cocentaina - COPE Alcoy","robots":{"index":"index","follow":"follow","max-snippet":"max-snippet:-1","max-image-preview":"max-image-preview:large","max-video-preview":"max-video-preview:-1"},"canonical":"https:\/\/www.copealcoy.es\/es\/10708\/","og_locale":"es_ES","og_type":"article","og_title":"Aprobados los presupuestos de Cocentaina - COPE Alcoy","og_description":"El pleno del Ayuntamiento de Cocentaina ha aprobado los presupuestos municipales para este a\u00f1o 2015 con el voto favorable del...","og_url":"https:\/\/www.copealcoy.es\/es\/10708\/","og_site_name":"COPE Alcoy","article_published_time":"2015-02-20T19:49:44+00:00","article_modified_time":"2015-02-20T19:51:28+00:00","og_image":[{"width":3475,"height":2261,"url":"https:\/\/www.copealcoy.es\/wp-content\/uploads\/2015\/02\/image51.jpg","type":"image\/jpeg"}],"author":"Cope Alcoy","twitter_misc":{"Escrito por":"Cope Alcoy","Tiempo de lectura":"2 minutos"},"schema":{"@context":"https:\/\/schema.org","@graph":[{"@type":"Article","@id":"https:\/\/www.copealcoy.es\/es\/10708\/#article","isPartOf":{"@id":"https:\/\/www.copealcoy.es\/es\/10708\/"},"author":{"name":"Cope Alcoy","@id":"https:\/\/www.copealcoy.es\/es\/#\/schema\/person\/e777c87fa024e57d40170af9df39882c"},"headline":"Aprobados los presupuestos de Cocentaina","datePublished":"2015-02-20T19:49:44+00:00","dateModified":"2015-02-20T19:51:28+00:00","mainEntityOfPage":{"@id":"https:\/\/www.copealcoy.es\/es\/10708\/"},"wordCount":414,"commentCount":0,"image":{"@id":"https:\/\/www.copealcoy.es\/es\/10708\/#primaryimage"},"thumbnailUrl":"https:\/\/www.copealcoy.es\/wp-content\/uploads\/2015\/02\/image51.jpg","keywords":["Cocentaina","Econom\u00eda","Pol\u00edtica","Presupuestos"],"articleSection":["Comarcas","Noticias"],"inLanguage":"es"},{"@type":"WebPage","@id":"https:\/\/www.copealcoy.es\/es\/10708\/","url":"https:\/\/www.copealcoy.es\/es\/10708\/","name":"Aprobados los presupuestos de Cocentaina - COPE Alcoy","isPartOf":{"@id":"https:\/\/www.copealcoy.es\/es\/#website"},"primaryImageOfPage":{"@id":"https:\/\/www.copealcoy.es\/es\/10708\/#primaryimage"},"image":{"@id":"https:\/\/www.copealcoy.es\/es\/10708\/#primaryimage"},"thumbnailUrl":"https:\/\/www.copealcoy.es\/wp-content\/uploads\/2015\/02\/image51.jpg","datePublished":"2015-02-20T19:49:44+00:00","dateModified":"2015-02-20T19:51:28+00:00","author":{"@id":"https:\/\/www.copealcoy.es\/es\/#\/schema\/person\/e777c87fa024e57d40170af9df39882c"},"breadcrumb":{"@id":"https:\/\/www.copealcoy.es\/es\/10708\/#breadcrumb"},"inLanguage":"es","potentialAction":[{"@type":"ReadAction","target":["https:\/\/www.copealcoy.es\/es\/10708\/"]}]},{"@type":"ImageObject","inLanguage":"es","@id":"https:\/\/www.copealcoy.es\/es\/10708\/#primaryimage","url":"https:\/\/www.copealcoy.es\/wp-content\/uploads\/2015\/02\/image51.jpg","contentUrl":"https:\/\/www.copealcoy.es\/wp-content\/uploads\/2015\/02\/image51.jpg","width":1660,"height":1080,"caption":"Instante del debate de los presupuestos en el Pleno"},{"@type":"BreadcrumbList","@id":"https:\/\/www.copealcoy.es\/es\/10708\/#breadcrumb","itemListElement":[{"@type":"ListItem","position":1,"name":"Portada","item":"https:\/\/www.copealcoy.es\/es\/"},{"@type":"ListItem","position":2,"name":"Aprobados los presupuestos de Cocentaina"}]},{"@type":"WebSite","@id":"https:\/\/www.copealcoy.es\/es\/#website","url":"https:\/\/www.copealcoy.es\/es\/","name":"COPE Alcoy","description":"Emisora COPE de radio local con emisi\u00f3n online. Pont de Sant Jordi 8-10 03803 Alcoy","potentialAction":[{"@type":"SearchAction","target":{"@type":"EntryPoint","urlTemplate":"https:\/\/www.copealcoy.es\/es\/?s={search_term_string}"},"query-input":{"@type":"PropertyValueSpecification","valueRequired":true,"valueName":"search_term_string"}}],"inLanguage":"es"},{"@type":"Person","@id":"https:\/\/www.copealcoy.es\/es\/#\/schema\/person\/e777c87fa024e57d40170af9df39882c","name":"Cope Alcoy","image":{"@type":"ImageObject","inLanguage":"es","@id":"https:\/\/secure.gravatar.com\/avatar\/bb65d0283347e303893ba14f0692005417c1e0e690a325a4c5d8bb2b3943ee14?s=96&d=mm&r=g","url":"https:\/\/secure.gravatar.com\/avatar\/bb65d0283347e303893ba14f0692005417c1e0e690a325a4c5d8bb2b3943ee14?s=96&d=mm&r=g","contentUrl":"https:\/\/secure.gravatar.com\/avatar\/bb65d0283347e303893ba14f0692005417c1e0e690a325a4c5d8bb2b3943ee14?s=96&d=mm&r=g","caption":"Cope Alcoy"}}]}},"_links":{"self":[{"href":"https:\/\/www.copealcoy.es\/es\/wp-json\/wp\/v2\/posts\/10708","targetHints":{"allow":["GET"]}}],"collection":[{"href":"https:\/\/www.copealcoy.es\/es\/wp-json\/wp\/v2\/posts"}],"about":[{"href":"https:\/\/www.copealcoy.es\/es\/wp-json\/wp\/v2\/types\/post"}],"author":[{"embeddable":true,"href":"https:\/\/www.copealcoy.es\/es\/wp-json\/wp\/v2\/users\/1"}],"replies":[{"embeddable":true,"href":"https:\/\/www.copealcoy.es\/es\/wp-json\/wp\/v2\/comments?post=10708"}],"version-history":[{"count":0,"href":"https:\/\/www.copealcoy.es\/es\/wp-json\/wp\/v2\/posts\/10708\/revisions"}],"wp:featuredmedia":[{"embeddable":true,"href":"https:\/\/www.copealcoy.es\/es\/wp-json\/wp\/v2\/media\/10709"}],"wp:attachment":[{"href":"https:\/\/www.copealcoy.es\/es\/wp-json\/wp\/v2\/media?parent=10708"}],"wp:term":[{"taxonomy":"category","embeddable":true,"href":"https:\/\/www.copealcoy.es\/es\/wp-json\/wp\/v2\/categories?post=10708"},{"taxonomy":"post_tag","embeddable":true,"href":"https:\/\/www.copealcoy.es\/es\/wp-json\/wp\/v2\/tags?post=10708"}],"curies":[{"name":"wp","href":"https:\/\/api.w.org\/{rel}","templated":true}]}}