{"id":10596,"date":"2015-02-17T06:00:09","date_gmt":"2015-02-17T06:00:09","guid":{"rendered":"http:\/\/copealcoi.es\/new\/?p=10596"},"modified":"2015-02-17T15:05:00","modified_gmt":"2015-02-17T15:05:00","slug":"arrancan-las-obras-de-la-calle-calderon","status":"publish","type":"post","link":"https:\/\/www.copealcoy.es\/es\/arrancan-las-obras-de-la-calle-calderon\/","title":{"rendered":"Arrancan las obras de la calle Calder\u00f3n"},"content":{"rendered":"<p style=\"text-align: justify;\">Tras una larga espera el Ayuntamiento de Alcoy ha iniciado ya las obras para la reparaci\u00f3n de la calle Calder\u00f3n. La empresa Bertol\u00edn, adjudicataria de los trabajos, ha comenzado a realizar las primeras catas que permitir\u00e1n ubicar los soportes sobre los que se asentar\u00e1 el nuevo trazado del vial con el objetivo de evitar nuevos desprendimientos en el futuro. As\u00ed lo ha explicado el edil de Obras y Servicios, Jordi Mart\u00ednez, quien calcula que la intervenci\u00f3n pueda estar finalizada antes de que termine la primavera.<\/p>\n<p style=\"text-align: justify;\">El mun\u00edcipe ha detallado tambi\u00e9n en Cope Alcoy que la empresa est\u00e1 demoliendo las naves para disponer de los terrenos en los que operar\u00e1. El proyecto tiene un coste de 220.000 euros y permitir\u00e1 reabrir de nuevo esta calle que lleva cerrada al tr\u00e1fico desde enero del a\u00f1o 2012.<\/p>\n","protected":false},"excerpt":{"rendered":"<p>Tras una larga espera el Ayuntamiento de Alcoy ha iniciado ya las obras para la reparaci\u00f3n de la calle Calder\u00f3n&#8230;.<\/p>\n","protected":false},"author":1,"featured_media":9682,"comment_status":"open","ping_status":"open","sticky":false,"template":"","format":"standard","meta":{"footnotes":""},"categories":[97,75,125],"tags":[1494,229,723,145],"class_list":["post-10596","post","type-post","status-publish","format-standard","has-post-thumbnail","hentry","category-alcoy","category-noticias","category-portada","tag-alcoy","tag-ayuntamiento","tag-calle-calderon","tag-obras"],"yoast_head":"<!-- This site is optimized with the Yoast SEO plugin v27.3 - https:\/\/yoast.com\/product\/yoast-seo-wordpress\/ -->\n<title>Arrancan las obras de la calle Calder\u00f3n - COPE Alcoy<\/title>\n<meta name=\"robots\" content=\"index, follow, max-snippet:-1, max-image-preview:large, max-video-preview:-1\" \/>\n<link rel=\"canonical\" href=\"https:\/\/www.copealcoy.es\/es\/arrancan-las-obras-de-la-calle-calderon\/\" \/>\n<meta property=\"og:locale\" content=\"es_ES\" \/>\n<meta property=\"og:type\" content=\"article\" \/>\n<meta property=\"og:title\" content=\"Arrancan las obras de la calle Calder\u00f3n - COPE Alcoy\" \/>\n<meta property=\"og:description\" content=\"Tras una larga espera el Ayuntamiento de Alcoy ha iniciado ya las obras para la reparaci\u00f3n de la calle Calder\u00f3n....\" \/>\n<meta property=\"og:url\" content=\"https:\/\/www.copealcoy.es\/es\/arrancan-las-obras-de-la-calle-calderon\/\" \/>\n<meta property=\"og:site_name\" content=\"COPE Alcoy\" \/>\n<meta property=\"article:published_time\" content=\"2015-02-17T06:00:09+00:00\" \/>\n<meta property=\"article:modified_time\" content=\"2015-02-17T15:05:00+00:00\" \/>\n<meta property=\"og:image\" content=\"https:\/\/www.copealcoy.es\/wp-content\/uploads\/2015\/01\/image59.jpg\" \/>\n\t<meta property=\"og:image:width\" content=\"960\" \/>\n\t<meta property=\"og:image:height\" content=\"568\" \/>\n\t<meta property=\"og:image:type\" content=\"image\/jpeg\" \/>\n<meta name=\"author\" content=\"Cope Alcoy\" \/>\n<meta name=\"twitter:label1\" content=\"Escrito por\" \/>\n\t<meta name=\"twitter:data1\" content=\"Cope Alcoy\" \/>\n\t<meta name=\"twitter:label2\" content=\"Tiempo de lectura\" \/>\n\t<meta name=\"twitter:data2\" content=\"1 minuto\" \/>\n<script type=\"application\/ld+json\" class=\"yoast-schema-graph\">{\"@context\":\"https:\\\/\\\/schema.org\",\"@graph\":[{\"@type\":\"Article\",\"@id\":\"https:\\\/\\\/www.copealcoy.es\\\/es\\\/arrancan-las-obras-de-la-calle-calderon\\\/#article\",\"isPartOf\":{\"@id\":\"https:\\\/\\\/www.copealcoy.es\\\/es\\\/arrancan-las-obras-de-la-calle-calderon\\\/\"},\"author\":{\"name\":\"Cope Alcoy\",\"@id\":\"https:\\\/\\\/www.copealcoy.es\\\/es\\\/#\\\/schema\\\/person\\\/e777c87fa024e57d40170af9df39882c\"},\"headline\":\"Arrancan las obras de la calle Calder\u00f3n\",\"datePublished\":\"2015-02-17T06:00:09+00:00\",\"dateModified\":\"2015-02-17T15:05:00+00:00\",\"mainEntityOfPage\":{\"@id\":\"https:\\\/\\\/www.copealcoy.es\\\/es\\\/arrancan-las-obras-de-la-calle-calderon\\\/\"},\"wordCount\":150,\"commentCount\":0,\"image\":{\"@id\":\"https:\\\/\\\/www.copealcoy.es\\\/es\\\/arrancan-las-obras-de-la-calle-calderon\\\/#primaryimage\"},\"thumbnailUrl\":\"https:\\\/\\\/www.copealcoy.es\\\/wp-content\\\/uploads\\\/2015\\\/01\\\/image59.jpg\",\"keywords\":[\"Alcoy\",\"Ayuntamiento\",\"Calle Calder\u00f3n\",\"Obras\"],\"articleSection\":[\"Alcoy\",\"Noticias\",\"Portada\"],\"inLanguage\":\"es\"},{\"@type\":\"WebPage\",\"@id\":\"https:\\\/\\\/www.copealcoy.es\\\/es\\\/arrancan-las-obras-de-la-calle-calderon\\\/\",\"url\":\"https:\\\/\\\/www.copealcoy.es\\\/es\\\/arrancan-las-obras-de-la-calle-calderon\\\/\",\"name\":\"Arrancan las obras de la calle Calder\u00f3n - COPE Alcoy\",\"isPartOf\":{\"@id\":\"https:\\\/\\\/www.copealcoy.es\\\/es\\\/#website\"},\"primaryImageOfPage\":{\"@id\":\"https:\\\/\\\/www.copealcoy.es\\\/es\\\/arrancan-las-obras-de-la-calle-calderon\\\/#primaryimage\"},\"image\":{\"@id\":\"https:\\\/\\\/www.copealcoy.es\\\/es\\\/arrancan-las-obras-de-la-calle-calderon\\\/#primaryimage\"},\"thumbnailUrl\":\"https:\\\/\\\/www.copealcoy.es\\\/wp-content\\\/uploads\\\/2015\\\/01\\\/image59.jpg\",\"datePublished\":\"2015-02-17T06:00:09+00:00\",\"dateModified\":\"2015-02-17T15:05:00+00:00\",\"author\":{\"@id\":\"https:\\\/\\\/www.copealcoy.es\\\/es\\\/#\\\/schema\\\/person\\\/e777c87fa024e57d40170af9df39882c\"},\"breadcrumb\":{\"@id\":\"https:\\\/\\\/www.copealcoy.es\\\/es\\\/arrancan-las-obras-de-la-calle-calderon\\\/#breadcrumb\"},\"inLanguage\":\"es\",\"potentialAction\":[{\"@type\":\"ReadAction\",\"target\":[\"https:\\\/\\\/www.copealcoy.es\\\/es\\\/arrancan-las-obras-de-la-calle-calderon\\\/\"]}]},{\"@type\":\"ImageObject\",\"inLanguage\":\"es\",\"@id\":\"https:\\\/\\\/www.copealcoy.es\\\/es\\\/arrancan-las-obras-de-la-calle-calderon\\\/#primaryimage\",\"url\":\"https:\\\/\\\/www.copealcoy.es\\\/wp-content\\\/uploads\\\/2015\\\/01\\\/image59.jpg\",\"contentUrl\":\"https:\\\/\\\/www.copealcoy.es\\\/wp-content\\\/uploads\\\/2015\\\/01\\\/image59.jpg\",\"width\":960,\"height\":568,\"caption\":\"La Calle Calder\u00f3n lleva tres a\u00f1os cerrada al tr\u00e1fico\"},{\"@type\":\"BreadcrumbList\",\"@id\":\"https:\\\/\\\/www.copealcoy.es\\\/es\\\/arrancan-las-obras-de-la-calle-calderon\\\/#breadcrumb\",\"itemListElement\":[{\"@type\":\"ListItem\",\"position\":1,\"name\":\"Portada\",\"item\":\"https:\\\/\\\/www.copealcoy.es\\\/es\\\/\"},{\"@type\":\"ListItem\",\"position\":2,\"name\":\"Arrancan las obras de la calle Calder\u00f3n\"}]},{\"@type\":\"WebSite\",\"@id\":\"https:\\\/\\\/www.copealcoy.es\\\/es\\\/#website\",\"url\":\"https:\\\/\\\/www.copealcoy.es\\\/es\\\/\",\"name\":\"COPE Alcoy\",\"description\":\"Emisora COPE de radio local con emisi\u00f3n online. Pont de Sant Jordi 8-10 03803 Alcoy\",\"potentialAction\":[{\"@type\":\"SearchAction\",\"target\":{\"@type\":\"EntryPoint\",\"urlTemplate\":\"https:\\\/\\\/www.copealcoy.es\\\/es\\\/?s={search_term_string}\"},\"query-input\":{\"@type\":\"PropertyValueSpecification\",\"valueRequired\":true,\"valueName\":\"search_term_string\"}}],\"inLanguage\":\"es\"},{\"@type\":\"Person\",\"@id\":\"https:\\\/\\\/www.copealcoy.es\\\/es\\\/#\\\/schema\\\/person\\\/e777c87fa024e57d40170af9df39882c\",\"name\":\"Cope Alcoy\",\"image\":{\"@type\":\"ImageObject\",\"inLanguage\":\"es\",\"@id\":\"https:\\\/\\\/secure.gravatar.com\\\/avatar\\\/bb65d0283347e303893ba14f0692005417c1e0e690a325a4c5d8bb2b3943ee14?s=96&d=mm&r=g\",\"url\":\"https:\\\/\\\/secure.gravatar.com\\\/avatar\\\/bb65d0283347e303893ba14f0692005417c1e0e690a325a4c5d8bb2b3943ee14?s=96&d=mm&r=g\",\"contentUrl\":\"https:\\\/\\\/secure.gravatar.com\\\/avatar\\\/bb65d0283347e303893ba14f0692005417c1e0e690a325a4c5d8bb2b3943ee14?s=96&d=mm&r=g\",\"caption\":\"Cope Alcoy\"}}]}<\/script>\n<!-- \/ Yoast SEO plugin. -->","yoast_head_json":{"title":"Arrancan las obras de la calle Calder\u00f3n - COPE Alcoy","robots":{"index":"index","follow":"follow","max-snippet":"max-snippet:-1","max-image-preview":"max-image-preview:large","max-video-preview":"max-video-preview:-1"},"canonical":"https:\/\/www.copealcoy.es\/es\/arrancan-las-obras-de-la-calle-calderon\/","og_locale":"es_ES","og_type":"article","og_title":"Arrancan las obras de la calle Calder\u00f3n - COPE Alcoy","og_description":"Tras una larga espera el Ayuntamiento de Alcoy ha iniciado ya las obras para la reparaci\u00f3n de la calle Calder\u00f3n....","og_url":"https:\/\/www.copealcoy.es\/es\/arrancan-las-obras-de-la-calle-calderon\/","og_site_name":"COPE Alcoy","article_published_time":"2015-02-17T06:00:09+00:00","article_modified_time":"2015-02-17T15:05:00+00:00","og_image":[{"width":960,"height":568,"url":"https:\/\/www.copealcoy.es\/wp-content\/uploads\/2015\/01\/image59.jpg","type":"image\/jpeg"}],"author":"Cope Alcoy","twitter_misc":{"Escrito por":"Cope Alcoy","Tiempo de lectura":"1 minuto"},"schema":{"@context":"https:\/\/schema.org","@graph":[{"@type":"Article","@id":"https:\/\/www.copealcoy.es\/es\/arrancan-las-obras-de-la-calle-calderon\/#article","isPartOf":{"@id":"https:\/\/www.copealcoy.es\/es\/arrancan-las-obras-de-la-calle-calderon\/"},"author":{"name":"Cope Alcoy","@id":"https:\/\/www.copealcoy.es\/es\/#\/schema\/person\/e777c87fa024e57d40170af9df39882c"},"headline":"Arrancan las obras de la calle Calder\u00f3n","datePublished":"2015-02-17T06:00:09+00:00","dateModified":"2015-02-17T15:05:00+00:00","mainEntityOfPage":{"@id":"https:\/\/www.copealcoy.es\/es\/arrancan-las-obras-de-la-calle-calderon\/"},"wordCount":150,"commentCount":0,"image":{"@id":"https:\/\/www.copealcoy.es\/es\/arrancan-las-obras-de-la-calle-calderon\/#primaryimage"},"thumbnailUrl":"https:\/\/www.copealcoy.es\/wp-content\/uploads\/2015\/01\/image59.jpg","keywords":["Alcoy","Ayuntamiento","Calle Calder\u00f3n","Obras"],"articleSection":["Alcoy","Noticias","Portada"],"inLanguage":"es"},{"@type":"WebPage","@id":"https:\/\/www.copealcoy.es\/es\/arrancan-las-obras-de-la-calle-calderon\/","url":"https:\/\/www.copealcoy.es\/es\/arrancan-las-obras-de-la-calle-calderon\/","name":"Arrancan las obras de la calle Calder\u00f3n - COPE Alcoy","isPartOf":{"@id":"https:\/\/www.copealcoy.es\/es\/#website"},"primaryImageOfPage":{"@id":"https:\/\/www.copealcoy.es\/es\/arrancan-las-obras-de-la-calle-calderon\/#primaryimage"},"image":{"@id":"https:\/\/www.copealcoy.es\/es\/arrancan-las-obras-de-la-calle-calderon\/#primaryimage"},"thumbnailUrl":"https:\/\/www.copealcoy.es\/wp-content\/uploads\/2015\/01\/image59.jpg","datePublished":"2015-02-17T06:00:09+00:00","dateModified":"2015-02-17T15:05:00+00:00","author":{"@id":"https:\/\/www.copealcoy.es\/es\/#\/schema\/person\/e777c87fa024e57d40170af9df39882c"},"breadcrumb":{"@id":"https:\/\/www.copealcoy.es\/es\/arrancan-las-obras-de-la-calle-calderon\/#breadcrumb"},"inLanguage":"es","potentialAction":[{"@type":"ReadAction","target":["https:\/\/www.copealcoy.es\/es\/arrancan-las-obras-de-la-calle-calderon\/"]}]},{"@type":"ImageObject","inLanguage":"es","@id":"https:\/\/www.copealcoy.es\/es\/arrancan-las-obras-de-la-calle-calderon\/#primaryimage","url":"https:\/\/www.copealcoy.es\/wp-content\/uploads\/2015\/01\/image59.jpg","contentUrl":"https:\/\/www.copealcoy.es\/wp-content\/uploads\/2015\/01\/image59.jpg","width":960,"height":568,"caption":"La Calle Calder\u00f3n lleva tres a\u00f1os cerrada al tr\u00e1fico"},{"@type":"BreadcrumbList","@id":"https:\/\/www.copealcoy.es\/es\/arrancan-las-obras-de-la-calle-calderon\/#breadcrumb","itemListElement":[{"@type":"ListItem","position":1,"name":"Portada","item":"https:\/\/www.copealcoy.es\/es\/"},{"@type":"ListItem","position":2,"name":"Arrancan las obras de la calle Calder\u00f3n"}]},{"@type":"WebSite","@id":"https:\/\/www.copealcoy.es\/es\/#website","url":"https:\/\/www.copealcoy.es\/es\/","name":"COPE Alcoy","description":"Emisora COPE de radio local con emisi\u00f3n online. Pont de Sant Jordi 8-10 03803 Alcoy","potentialAction":[{"@type":"SearchAction","target":{"@type":"EntryPoint","urlTemplate":"https:\/\/www.copealcoy.es\/es\/?s={search_term_string}"},"query-input":{"@type":"PropertyValueSpecification","valueRequired":true,"valueName":"search_term_string"}}],"inLanguage":"es"},{"@type":"Person","@id":"https:\/\/www.copealcoy.es\/es\/#\/schema\/person\/e777c87fa024e57d40170af9df39882c","name":"Cope Alcoy","image":{"@type":"ImageObject","inLanguage":"es","@id":"https:\/\/secure.gravatar.com\/avatar\/bb65d0283347e303893ba14f0692005417c1e0e690a325a4c5d8bb2b3943ee14?s=96&d=mm&r=g","url":"https:\/\/secure.gravatar.com\/avatar\/bb65d0283347e303893ba14f0692005417c1e0e690a325a4c5d8bb2b3943ee14?s=96&d=mm&r=g","contentUrl":"https:\/\/secure.gravatar.com\/avatar\/bb65d0283347e303893ba14f0692005417c1e0e690a325a4c5d8bb2b3943ee14?s=96&d=mm&r=g","caption":"Cope Alcoy"}}]}},"_links":{"self":[{"href":"https:\/\/www.copealcoy.es\/es\/wp-json\/wp\/v2\/posts\/10596","targetHints":{"allow":["GET"]}}],"collection":[{"href":"https:\/\/www.copealcoy.es\/es\/wp-json\/wp\/v2\/posts"}],"about":[{"href":"https:\/\/www.copealcoy.es\/es\/wp-json\/wp\/v2\/types\/post"}],"author":[{"embeddable":true,"href":"https:\/\/www.copealcoy.es\/es\/wp-json\/wp\/v2\/users\/1"}],"replies":[{"embeddable":true,"href":"https:\/\/www.copealcoy.es\/es\/wp-json\/wp\/v2\/comments?post=10596"}],"version-history":[{"count":0,"href":"https:\/\/www.copealcoy.es\/es\/wp-json\/wp\/v2\/posts\/10596\/revisions"}],"wp:featuredmedia":[{"embeddable":true,"href":"https:\/\/www.copealcoy.es\/es\/wp-json\/wp\/v2\/media\/9682"}],"wp:attachment":[{"href":"https:\/\/www.copealcoy.es\/es\/wp-json\/wp\/v2\/media?parent=10596"}],"wp:term":[{"taxonomy":"category","embeddable":true,"href":"https:\/\/www.copealcoy.es\/es\/wp-json\/wp\/v2\/categories?post=10596"},{"taxonomy":"post_tag","embeddable":true,"href":"https:\/\/www.copealcoy.es\/es\/wp-json\/wp\/v2\/tags?post=10596"}],"curies":[{"name":"wp","href":"https:\/\/api.w.org\/{rel}","templated":true}]}}