{"id":10472,"date":"2015-02-11T16:06:40","date_gmt":"2015-02-11T16:06:40","guid":{"rendered":"http:\/\/copealcoi.es\/new\/?p=10472"},"modified":"2015-02-11T16:06:40","modified_gmt":"2015-02-11T16:06:40","slug":"la-nova-rinde-homenaje-jose-maria-valls-satorres","status":"publish","type":"post","link":"https:\/\/www.copealcoy.es\/es\/la-nova-rinde-homenaje-jose-maria-valls-satorres\/","title":{"rendered":"La Nova rinde homenaje a Jos\u00e9 Mar\u00eda Valls Satorres"},"content":{"rendered":"<p style=\"text-align: justify;\">La Societat Musical\u00a0Nova d\u00b4 Alcoi y el C\u00edrculo Industrial rendir\u00e1n el domingo un homenaje al compositor alcoyano Jos\u00e9 Mar\u00eda\u00a0Valls Satorres. En este sentido se celebrar\u00e1 un concierto a partir de las doce del mediod\u00eda en el Sal\u00f3n Rotonda del citado C\u00edrculo Industrial en el que la banda, bajo la direcci\u00f3n de Joan Dom\u00e9nech, interpretar\u00e1 un total de siete piezas entre las que destacan el pasodoble \u201cC\u00edrculo Industrial\u201d, el poema sinf\u00f3nico \u201cAl-Azraq\u201d o la marcha mora \u201cAl- Basora\u201d. Adem\u00e1s no faltar\u00e1 la cl\u00e1sica marcha cristiana de Satorres \u201cPas als Maseros\u201d y el p\u00fablico podr\u00e1 disfrutar del estreno de \u201cAlmer\u00eda,<br \/>\nm\u00fasic i fester\u201d dedicada a Jos\u00e9 Lu\u00eds Almer\u00eda Pintado, percusionista de La Nova. Por \u00faltimo sonar\u00e1n piezas como la fanfarria &#8220;Serra de Mariola&#8221; o el pasodoble dedicado a la entidad musical titulado &#8220;Per a la Nova&#8221;.<\/p>\n<p style=\"text-align: justify;\">El concierto es con entrada libre y surge con motivo del 70 aniversario del compositor seg\u00fan han explicado los organizadores de la actividad en La Ma\u00f1ana de Cope Alcoy. Adem\u00e1s han se\u00f1alado que habr\u00e1 varias sorpresas y como curiosidad destacan que todos los componentes se har\u00e1n una foto con Valls Satorres cumpliendo as\u00ed un viejo deseo del compositor.<\/p>\n<p style=\"text-align: justify;\">Finalmente el homenajeado ha explicado a Cope Alcoy que para \u00e9l es un gran reconocimiento &#8220;estoy muy emocionado y tambi\u00e9n fue una sorpresa la forma en la que me dijeron que iba a recibir este detalle. Me mandaron una carta y me qued\u00e9 sin palabras&#8221;, concluye.<\/p>\n<p style=\"text-align: justify;\">\n<p style=\"text-align: justify;\">\n<p style=\"text-align: justify;\">\n<p style=\"text-align: justify;\">\n","protected":false},"excerpt":{"rendered":"<p>La Societat Musical\u00a0Nova d\u00b4 Alcoi y el C\u00edrculo Industrial rendir\u00e1n el domingo un homenaje al compositor alcoyano Jos\u00e9 Mar\u00eda\u00a0Valls Satorres&#8230;.<\/p>\n","protected":false},"author":1,"featured_media":10473,"comment_status":"open","ping_status":"open","sticky":false,"template":"","format":"standard","meta":{"footnotes":""},"categories":[97,78,75],"tags":[1494,701,609,700,702],"class_list":["post-10472","post","type-post","status-publish","format-standard","has-post-thumbnail","hentry","category-alcoy","category-fiestaycultura","category-noticias","tag-alcoy","tag-concierto","tag-moros-y-cristianos","tag-musica-festera","tag-nova-d-alcoi"],"yoast_head":"<!-- This site is optimized with the Yoast SEO plugin v27.3 - https:\/\/yoast.com\/product\/yoast-seo-wordpress\/ -->\n<title>La Nova rinde homenaje a Jos\u00e9 Mar\u00eda Valls Satorres - COPE Alcoy<\/title>\n<meta name=\"robots\" content=\"index, follow, max-snippet:-1, max-image-preview:large, max-video-preview:-1\" \/>\n<link rel=\"canonical\" href=\"https:\/\/www.copealcoy.es\/es\/la-nova-rinde-homenaje-jose-maria-valls-satorres\/\" \/>\n<meta property=\"og:locale\" content=\"es_ES\" \/>\n<meta property=\"og:type\" content=\"article\" \/>\n<meta property=\"og:title\" content=\"La Nova rinde homenaje a Jos\u00e9 Mar\u00eda Valls Satorres - COPE Alcoy\" \/>\n<meta property=\"og:description\" content=\"La Societat Musical\u00a0Nova d\u00b4 Alcoi y el C\u00edrculo Industrial rendir\u00e1n el domingo un homenaje al compositor alcoyano Jos\u00e9 Mar\u00eda\u00a0Valls Satorres....\" \/>\n<meta property=\"og:url\" content=\"https:\/\/www.copealcoy.es\/es\/la-nova-rinde-homenaje-jose-maria-valls-satorres\/\" \/>\n<meta property=\"og:site_name\" content=\"COPE Alcoy\" \/>\n<meta property=\"article:published_time\" content=\"2015-02-11T16:06:40+00:00\" \/>\n<meta property=\"og:image\" content=\"https:\/\/www.copealcoy.es\/wp-content\/uploads\/2015\/02\/image26.jpg\" \/>\n\t<meta property=\"og:image:width\" content=\"960\" \/>\n\t<meta property=\"og:image:height\" content=\"720\" \/>\n\t<meta property=\"og:image:type\" content=\"image\/jpeg\" \/>\n<meta name=\"author\" content=\"Cope Alcoy\" \/>\n<meta name=\"twitter:label1\" content=\"Escrito por\" \/>\n\t<meta name=\"twitter:data1\" content=\"Cope Alcoy\" \/>\n\t<meta name=\"twitter:label2\" content=\"Tiempo de lectura\" \/>\n\t<meta name=\"twitter:data2\" content=\"1 minuto\" \/>\n<script type=\"application\/ld+json\" class=\"yoast-schema-graph\">{\"@context\":\"https:\\\/\\\/schema.org\",\"@graph\":[{\"@type\":\"Article\",\"@id\":\"https:\\\/\\\/www.copealcoy.es\\\/es\\\/la-nova-rinde-homenaje-jose-maria-valls-satorres\\\/#article\",\"isPartOf\":{\"@id\":\"https:\\\/\\\/www.copealcoy.es\\\/es\\\/la-nova-rinde-homenaje-jose-maria-valls-satorres\\\/\"},\"author\":{\"name\":\"Cope Alcoy\",\"@id\":\"https:\\\/\\\/www.copealcoy.es\\\/es\\\/#\\\/schema\\\/person\\\/e777c87fa024e57d40170af9df39882c\"},\"headline\":\"La Nova rinde homenaje a Jos\u00e9 Mar\u00eda Valls Satorres\",\"datePublished\":\"2015-02-11T16:06:40+00:00\",\"mainEntityOfPage\":{\"@id\":\"https:\\\/\\\/www.copealcoy.es\\\/es\\\/la-nova-rinde-homenaje-jose-maria-valls-satorres\\\/\"},\"wordCount\":273,\"commentCount\":0,\"image\":{\"@id\":\"https:\\\/\\\/www.copealcoy.es\\\/es\\\/la-nova-rinde-homenaje-jose-maria-valls-satorres\\\/#primaryimage\"},\"thumbnailUrl\":\"https:\\\/\\\/www.copealcoy.es\\\/wp-content\\\/uploads\\\/2015\\\/02\\\/image26.jpg\",\"keywords\":[\"Alcoy\",\"Concierto\",\"Moros Y Cristianos\",\"M\u00fasica Festera\",\"Nova d' Alcoi\"],\"articleSection\":[\"Alcoy\",\"Fiesta y Cultura\",\"Noticias\"],\"inLanguage\":\"es\"},{\"@type\":\"WebPage\",\"@id\":\"https:\\\/\\\/www.copealcoy.es\\\/es\\\/la-nova-rinde-homenaje-jose-maria-valls-satorres\\\/\",\"url\":\"https:\\\/\\\/www.copealcoy.es\\\/es\\\/la-nova-rinde-homenaje-jose-maria-valls-satorres\\\/\",\"name\":\"La Nova rinde homenaje a Jos\u00e9 Mar\u00eda Valls Satorres - COPE Alcoy\",\"isPartOf\":{\"@id\":\"https:\\\/\\\/www.copealcoy.es\\\/es\\\/#website\"},\"primaryImageOfPage\":{\"@id\":\"https:\\\/\\\/www.copealcoy.es\\\/es\\\/la-nova-rinde-homenaje-jose-maria-valls-satorres\\\/#primaryimage\"},\"image\":{\"@id\":\"https:\\\/\\\/www.copealcoy.es\\\/es\\\/la-nova-rinde-homenaje-jose-maria-valls-satorres\\\/#primaryimage\"},\"thumbnailUrl\":\"https:\\\/\\\/www.copealcoy.es\\\/wp-content\\\/uploads\\\/2015\\\/02\\\/image26.jpg\",\"datePublished\":\"2015-02-11T16:06:40+00:00\",\"author\":{\"@id\":\"https:\\\/\\\/www.copealcoy.es\\\/es\\\/#\\\/schema\\\/person\\\/e777c87fa024e57d40170af9df39882c\"},\"breadcrumb\":{\"@id\":\"https:\\\/\\\/www.copealcoy.es\\\/es\\\/la-nova-rinde-homenaje-jose-maria-valls-satorres\\\/#breadcrumb\"},\"inLanguage\":\"es\",\"potentialAction\":[{\"@type\":\"ReadAction\",\"target\":[\"https:\\\/\\\/www.copealcoy.es\\\/es\\\/la-nova-rinde-homenaje-jose-maria-valls-satorres\\\/\"]}]},{\"@type\":\"ImageObject\",\"inLanguage\":\"es\",\"@id\":\"https:\\\/\\\/www.copealcoy.es\\\/es\\\/la-nova-rinde-homenaje-jose-maria-valls-satorres\\\/#primaryimage\",\"url\":\"https:\\\/\\\/www.copealcoy.es\\\/wp-content\\\/uploads\\\/2015\\\/02\\\/image26.jpg\",\"contentUrl\":\"https:\\\/\\\/www.copealcoy.es\\\/wp-content\\\/uploads\\\/2015\\\/02\\\/image26.jpg\",\"width\":960,\"height\":720,\"caption\":\"Los componentes de la Nova en el especio La Nostra Festa de Cope Alcoy\"},{\"@type\":\"BreadcrumbList\",\"@id\":\"https:\\\/\\\/www.copealcoy.es\\\/es\\\/la-nova-rinde-homenaje-jose-maria-valls-satorres\\\/#breadcrumb\",\"itemListElement\":[{\"@type\":\"ListItem\",\"position\":1,\"name\":\"Portada\",\"item\":\"https:\\\/\\\/www.copealcoy.es\\\/es\\\/\"},{\"@type\":\"ListItem\",\"position\":2,\"name\":\"La Nova rinde homenaje a Jos\u00e9 Mar\u00eda Valls Satorres\"}]},{\"@type\":\"WebSite\",\"@id\":\"https:\\\/\\\/www.copealcoy.es\\\/es\\\/#website\",\"url\":\"https:\\\/\\\/www.copealcoy.es\\\/es\\\/\",\"name\":\"COPE Alcoy\",\"description\":\"Emisora COPE de radio local con emisi\u00f3n online. Pont de Sant Jordi 8-10 03803 Alcoy\",\"potentialAction\":[{\"@type\":\"SearchAction\",\"target\":{\"@type\":\"EntryPoint\",\"urlTemplate\":\"https:\\\/\\\/www.copealcoy.es\\\/es\\\/?s={search_term_string}\"},\"query-input\":{\"@type\":\"PropertyValueSpecification\",\"valueRequired\":true,\"valueName\":\"search_term_string\"}}],\"inLanguage\":\"es\"},{\"@type\":\"Person\",\"@id\":\"https:\\\/\\\/www.copealcoy.es\\\/es\\\/#\\\/schema\\\/person\\\/e777c87fa024e57d40170af9df39882c\",\"name\":\"Cope Alcoy\",\"image\":{\"@type\":\"ImageObject\",\"inLanguage\":\"es\",\"@id\":\"https:\\\/\\\/secure.gravatar.com\\\/avatar\\\/bb65d0283347e303893ba14f0692005417c1e0e690a325a4c5d8bb2b3943ee14?s=96&d=mm&r=g\",\"url\":\"https:\\\/\\\/secure.gravatar.com\\\/avatar\\\/bb65d0283347e303893ba14f0692005417c1e0e690a325a4c5d8bb2b3943ee14?s=96&d=mm&r=g\",\"contentUrl\":\"https:\\\/\\\/secure.gravatar.com\\\/avatar\\\/bb65d0283347e303893ba14f0692005417c1e0e690a325a4c5d8bb2b3943ee14?s=96&d=mm&r=g\",\"caption\":\"Cope Alcoy\"}}]}<\/script>\n<!-- \/ Yoast SEO plugin. -->","yoast_head_json":{"title":"La Nova rinde homenaje a Jos\u00e9 Mar\u00eda Valls Satorres - COPE Alcoy","robots":{"index":"index","follow":"follow","max-snippet":"max-snippet:-1","max-image-preview":"max-image-preview:large","max-video-preview":"max-video-preview:-1"},"canonical":"https:\/\/www.copealcoy.es\/es\/la-nova-rinde-homenaje-jose-maria-valls-satorres\/","og_locale":"es_ES","og_type":"article","og_title":"La Nova rinde homenaje a Jos\u00e9 Mar\u00eda Valls Satorres - COPE Alcoy","og_description":"La Societat Musical\u00a0Nova d\u00b4 Alcoi y el C\u00edrculo Industrial rendir\u00e1n el domingo un homenaje al compositor alcoyano Jos\u00e9 Mar\u00eda\u00a0Valls Satorres....","og_url":"https:\/\/www.copealcoy.es\/es\/la-nova-rinde-homenaje-jose-maria-valls-satorres\/","og_site_name":"COPE Alcoy","article_published_time":"2015-02-11T16:06:40+00:00","og_image":[{"width":960,"height":720,"url":"https:\/\/www.copealcoy.es\/wp-content\/uploads\/2015\/02\/image26.jpg","type":"image\/jpeg"}],"author":"Cope Alcoy","twitter_misc":{"Escrito por":"Cope Alcoy","Tiempo de lectura":"1 minuto"},"schema":{"@context":"https:\/\/schema.org","@graph":[{"@type":"Article","@id":"https:\/\/www.copealcoy.es\/es\/la-nova-rinde-homenaje-jose-maria-valls-satorres\/#article","isPartOf":{"@id":"https:\/\/www.copealcoy.es\/es\/la-nova-rinde-homenaje-jose-maria-valls-satorres\/"},"author":{"name":"Cope Alcoy","@id":"https:\/\/www.copealcoy.es\/es\/#\/schema\/person\/e777c87fa024e57d40170af9df39882c"},"headline":"La Nova rinde homenaje a Jos\u00e9 Mar\u00eda Valls Satorres","datePublished":"2015-02-11T16:06:40+00:00","mainEntityOfPage":{"@id":"https:\/\/www.copealcoy.es\/es\/la-nova-rinde-homenaje-jose-maria-valls-satorres\/"},"wordCount":273,"commentCount":0,"image":{"@id":"https:\/\/www.copealcoy.es\/es\/la-nova-rinde-homenaje-jose-maria-valls-satorres\/#primaryimage"},"thumbnailUrl":"https:\/\/www.copealcoy.es\/wp-content\/uploads\/2015\/02\/image26.jpg","keywords":["Alcoy","Concierto","Moros Y Cristianos","M\u00fasica Festera","Nova d' Alcoi"],"articleSection":["Alcoy","Fiesta y Cultura","Noticias"],"inLanguage":"es"},{"@type":"WebPage","@id":"https:\/\/www.copealcoy.es\/es\/la-nova-rinde-homenaje-jose-maria-valls-satorres\/","url":"https:\/\/www.copealcoy.es\/es\/la-nova-rinde-homenaje-jose-maria-valls-satorres\/","name":"La Nova rinde homenaje a Jos\u00e9 Mar\u00eda Valls Satorres - COPE Alcoy","isPartOf":{"@id":"https:\/\/www.copealcoy.es\/es\/#website"},"primaryImageOfPage":{"@id":"https:\/\/www.copealcoy.es\/es\/la-nova-rinde-homenaje-jose-maria-valls-satorres\/#primaryimage"},"image":{"@id":"https:\/\/www.copealcoy.es\/es\/la-nova-rinde-homenaje-jose-maria-valls-satorres\/#primaryimage"},"thumbnailUrl":"https:\/\/www.copealcoy.es\/wp-content\/uploads\/2015\/02\/image26.jpg","datePublished":"2015-02-11T16:06:40+00:00","author":{"@id":"https:\/\/www.copealcoy.es\/es\/#\/schema\/person\/e777c87fa024e57d40170af9df39882c"},"breadcrumb":{"@id":"https:\/\/www.copealcoy.es\/es\/la-nova-rinde-homenaje-jose-maria-valls-satorres\/#breadcrumb"},"inLanguage":"es","potentialAction":[{"@type":"ReadAction","target":["https:\/\/www.copealcoy.es\/es\/la-nova-rinde-homenaje-jose-maria-valls-satorres\/"]}]},{"@type":"ImageObject","inLanguage":"es","@id":"https:\/\/www.copealcoy.es\/es\/la-nova-rinde-homenaje-jose-maria-valls-satorres\/#primaryimage","url":"https:\/\/www.copealcoy.es\/wp-content\/uploads\/2015\/02\/image26.jpg","contentUrl":"https:\/\/www.copealcoy.es\/wp-content\/uploads\/2015\/02\/image26.jpg","width":960,"height":720,"caption":"Los componentes de la Nova en el especio La Nostra Festa de Cope Alcoy"},{"@type":"BreadcrumbList","@id":"https:\/\/www.copealcoy.es\/es\/la-nova-rinde-homenaje-jose-maria-valls-satorres\/#breadcrumb","itemListElement":[{"@type":"ListItem","position":1,"name":"Portada","item":"https:\/\/www.copealcoy.es\/es\/"},{"@type":"ListItem","position":2,"name":"La Nova rinde homenaje a Jos\u00e9 Mar\u00eda Valls Satorres"}]},{"@type":"WebSite","@id":"https:\/\/www.copealcoy.es\/es\/#website","url":"https:\/\/www.copealcoy.es\/es\/","name":"COPE Alcoy","description":"Emisora COPE de radio local con emisi\u00f3n online. Pont de Sant Jordi 8-10 03803 Alcoy","potentialAction":[{"@type":"SearchAction","target":{"@type":"EntryPoint","urlTemplate":"https:\/\/www.copealcoy.es\/es\/?s={search_term_string}"},"query-input":{"@type":"PropertyValueSpecification","valueRequired":true,"valueName":"search_term_string"}}],"inLanguage":"es"},{"@type":"Person","@id":"https:\/\/www.copealcoy.es\/es\/#\/schema\/person\/e777c87fa024e57d40170af9df39882c","name":"Cope Alcoy","image":{"@type":"ImageObject","inLanguage":"es","@id":"https:\/\/secure.gravatar.com\/avatar\/bb65d0283347e303893ba14f0692005417c1e0e690a325a4c5d8bb2b3943ee14?s=96&d=mm&r=g","url":"https:\/\/secure.gravatar.com\/avatar\/bb65d0283347e303893ba14f0692005417c1e0e690a325a4c5d8bb2b3943ee14?s=96&d=mm&r=g","contentUrl":"https:\/\/secure.gravatar.com\/avatar\/bb65d0283347e303893ba14f0692005417c1e0e690a325a4c5d8bb2b3943ee14?s=96&d=mm&r=g","caption":"Cope Alcoy"}}]}},"_links":{"self":[{"href":"https:\/\/www.copealcoy.es\/es\/wp-json\/wp\/v2\/posts\/10472","targetHints":{"allow":["GET"]}}],"collection":[{"href":"https:\/\/www.copealcoy.es\/es\/wp-json\/wp\/v2\/posts"}],"about":[{"href":"https:\/\/www.copealcoy.es\/es\/wp-json\/wp\/v2\/types\/post"}],"author":[{"embeddable":true,"href":"https:\/\/www.copealcoy.es\/es\/wp-json\/wp\/v2\/users\/1"}],"replies":[{"embeddable":true,"href":"https:\/\/www.copealcoy.es\/es\/wp-json\/wp\/v2\/comments?post=10472"}],"version-history":[{"count":0,"href":"https:\/\/www.copealcoy.es\/es\/wp-json\/wp\/v2\/posts\/10472\/revisions"}],"wp:featuredmedia":[{"embeddable":true,"href":"https:\/\/www.copealcoy.es\/es\/wp-json\/wp\/v2\/media\/10473"}],"wp:attachment":[{"href":"https:\/\/www.copealcoy.es\/es\/wp-json\/wp\/v2\/media?parent=10472"}],"wp:term":[{"taxonomy":"category","embeddable":true,"href":"https:\/\/www.copealcoy.es\/es\/wp-json\/wp\/v2\/categories?post=10472"},{"taxonomy":"post_tag","embeddable":true,"href":"https:\/\/www.copealcoy.es\/es\/wp-json\/wp\/v2\/tags?post=10472"}],"curies":[{"name":"wp","href":"https:\/\/api.w.org\/{rel}","templated":true}]}}