{"id":10436,"date":"2015-02-10T12:44:49","date_gmt":"2015-02-10T12:44:49","guid":{"rendered":"http:\/\/copealcoi.es\/new\/?p=10436"},"modified":"2015-02-10T15:16:29","modified_gmt":"2015-02-10T15:16:29","slug":"se-inicia-el-ciclo-de-excursiones-de-historia-y-patrimonio","status":"publish","type":"post","link":"https:\/\/www.copealcoy.es\/es\/se-inicia-el-ciclo-de-excursiones-de-historia-y-patrimonio\/","title":{"rendered":"Nuevo ciclo de excursiones de historia y patrimonio"},"content":{"rendered":"<p style=\"text-align: justify;\">El \u00e1rea de Cultura del Ayuntamiento de Alcoy organiza un nuevo ciclo de excursiones culturales bajo el lema \u201c10 excursions al voltant d&#8217;\u00a0Alcoi i el seu patrimoni hist\u00f2ric i arqueol\u00f2gic\u201d organizado por el CAHEA y el Museo municipal Camilo Vicedo. Este compendio de excursiones se desarrollar\u00e1 desde el mes de febrero hasta el de noviembre y tendr\u00e1n como objetivo el conocimiento de los yacimientos arqueol\u00f3gicos as\u00ed como de los lugares y el patrimonio hist\u00f3rico de la ciudad. La primera de las excursiones se realizar\u00e1 el domingo 22 de febrero, en la cual se visitar\u00e1 el Castillo de Barxell.<\/p>\n<p style=\"text-align: justify;\">Paco Agull\u00f3, edil de Cultura, \u00a0destaca que mediante estas rutas se pretende poner en valor el patrimonio hist\u00f3rico de la ciudad &#8220;visto el \u00e9xito de las dos primeras ediciones realizadas, desde el Ayuntamiento apostamos de nuevo por este modelo que ha acercado a muchos turistas de la Comunidad Valencia a nuestra ciudad&#8221;, concluye.<\/p>\n<p style=\"text-align: justify;\">\n<p style=\"text-align: justify;\">\n<p style=\"text-align: justify;\">\n<p style=\"text-align: justify;\">\n<figure id=\"attachment_10437\" aria-describedby=\"caption-attachment-10437\" style=\"width: 2994px\" class=\"wp-caption alignleft\"><a href=\"https:\/\/www.copealcoy.es\/wp-content\/uploads\/2015\/02\/10excursions.jpg\"><img loading=\"lazy\" decoding=\"async\" class=\"size-full wp-image-10437\" src=\"https:\/\/www.copealcoy.es\/wp-content\/uploads\/2015\/02\/10excursions.jpg\" alt=\"Cartel del ciclo de excursiones\" width=\"2994\" height=\"4036\" srcset=\"https:\/\/www.copealcoy.es\/wp-content\/uploads\/2015\/02\/10excursions.jpg 801w, https:\/\/www.copealcoy.es\/wp-content\/uploads\/2015\/02\/10excursions-223x300.jpg 223w, https:\/\/www.copealcoy.es\/wp-content\/uploads\/2015\/02\/10excursions-760x1024.jpg 760w\" sizes=\"auto, (max-width: 2994px) 100vw, 2994px\" \/><\/a><figcaption id=\"caption-attachment-10437\" class=\"wp-caption-text\">Cartel del ciclo de excursiones<\/figcaption><\/figure>\n","protected":false},"excerpt":{"rendered":"<p>El \u00e1rea de Cultura del Ayuntamiento de Alcoy organiza un nuevo ciclo de excursiones culturales bajo el lema \u201c10 excursions&#8230;<\/p>\n","protected":false},"author":1,"featured_media":10452,"comment_status":"open","ping_status":"open","sticky":false,"template":"","format":"standard","meta":{"footnotes":""},"categories":[97,78,75],"tags":[1494,414,698,176,697,696],"class_list":["post-10436","post","type-post","status-publish","format-standard","has-post-thumbnail","hentry","category-alcoy","category-fiestaycultura","category-noticias","tag-alcoy","tag-cultura","tag-naturaleza","tag-patrimonio","tag-rutas","tag-senderismo"],"yoast_head":"<!-- This site is optimized with the Yoast SEO plugin v27.3 - https:\/\/yoast.com\/product\/yoast-seo-wordpress\/ -->\n<title>Nuevo ciclo de excursiones de historia y patrimonio - COPE Alcoy<\/title>\n<meta name=\"robots\" content=\"index, follow, max-snippet:-1, max-image-preview:large, max-video-preview:-1\" \/>\n<link rel=\"canonical\" href=\"https:\/\/www.copealcoy.es\/es\/se-inicia-el-ciclo-de-excursiones-de-historia-y-patrimonio\/\" \/>\n<meta property=\"og:locale\" content=\"es_ES\" \/>\n<meta property=\"og:type\" content=\"article\" \/>\n<meta property=\"og:title\" content=\"Nuevo ciclo de excursiones de historia y patrimonio - COPE Alcoy\" \/>\n<meta property=\"og:description\" content=\"El \u00e1rea de Cultura del Ayuntamiento de Alcoy organiza un nuevo ciclo de excursiones culturales bajo el lema \u201c10 excursions...\" \/>\n<meta property=\"og:url\" content=\"https:\/\/www.copealcoy.es\/es\/se-inicia-el-ciclo-de-excursiones-de-historia-y-patrimonio\/\" \/>\n<meta property=\"og:site_name\" content=\"COPE Alcoy\" \/>\n<meta property=\"article:published_time\" content=\"2015-02-10T12:44:49+00:00\" \/>\n<meta property=\"article:modified_time\" content=\"2015-02-10T15:16:29+00:00\" \/>\n<meta property=\"og:image\" content=\"https:\/\/www.copealcoy.es\/wp-content\/uploads\/2015\/02\/image21.jpg\" \/>\n\t<meta property=\"og:image:width\" content=\"259\" \/>\n\t<meta property=\"og:image:height\" content=\"194\" \/>\n\t<meta property=\"og:image:type\" content=\"image\/jpeg\" \/>\n<meta name=\"author\" content=\"Cope Alcoy\" \/>\n<meta name=\"twitter:label1\" content=\"Escrito por\" \/>\n\t<meta name=\"twitter:data1\" content=\"Cope Alcoy\" \/>\n\t<meta name=\"twitter:label2\" content=\"Tiempo de lectura\" \/>\n\t<meta name=\"twitter:data2\" content=\"1 minuto\" \/>\n<script type=\"application\/ld+json\" class=\"yoast-schema-graph\">{\"@context\":\"https:\\\/\\\/schema.org\",\"@graph\":[{\"@type\":\"Article\",\"@id\":\"https:\\\/\\\/www.copealcoy.es\\\/es\\\/se-inicia-el-ciclo-de-excursiones-de-historia-y-patrimonio\\\/#article\",\"isPartOf\":{\"@id\":\"https:\\\/\\\/www.copealcoy.es\\\/es\\\/se-inicia-el-ciclo-de-excursiones-de-historia-y-patrimonio\\\/\"},\"author\":{\"name\":\"Cope Alcoy\",\"@id\":\"https:\\\/\\\/www.copealcoy.es\\\/es\\\/#\\\/schema\\\/person\\\/e777c87fa024e57d40170af9df39882c\"},\"headline\":\"Nuevo ciclo de excursiones de historia y patrimonio\",\"datePublished\":\"2015-02-10T12:44:49+00:00\",\"dateModified\":\"2015-02-10T15:16:29+00:00\",\"mainEntityOfPage\":{\"@id\":\"https:\\\/\\\/www.copealcoy.es\\\/es\\\/se-inicia-el-ciclo-de-excursiones-de-historia-y-patrimonio\\\/\"},\"wordCount\":176,\"commentCount\":0,\"image\":{\"@id\":\"https:\\\/\\\/www.copealcoy.es\\\/es\\\/se-inicia-el-ciclo-de-excursiones-de-historia-y-patrimonio\\\/#primaryimage\"},\"thumbnailUrl\":\"https:\\\/\\\/www.copealcoy.es\\\/wp-content\\\/uploads\\\/2015\\\/02\\\/image21.jpg\",\"keywords\":[\"Alcoy\",\"Cultura\",\"Naturaleza\",\"Patrimonio\",\"Rutas\",\"Senderismo\"],\"articleSection\":[\"Alcoy\",\"Fiesta y Cultura\",\"Noticias\"],\"inLanguage\":\"es\"},{\"@type\":\"WebPage\",\"@id\":\"https:\\\/\\\/www.copealcoy.es\\\/es\\\/se-inicia-el-ciclo-de-excursiones-de-historia-y-patrimonio\\\/\",\"url\":\"https:\\\/\\\/www.copealcoy.es\\\/es\\\/se-inicia-el-ciclo-de-excursiones-de-historia-y-patrimonio\\\/\",\"name\":\"Nuevo ciclo de excursiones de historia y patrimonio - COPE Alcoy\",\"isPartOf\":{\"@id\":\"https:\\\/\\\/www.copealcoy.es\\\/es\\\/#website\"},\"primaryImageOfPage\":{\"@id\":\"https:\\\/\\\/www.copealcoy.es\\\/es\\\/se-inicia-el-ciclo-de-excursiones-de-historia-y-patrimonio\\\/#primaryimage\"},\"image\":{\"@id\":\"https:\\\/\\\/www.copealcoy.es\\\/es\\\/se-inicia-el-ciclo-de-excursiones-de-historia-y-patrimonio\\\/#primaryimage\"},\"thumbnailUrl\":\"https:\\\/\\\/www.copealcoy.es\\\/wp-content\\\/uploads\\\/2015\\\/02\\\/image21.jpg\",\"datePublished\":\"2015-02-10T12:44:49+00:00\",\"dateModified\":\"2015-02-10T15:16:29+00:00\",\"author\":{\"@id\":\"https:\\\/\\\/www.copealcoy.es\\\/es\\\/#\\\/schema\\\/person\\\/e777c87fa024e57d40170af9df39882c\"},\"breadcrumb\":{\"@id\":\"https:\\\/\\\/www.copealcoy.es\\\/es\\\/se-inicia-el-ciclo-de-excursiones-de-historia-y-patrimonio\\\/#breadcrumb\"},\"inLanguage\":\"es\",\"potentialAction\":[{\"@type\":\"ReadAction\",\"target\":[\"https:\\\/\\\/www.copealcoy.es\\\/es\\\/se-inicia-el-ciclo-de-excursiones-de-historia-y-patrimonio\\\/\"]}]},{\"@type\":\"ImageObject\",\"inLanguage\":\"es\",\"@id\":\"https:\\\/\\\/www.copealcoy.es\\\/es\\\/se-inicia-el-ciclo-de-excursiones-de-historia-y-patrimonio\\\/#primaryimage\",\"url\":\"https:\\\/\\\/www.copealcoy.es\\\/wp-content\\\/uploads\\\/2015\\\/02\\\/image21.jpg\",\"contentUrl\":\"https:\\\/\\\/www.copealcoy.es\\\/wp-content\\\/uploads\\\/2015\\\/02\\\/image21.jpg\",\"width\":259,\"height\":194,\"caption\":\"El Castell de Barxell ser\u00e1 una de los detinos de las rutas\"},{\"@type\":\"BreadcrumbList\",\"@id\":\"https:\\\/\\\/www.copealcoy.es\\\/es\\\/se-inicia-el-ciclo-de-excursiones-de-historia-y-patrimonio\\\/#breadcrumb\",\"itemListElement\":[{\"@type\":\"ListItem\",\"position\":1,\"name\":\"Portada\",\"item\":\"https:\\\/\\\/www.copealcoy.es\\\/es\\\/\"},{\"@type\":\"ListItem\",\"position\":2,\"name\":\"Nuevo ciclo de excursiones de historia y patrimonio\"}]},{\"@type\":\"WebSite\",\"@id\":\"https:\\\/\\\/www.copealcoy.es\\\/es\\\/#website\",\"url\":\"https:\\\/\\\/www.copealcoy.es\\\/es\\\/\",\"name\":\"COPE Alcoy\",\"description\":\"Emisora COPE de radio local con emisi\u00f3n online. Pont de Sant Jordi 8-10 03803 Alcoy\",\"potentialAction\":[{\"@type\":\"SearchAction\",\"target\":{\"@type\":\"EntryPoint\",\"urlTemplate\":\"https:\\\/\\\/www.copealcoy.es\\\/es\\\/?s={search_term_string}\"},\"query-input\":{\"@type\":\"PropertyValueSpecification\",\"valueRequired\":true,\"valueName\":\"search_term_string\"}}],\"inLanguage\":\"es\"},{\"@type\":\"Person\",\"@id\":\"https:\\\/\\\/www.copealcoy.es\\\/es\\\/#\\\/schema\\\/person\\\/e777c87fa024e57d40170af9df39882c\",\"name\":\"Cope Alcoy\",\"image\":{\"@type\":\"ImageObject\",\"inLanguage\":\"es\",\"@id\":\"https:\\\/\\\/secure.gravatar.com\\\/avatar\\\/bb65d0283347e303893ba14f0692005417c1e0e690a325a4c5d8bb2b3943ee14?s=96&d=mm&r=g\",\"url\":\"https:\\\/\\\/secure.gravatar.com\\\/avatar\\\/bb65d0283347e303893ba14f0692005417c1e0e690a325a4c5d8bb2b3943ee14?s=96&d=mm&r=g\",\"contentUrl\":\"https:\\\/\\\/secure.gravatar.com\\\/avatar\\\/bb65d0283347e303893ba14f0692005417c1e0e690a325a4c5d8bb2b3943ee14?s=96&d=mm&r=g\",\"caption\":\"Cope Alcoy\"}}]}<\/script>\n<!-- \/ Yoast SEO plugin. -->","yoast_head_json":{"title":"Nuevo ciclo de excursiones de historia y patrimonio - COPE Alcoy","robots":{"index":"index","follow":"follow","max-snippet":"max-snippet:-1","max-image-preview":"max-image-preview:large","max-video-preview":"max-video-preview:-1"},"canonical":"https:\/\/www.copealcoy.es\/es\/se-inicia-el-ciclo-de-excursiones-de-historia-y-patrimonio\/","og_locale":"es_ES","og_type":"article","og_title":"Nuevo ciclo de excursiones de historia y patrimonio - COPE Alcoy","og_description":"El \u00e1rea de Cultura del Ayuntamiento de Alcoy organiza un nuevo ciclo de excursiones culturales bajo el lema \u201c10 excursions...","og_url":"https:\/\/www.copealcoy.es\/es\/se-inicia-el-ciclo-de-excursiones-de-historia-y-patrimonio\/","og_site_name":"COPE Alcoy","article_published_time":"2015-02-10T12:44:49+00:00","article_modified_time":"2015-02-10T15:16:29+00:00","og_image":[{"width":259,"height":194,"url":"https:\/\/www.copealcoy.es\/wp-content\/uploads\/2015\/02\/image21.jpg","type":"image\/jpeg"}],"author":"Cope Alcoy","twitter_misc":{"Escrito por":"Cope Alcoy","Tiempo de lectura":"1 minuto"},"schema":{"@context":"https:\/\/schema.org","@graph":[{"@type":"Article","@id":"https:\/\/www.copealcoy.es\/es\/se-inicia-el-ciclo-de-excursiones-de-historia-y-patrimonio\/#article","isPartOf":{"@id":"https:\/\/www.copealcoy.es\/es\/se-inicia-el-ciclo-de-excursiones-de-historia-y-patrimonio\/"},"author":{"name":"Cope Alcoy","@id":"https:\/\/www.copealcoy.es\/es\/#\/schema\/person\/e777c87fa024e57d40170af9df39882c"},"headline":"Nuevo ciclo de excursiones de historia y patrimonio","datePublished":"2015-02-10T12:44:49+00:00","dateModified":"2015-02-10T15:16:29+00:00","mainEntityOfPage":{"@id":"https:\/\/www.copealcoy.es\/es\/se-inicia-el-ciclo-de-excursiones-de-historia-y-patrimonio\/"},"wordCount":176,"commentCount":0,"image":{"@id":"https:\/\/www.copealcoy.es\/es\/se-inicia-el-ciclo-de-excursiones-de-historia-y-patrimonio\/#primaryimage"},"thumbnailUrl":"https:\/\/www.copealcoy.es\/wp-content\/uploads\/2015\/02\/image21.jpg","keywords":["Alcoy","Cultura","Naturaleza","Patrimonio","Rutas","Senderismo"],"articleSection":["Alcoy","Fiesta y Cultura","Noticias"],"inLanguage":"es"},{"@type":"WebPage","@id":"https:\/\/www.copealcoy.es\/es\/se-inicia-el-ciclo-de-excursiones-de-historia-y-patrimonio\/","url":"https:\/\/www.copealcoy.es\/es\/se-inicia-el-ciclo-de-excursiones-de-historia-y-patrimonio\/","name":"Nuevo ciclo de excursiones de historia y patrimonio - COPE Alcoy","isPartOf":{"@id":"https:\/\/www.copealcoy.es\/es\/#website"},"primaryImageOfPage":{"@id":"https:\/\/www.copealcoy.es\/es\/se-inicia-el-ciclo-de-excursiones-de-historia-y-patrimonio\/#primaryimage"},"image":{"@id":"https:\/\/www.copealcoy.es\/es\/se-inicia-el-ciclo-de-excursiones-de-historia-y-patrimonio\/#primaryimage"},"thumbnailUrl":"https:\/\/www.copealcoy.es\/wp-content\/uploads\/2015\/02\/image21.jpg","datePublished":"2015-02-10T12:44:49+00:00","dateModified":"2015-02-10T15:16:29+00:00","author":{"@id":"https:\/\/www.copealcoy.es\/es\/#\/schema\/person\/e777c87fa024e57d40170af9df39882c"},"breadcrumb":{"@id":"https:\/\/www.copealcoy.es\/es\/se-inicia-el-ciclo-de-excursiones-de-historia-y-patrimonio\/#breadcrumb"},"inLanguage":"es","potentialAction":[{"@type":"ReadAction","target":["https:\/\/www.copealcoy.es\/es\/se-inicia-el-ciclo-de-excursiones-de-historia-y-patrimonio\/"]}]},{"@type":"ImageObject","inLanguage":"es","@id":"https:\/\/www.copealcoy.es\/es\/se-inicia-el-ciclo-de-excursiones-de-historia-y-patrimonio\/#primaryimage","url":"https:\/\/www.copealcoy.es\/wp-content\/uploads\/2015\/02\/image21.jpg","contentUrl":"https:\/\/www.copealcoy.es\/wp-content\/uploads\/2015\/02\/image21.jpg","width":259,"height":194,"caption":"El Castell de Barxell ser\u00e1 una de los detinos de las rutas"},{"@type":"BreadcrumbList","@id":"https:\/\/www.copealcoy.es\/es\/se-inicia-el-ciclo-de-excursiones-de-historia-y-patrimonio\/#breadcrumb","itemListElement":[{"@type":"ListItem","position":1,"name":"Portada","item":"https:\/\/www.copealcoy.es\/es\/"},{"@type":"ListItem","position":2,"name":"Nuevo ciclo de excursiones de historia y patrimonio"}]},{"@type":"WebSite","@id":"https:\/\/www.copealcoy.es\/es\/#website","url":"https:\/\/www.copealcoy.es\/es\/","name":"COPE Alcoy","description":"Emisora COPE de radio local con emisi\u00f3n online. Pont de Sant Jordi 8-10 03803 Alcoy","potentialAction":[{"@type":"SearchAction","target":{"@type":"EntryPoint","urlTemplate":"https:\/\/www.copealcoy.es\/es\/?s={search_term_string}"},"query-input":{"@type":"PropertyValueSpecification","valueRequired":true,"valueName":"search_term_string"}}],"inLanguage":"es"},{"@type":"Person","@id":"https:\/\/www.copealcoy.es\/es\/#\/schema\/person\/e777c87fa024e57d40170af9df39882c","name":"Cope Alcoy","image":{"@type":"ImageObject","inLanguage":"es","@id":"https:\/\/secure.gravatar.com\/avatar\/bb65d0283347e303893ba14f0692005417c1e0e690a325a4c5d8bb2b3943ee14?s=96&d=mm&r=g","url":"https:\/\/secure.gravatar.com\/avatar\/bb65d0283347e303893ba14f0692005417c1e0e690a325a4c5d8bb2b3943ee14?s=96&d=mm&r=g","contentUrl":"https:\/\/secure.gravatar.com\/avatar\/bb65d0283347e303893ba14f0692005417c1e0e690a325a4c5d8bb2b3943ee14?s=96&d=mm&r=g","caption":"Cope Alcoy"}}]}},"_links":{"self":[{"href":"https:\/\/www.copealcoy.es\/es\/wp-json\/wp\/v2\/posts\/10436","targetHints":{"allow":["GET"]}}],"collection":[{"href":"https:\/\/www.copealcoy.es\/es\/wp-json\/wp\/v2\/posts"}],"about":[{"href":"https:\/\/www.copealcoy.es\/es\/wp-json\/wp\/v2\/types\/post"}],"author":[{"embeddable":true,"href":"https:\/\/www.copealcoy.es\/es\/wp-json\/wp\/v2\/users\/1"}],"replies":[{"embeddable":true,"href":"https:\/\/www.copealcoy.es\/es\/wp-json\/wp\/v2\/comments?post=10436"}],"version-history":[{"count":0,"href":"https:\/\/www.copealcoy.es\/es\/wp-json\/wp\/v2\/posts\/10436\/revisions"}],"wp:featuredmedia":[{"embeddable":true,"href":"https:\/\/www.copealcoy.es\/es\/wp-json\/wp\/v2\/media\/10452"}],"wp:attachment":[{"href":"https:\/\/www.copealcoy.es\/es\/wp-json\/wp\/v2\/media?parent=10436"}],"wp:term":[{"taxonomy":"category","embeddable":true,"href":"https:\/\/www.copealcoy.es\/es\/wp-json\/wp\/v2\/categories?post=10436"},{"taxonomy":"post_tag","embeddable":true,"href":"https:\/\/www.copealcoy.es\/es\/wp-json\/wp\/v2\/tags?post=10436"}],"curies":[{"name":"wp","href":"https:\/\/api.w.org\/{rel}","templated":true}]}}