{"id":10405,"date":"2015-02-09T13:18:00","date_gmt":"2015-02-09T13:18:00","guid":{"rendered":"http:\/\/copealcoi.es\/new\/?p=10405"},"modified":"2015-02-09T15:24:37","modified_gmt":"2015-02-09T15:24:37","slug":"celebracion-del-ano-ovidi","status":"publish","type":"post","link":"https:\/\/www.copealcoy.es\/es\/celebracion-del-ano-ovidi\/","title":{"rendered":"Empieza a caminar &#8220;L&#8217; Any Ovidi&#8221;"},"content":{"rendered":"<p style=\"text-align: justify;\">El Ayuntamiento de Alcoy da por iniciado el a\u00f1o dedicado a Ovidi Monllor, en recuerdo al 20 aniversario de su falleicmiento,\u00a0\u00a0con la organizaci\u00f3n de dos exposiciones dentro del ciclo de artes pl\u00e1sticas que impulsa el \u00e1rea de cultura.<\/p>\n<p style=\"text-align: justify;\">Las exposiciones abrieron la pasada semana y la primera de ellas se puede ver en el Centre Ovidi Monllor. En ella cinco j\u00f3venes alcoyanos expresan su visi\u00f3n sobre el cantautor alcoyano por medio de sus obras. La muestra recoge los trabajos de\u00a0Rub\u00e9n Fresneda (coordinador), H\u00e8ctor Prats, Neus Bou, Pau Sell\u00e9s y Mauro Pastor. La segunda se centra en la fotograf\u00eda y en ella se pueden ver varias instant\u00e1neas de l&#8217; Ovidi realizadas por\u00a0Mateo Gamon (coordinador), Jos\u00e9 Aleixandre, Jos\u00e9 Garc\u00eda Poveda, Manuel Molines, Paco Grau, Pep Fuster y Xavier Terol.<\/p>\n<p style=\"text-align: justify;\">El edil de Cultura, Paco Agull\u00f3, explic\u00f3 el viernes en el espacio Alcoi Cultural de La Ma\u00f1ana en Alcoy que estas actividades son solo la punta del iceberg de otras muchas m\u00e1s propuestas &#8220;el 10 de marzo fecha en la que nos dej\u00f3 Ovidi, La Dependent, pondr\u00e1 en escena en Barcelona &#8220;Homenatge a T&#8221; y adem\u00e1s el Festival Barnassants estar\u00e1 centrado este a\u00f1o en su figura&#8221;, comenta. De hecho la clausura de este certamen tendr\u00e1 lugar el 12 de abril en Alcoy con un espect\u00e1culo en el Teatro Calder\u00f3n,\u00a0 \u2018El(s) poetes de l\u2019Ovidi\u2019, que contar\u00e1 con la presencia de la hija del cantautor, Jana Monllor. Por su parte se presentar\u00e1 el libro de Jordi Tormo\u00a0\u2018Ovidi\u00a0Monllor. L\u2019obrer de la paraula&#8217; y El Principal acoger\u00e1 el montaje\u00a0\u2018Perqu\u00e8 volem\u2019, en el que la Corporaci\u00f3n Musical Primitiva \u00a0pondr\u00e1 m\u00fasica a\u00a0cancionds\u00a0de Monllor en formato de banda sinf\u00f3nica.<\/p>\n<p style=\"text-align: justify;\">Por \u00faltimo habr\u00e1 un gui\u00f1o al cine y se espera que salga a luz un documental que analiza la figura de Ovidi Monllor desde diferentes vertientes.<\/p>\n<p style=\"text-align: justify;\">\n<p style=\"text-align: justify;\">\n","protected":false},"excerpt":{"rendered":"<p>El Ayuntamiento de Alcoy da por iniciado el a\u00f1o dedicado a Ovidi Monllor, en recuerdo al 20 aniversario de su&#8230;<\/p>\n","protected":false},"author":1,"featured_media":10409,"comment_status":"open","ping_status":"open","sticky":false,"template":"","format":"standard","meta":{"footnotes":""},"categories":[97,78],"tags":[1494,665,692],"class_list":["post-10405","post","type-post","status-publish","format-standard","has-post-thumbnail","hentry","category-alcoy","category-fiestaycultura","tag-alcoy","tag-barcelona","tag-ovidi"],"yoast_head":"<!-- This site is optimized with the Yoast SEO plugin v27.3 - https:\/\/yoast.com\/product\/yoast-seo-wordpress\/ -->\n<title>Empieza a caminar &quot;L&#039; Any Ovidi&quot; - COPE Alcoy<\/title>\n<meta name=\"robots\" content=\"index, follow, max-snippet:-1, max-image-preview:large, max-video-preview:-1\" \/>\n<link rel=\"canonical\" href=\"https:\/\/www.copealcoy.es\/es\/celebracion-del-ano-ovidi\/\" \/>\n<meta property=\"og:locale\" content=\"es_ES\" \/>\n<meta property=\"og:type\" content=\"article\" \/>\n<meta property=\"og:title\" content=\"Empieza a caminar &quot;L&#039; Any Ovidi&quot; - COPE Alcoy\" \/>\n<meta property=\"og:description\" content=\"El Ayuntamiento de Alcoy da por iniciado el a\u00f1o dedicado a Ovidi Monllor, en recuerdo al 20 aniversario de su...\" \/>\n<meta property=\"og:url\" content=\"https:\/\/www.copealcoy.es\/es\/celebracion-del-ano-ovidi\/\" \/>\n<meta property=\"og:site_name\" content=\"COPE Alcoy\" \/>\n<meta property=\"article:published_time\" content=\"2015-02-09T13:18:00+00:00\" \/>\n<meta property=\"article:modified_time\" content=\"2015-02-09T15:24:37+00:00\" \/>\n<meta property=\"og:image\" content=\"https:\/\/www.copealcoy.es\/wp-content\/uploads\/2015\/02\/image17.jpg\" \/>\n\t<meta property=\"og:image:width\" content=\"1024\" \/>\n\t<meta property=\"og:image:height\" content=\"520\" \/>\n\t<meta property=\"og:image:type\" content=\"image\/jpeg\" \/>\n<meta name=\"author\" content=\"Cope Alcoy\" \/>\n<meta name=\"twitter:label1\" content=\"Escrito por\" \/>\n\t<meta name=\"twitter:data1\" content=\"Cope Alcoy\" \/>\n\t<meta name=\"twitter:label2\" content=\"Tiempo de lectura\" \/>\n\t<meta name=\"twitter:data2\" content=\"2 minutos\" \/>\n<script type=\"application\/ld+json\" class=\"yoast-schema-graph\">{\"@context\":\"https:\\\/\\\/schema.org\",\"@graph\":[{\"@type\":\"Article\",\"@id\":\"https:\\\/\\\/www.copealcoy.es\\\/es\\\/celebracion-del-ano-ovidi\\\/#article\",\"isPartOf\":{\"@id\":\"https:\\\/\\\/www.copealcoy.es\\\/es\\\/celebracion-del-ano-ovidi\\\/\"},\"author\":{\"name\":\"Cope Alcoy\",\"@id\":\"https:\\\/\\\/www.copealcoy.es\\\/es\\\/#\\\/schema\\\/person\\\/e777c87fa024e57d40170af9df39882c\"},\"headline\":\"Empieza a caminar &#8220;L&#8217; Any Ovidi&#8221;\",\"datePublished\":\"2015-02-09T13:18:00+00:00\",\"dateModified\":\"2015-02-09T15:24:37+00:00\",\"mainEntityOfPage\":{\"@id\":\"https:\\\/\\\/www.copealcoy.es\\\/es\\\/celebracion-del-ano-ovidi\\\/\"},\"wordCount\":330,\"commentCount\":0,\"image\":{\"@id\":\"https:\\\/\\\/www.copealcoy.es\\\/es\\\/celebracion-del-ano-ovidi\\\/#primaryimage\"},\"thumbnailUrl\":\"https:\\\/\\\/www.copealcoy.es\\\/wp-content\\\/uploads\\\/2015\\\/02\\\/image17.jpg\",\"keywords\":[\"Alcoy\",\"Barcelona\",\"Ovidi\"],\"articleSection\":[\"Alcoy\",\"Fiesta y Cultura\"],\"inLanguage\":\"es\"},{\"@type\":\"WebPage\",\"@id\":\"https:\\\/\\\/www.copealcoy.es\\\/es\\\/celebracion-del-ano-ovidi\\\/\",\"url\":\"https:\\\/\\\/www.copealcoy.es\\\/es\\\/celebracion-del-ano-ovidi\\\/\",\"name\":\"Empieza a caminar \\\"L' Any Ovidi\\\" - COPE Alcoy\",\"isPartOf\":{\"@id\":\"https:\\\/\\\/www.copealcoy.es\\\/es\\\/#website\"},\"primaryImageOfPage\":{\"@id\":\"https:\\\/\\\/www.copealcoy.es\\\/es\\\/celebracion-del-ano-ovidi\\\/#primaryimage\"},\"image\":{\"@id\":\"https:\\\/\\\/www.copealcoy.es\\\/es\\\/celebracion-del-ano-ovidi\\\/#primaryimage\"},\"thumbnailUrl\":\"https:\\\/\\\/www.copealcoy.es\\\/wp-content\\\/uploads\\\/2015\\\/02\\\/image17.jpg\",\"datePublished\":\"2015-02-09T13:18:00+00:00\",\"dateModified\":\"2015-02-09T15:24:37+00:00\",\"author\":{\"@id\":\"https:\\\/\\\/www.copealcoy.es\\\/es\\\/#\\\/schema\\\/person\\\/e777c87fa024e57d40170af9df39882c\"},\"breadcrumb\":{\"@id\":\"https:\\\/\\\/www.copealcoy.es\\\/es\\\/celebracion-del-ano-ovidi\\\/#breadcrumb\"},\"inLanguage\":\"es\",\"potentialAction\":[{\"@type\":\"ReadAction\",\"target\":[\"https:\\\/\\\/www.copealcoy.es\\\/es\\\/celebracion-del-ano-ovidi\\\/\"]}]},{\"@type\":\"ImageObject\",\"inLanguage\":\"es\",\"@id\":\"https:\\\/\\\/www.copealcoy.es\\\/es\\\/celebracion-del-ano-ovidi\\\/#primaryimage\",\"url\":\"https:\\\/\\\/www.copealcoy.es\\\/wp-content\\\/uploads\\\/2015\\\/02\\\/image17.jpg\",\"contentUrl\":\"https:\\\/\\\/www.copealcoy.es\\\/wp-content\\\/uploads\\\/2015\\\/02\\\/image17.jpg\",\"width\":1024,\"height\":520,\"caption\":\"Reuni\u00f3n de entidades en el Ayuntamiento de Alcoy la semana pasada para perfilar los actos\"},{\"@type\":\"BreadcrumbList\",\"@id\":\"https:\\\/\\\/www.copealcoy.es\\\/es\\\/celebracion-del-ano-ovidi\\\/#breadcrumb\",\"itemListElement\":[{\"@type\":\"ListItem\",\"position\":1,\"name\":\"Portada\",\"item\":\"https:\\\/\\\/www.copealcoy.es\\\/es\\\/\"},{\"@type\":\"ListItem\",\"position\":2,\"name\":\"Empieza a caminar &#8220;L&#8217; Any Ovidi&#8221;\"}]},{\"@type\":\"WebSite\",\"@id\":\"https:\\\/\\\/www.copealcoy.es\\\/es\\\/#website\",\"url\":\"https:\\\/\\\/www.copealcoy.es\\\/es\\\/\",\"name\":\"COPE Alcoy\",\"description\":\"Emisora COPE de radio local con emisi\u00f3n online. Pont de Sant Jordi 8-10 03803 Alcoy\",\"potentialAction\":[{\"@type\":\"SearchAction\",\"target\":{\"@type\":\"EntryPoint\",\"urlTemplate\":\"https:\\\/\\\/www.copealcoy.es\\\/es\\\/?s={search_term_string}\"},\"query-input\":{\"@type\":\"PropertyValueSpecification\",\"valueRequired\":true,\"valueName\":\"search_term_string\"}}],\"inLanguage\":\"es\"},{\"@type\":\"Person\",\"@id\":\"https:\\\/\\\/www.copealcoy.es\\\/es\\\/#\\\/schema\\\/person\\\/e777c87fa024e57d40170af9df39882c\",\"name\":\"Cope Alcoy\",\"image\":{\"@type\":\"ImageObject\",\"inLanguage\":\"es\",\"@id\":\"https:\\\/\\\/secure.gravatar.com\\\/avatar\\\/bb65d0283347e303893ba14f0692005417c1e0e690a325a4c5d8bb2b3943ee14?s=96&d=mm&r=g\",\"url\":\"https:\\\/\\\/secure.gravatar.com\\\/avatar\\\/bb65d0283347e303893ba14f0692005417c1e0e690a325a4c5d8bb2b3943ee14?s=96&d=mm&r=g\",\"contentUrl\":\"https:\\\/\\\/secure.gravatar.com\\\/avatar\\\/bb65d0283347e303893ba14f0692005417c1e0e690a325a4c5d8bb2b3943ee14?s=96&d=mm&r=g\",\"caption\":\"Cope Alcoy\"}}]}<\/script>\n<!-- \/ Yoast SEO plugin. -->","yoast_head_json":{"title":"Empieza a caminar \"L' Any Ovidi\" - COPE Alcoy","robots":{"index":"index","follow":"follow","max-snippet":"max-snippet:-1","max-image-preview":"max-image-preview:large","max-video-preview":"max-video-preview:-1"},"canonical":"https:\/\/www.copealcoy.es\/es\/celebracion-del-ano-ovidi\/","og_locale":"es_ES","og_type":"article","og_title":"Empieza a caminar \"L' Any Ovidi\" - COPE Alcoy","og_description":"El Ayuntamiento de Alcoy da por iniciado el a\u00f1o dedicado a Ovidi Monllor, en recuerdo al 20 aniversario de su...","og_url":"https:\/\/www.copealcoy.es\/es\/celebracion-del-ano-ovidi\/","og_site_name":"COPE Alcoy","article_published_time":"2015-02-09T13:18:00+00:00","article_modified_time":"2015-02-09T15:24:37+00:00","og_image":[{"width":1024,"height":520,"url":"https:\/\/www.copealcoy.es\/wp-content\/uploads\/2015\/02\/image17.jpg","type":"image\/jpeg"}],"author":"Cope Alcoy","twitter_misc":{"Escrito por":"Cope Alcoy","Tiempo de lectura":"2 minutos"},"schema":{"@context":"https:\/\/schema.org","@graph":[{"@type":"Article","@id":"https:\/\/www.copealcoy.es\/es\/celebracion-del-ano-ovidi\/#article","isPartOf":{"@id":"https:\/\/www.copealcoy.es\/es\/celebracion-del-ano-ovidi\/"},"author":{"name":"Cope Alcoy","@id":"https:\/\/www.copealcoy.es\/es\/#\/schema\/person\/e777c87fa024e57d40170af9df39882c"},"headline":"Empieza a caminar &#8220;L&#8217; Any Ovidi&#8221;","datePublished":"2015-02-09T13:18:00+00:00","dateModified":"2015-02-09T15:24:37+00:00","mainEntityOfPage":{"@id":"https:\/\/www.copealcoy.es\/es\/celebracion-del-ano-ovidi\/"},"wordCount":330,"commentCount":0,"image":{"@id":"https:\/\/www.copealcoy.es\/es\/celebracion-del-ano-ovidi\/#primaryimage"},"thumbnailUrl":"https:\/\/www.copealcoy.es\/wp-content\/uploads\/2015\/02\/image17.jpg","keywords":["Alcoy","Barcelona","Ovidi"],"articleSection":["Alcoy","Fiesta y Cultura"],"inLanguage":"es"},{"@type":"WebPage","@id":"https:\/\/www.copealcoy.es\/es\/celebracion-del-ano-ovidi\/","url":"https:\/\/www.copealcoy.es\/es\/celebracion-del-ano-ovidi\/","name":"Empieza a caminar \"L' Any Ovidi\" - COPE Alcoy","isPartOf":{"@id":"https:\/\/www.copealcoy.es\/es\/#website"},"primaryImageOfPage":{"@id":"https:\/\/www.copealcoy.es\/es\/celebracion-del-ano-ovidi\/#primaryimage"},"image":{"@id":"https:\/\/www.copealcoy.es\/es\/celebracion-del-ano-ovidi\/#primaryimage"},"thumbnailUrl":"https:\/\/www.copealcoy.es\/wp-content\/uploads\/2015\/02\/image17.jpg","datePublished":"2015-02-09T13:18:00+00:00","dateModified":"2015-02-09T15:24:37+00:00","author":{"@id":"https:\/\/www.copealcoy.es\/es\/#\/schema\/person\/e777c87fa024e57d40170af9df39882c"},"breadcrumb":{"@id":"https:\/\/www.copealcoy.es\/es\/celebracion-del-ano-ovidi\/#breadcrumb"},"inLanguage":"es","potentialAction":[{"@type":"ReadAction","target":["https:\/\/www.copealcoy.es\/es\/celebracion-del-ano-ovidi\/"]}]},{"@type":"ImageObject","inLanguage":"es","@id":"https:\/\/www.copealcoy.es\/es\/celebracion-del-ano-ovidi\/#primaryimage","url":"https:\/\/www.copealcoy.es\/wp-content\/uploads\/2015\/02\/image17.jpg","contentUrl":"https:\/\/www.copealcoy.es\/wp-content\/uploads\/2015\/02\/image17.jpg","width":1024,"height":520,"caption":"Reuni\u00f3n de entidades en el Ayuntamiento de Alcoy la semana pasada para perfilar los actos"},{"@type":"BreadcrumbList","@id":"https:\/\/www.copealcoy.es\/es\/celebracion-del-ano-ovidi\/#breadcrumb","itemListElement":[{"@type":"ListItem","position":1,"name":"Portada","item":"https:\/\/www.copealcoy.es\/es\/"},{"@type":"ListItem","position":2,"name":"Empieza a caminar &#8220;L&#8217; Any Ovidi&#8221;"}]},{"@type":"WebSite","@id":"https:\/\/www.copealcoy.es\/es\/#website","url":"https:\/\/www.copealcoy.es\/es\/","name":"COPE Alcoy","description":"Emisora COPE de radio local con emisi\u00f3n online. Pont de Sant Jordi 8-10 03803 Alcoy","potentialAction":[{"@type":"SearchAction","target":{"@type":"EntryPoint","urlTemplate":"https:\/\/www.copealcoy.es\/es\/?s={search_term_string}"},"query-input":{"@type":"PropertyValueSpecification","valueRequired":true,"valueName":"search_term_string"}}],"inLanguage":"es"},{"@type":"Person","@id":"https:\/\/www.copealcoy.es\/es\/#\/schema\/person\/e777c87fa024e57d40170af9df39882c","name":"Cope Alcoy","image":{"@type":"ImageObject","inLanguage":"es","@id":"https:\/\/secure.gravatar.com\/avatar\/bb65d0283347e303893ba14f0692005417c1e0e690a325a4c5d8bb2b3943ee14?s=96&d=mm&r=g","url":"https:\/\/secure.gravatar.com\/avatar\/bb65d0283347e303893ba14f0692005417c1e0e690a325a4c5d8bb2b3943ee14?s=96&d=mm&r=g","contentUrl":"https:\/\/secure.gravatar.com\/avatar\/bb65d0283347e303893ba14f0692005417c1e0e690a325a4c5d8bb2b3943ee14?s=96&d=mm&r=g","caption":"Cope Alcoy"}}]}},"_links":{"self":[{"href":"https:\/\/www.copealcoy.es\/es\/wp-json\/wp\/v2\/posts\/10405","targetHints":{"allow":["GET"]}}],"collection":[{"href":"https:\/\/www.copealcoy.es\/es\/wp-json\/wp\/v2\/posts"}],"about":[{"href":"https:\/\/www.copealcoy.es\/es\/wp-json\/wp\/v2\/types\/post"}],"author":[{"embeddable":true,"href":"https:\/\/www.copealcoy.es\/es\/wp-json\/wp\/v2\/users\/1"}],"replies":[{"embeddable":true,"href":"https:\/\/www.copealcoy.es\/es\/wp-json\/wp\/v2\/comments?post=10405"}],"version-history":[{"count":0,"href":"https:\/\/www.copealcoy.es\/es\/wp-json\/wp\/v2\/posts\/10405\/revisions"}],"wp:featuredmedia":[{"embeddable":true,"href":"https:\/\/www.copealcoy.es\/es\/wp-json\/wp\/v2\/media\/10409"}],"wp:attachment":[{"href":"https:\/\/www.copealcoy.es\/es\/wp-json\/wp\/v2\/media?parent=10405"}],"wp:term":[{"taxonomy":"category","embeddable":true,"href":"https:\/\/www.copealcoy.es\/es\/wp-json\/wp\/v2\/categories?post=10405"},{"taxonomy":"post_tag","embeddable":true,"href":"https:\/\/www.copealcoy.es\/es\/wp-json\/wp\/v2\/tags?post=10405"}],"curies":[{"name":"wp","href":"https:\/\/api.w.org\/{rel}","templated":true}]}}