{"id":10356,"date":"2015-02-06T15:02:19","date_gmt":"2015-02-06T15:02:19","guid":{"rendered":"http:\/\/copealcoi.es\/new\/?p=10356"},"modified":"2015-02-08T10:11:21","modified_gmt":"2015-02-08T10:11:21","slug":"frances-confia-en-que-finales-de-mes-se-tramite-los-presupuestos","status":"publish","type":"post","link":"https:\/\/www.copealcoy.es\/es\/frances-confia-en-que-finales-de-mes-se-tramite-los-presupuestos\/","title":{"rendered":"Franc\u00e9s conf\u00eda en que a finales de mes se tramiten los presupuestos"},"content":{"rendered":"<p style=\"text-align: justify;\">El alcalde de Alcoy\u00a0y a su vez concejal de Hacienda, Antonio Franc\u00e9s, conf\u00eda en que a finales del mes de febrero se puedan tramitar en el pleno los presupuestos municipales de este a\u00f1o 2015. La oposici\u00f3n, PP y Comprom\u00eds, duda de estos plazos y reprocha al Ejecutivo Local que\u00a0todav\u00eda no han recibido ning\u00fan tipo de documentaci\u00f3n al respecto tal y como afirmaron esta misma semana sus portavoces, Fernando Pastor, y David Abad.<\/p>\n<p style=\"text-align: justify;\">Franc\u00e9s se\u00f1ala que ya ha recibido todas las propuestas de las diferentes concejal\u00edas e indica que en los pr\u00f3ximos d\u00edas se remitir\u00e1 el borrador a los grupos pol\u00edticos &#8220;podr\u00edamos estar hablando de finales de febrero o principios de marzo como fecha para llevar a cabo el debate de los presupuestos&#8221;, explica.<\/p>\n<p style=\"text-align: justify;\">Por el momento el primer edil no aclara la cifra total a la que podr\u00edan ascender las cuentas pero si destaca que la liquidaci\u00f3n del presupuesto del pasado a\u00f1o 2014 ser\u00e1 positiva, a pesar de que la recaudaci\u00f3n final por el Impuesto de Bienes e Inmuebles (IBI) ser\u00e1 de 16 millones y no de 18 tal y como preve\u00eda el Gobierno. Precisamente el PP asegura que ahora mismo el Ayuntamiento solo tiene recaudados 13 millones de euros con lo cual ponen de manifiesto la existencia de un desfase de cinco millones en las cuentas del pasado a\u00f1o.<\/p>\n<p style=\"text-align: justify;\">Finalmente apunta Franc\u00e9s que la deuda municipal se ha reducido a niveles del 64%.<\/p>\n","protected":false},"excerpt":{"rendered":"<p>El alcalde de Alcoy\u00a0y a su vez concejal de Hacienda, Antonio Franc\u00e9s, conf\u00eda en que a finales del mes de&#8230;<\/p>\n","protected":false},"author":1,"featured_media":10357,"comment_status":"open","ping_status":"open","sticky":false,"template":"","format":"standard","meta":{"footnotes":""},"categories":[97,75,125],"tags":[1494,390,316],"class_list":["post-10356","post","type-post","status-publish","format-standard","has-post-thumbnail","hentry","category-alcoy","category-noticias","category-portada","tag-alcoy","tag-economia","tag-presupuestos"],"yoast_head":"<!-- This site is optimized with the Yoast SEO plugin v27.3 - https:\/\/yoast.com\/product\/yoast-seo-wordpress\/ -->\n<title>Franc\u00e9s conf\u00eda en que a finales de mes se tramiten los presupuestos - COPE Alcoy<\/title>\n<meta name=\"robots\" content=\"index, follow, max-snippet:-1, max-image-preview:large, max-video-preview:-1\" \/>\n<link rel=\"canonical\" href=\"https:\/\/www.copealcoy.es\/es\/frances-confia-en-que-finales-de-mes-se-tramite-los-presupuestos\/\" \/>\n<meta property=\"og:locale\" content=\"es_ES\" \/>\n<meta property=\"og:type\" content=\"article\" \/>\n<meta property=\"og:title\" content=\"Franc\u00e9s conf\u00eda en que a finales de mes se tramiten los presupuestos - COPE Alcoy\" \/>\n<meta property=\"og:description\" content=\"El alcalde de Alcoy\u00a0y a su vez concejal de Hacienda, Antonio Franc\u00e9s, conf\u00eda en que a finales del mes de...\" \/>\n<meta property=\"og:url\" content=\"https:\/\/www.copealcoy.es\/es\/frances-confia-en-que-finales-de-mes-se-tramite-los-presupuestos\/\" \/>\n<meta property=\"og:site_name\" content=\"COPE Alcoy\" \/>\n<meta property=\"article:published_time\" content=\"2015-02-06T15:02:19+00:00\" \/>\n<meta property=\"article:modified_time\" content=\"2015-02-08T10:11:21+00:00\" \/>\n<meta property=\"og:image\" content=\"https:\/\/www.copealcoy.es\/wp-content\/uploads\/2015\/02\/image12.jpg\" \/>\n\t<meta property=\"og:image:width\" content=\"2846\" \/>\n\t<meta property=\"og:image:height\" content=\"2218\" \/>\n\t<meta property=\"og:image:type\" content=\"image\/jpeg\" \/>\n<meta name=\"author\" content=\"Cope Alcoy\" \/>\n<meta name=\"twitter:label1\" content=\"Escrito por\" \/>\n\t<meta name=\"twitter:data1\" content=\"Cope Alcoy\" \/>\n\t<meta name=\"twitter:label2\" content=\"Tiempo de lectura\" \/>\n\t<meta name=\"twitter:data2\" content=\"1 minuto\" \/>\n<script type=\"application\/ld+json\" class=\"yoast-schema-graph\">{\"@context\":\"https:\\\/\\\/schema.org\",\"@graph\":[{\"@type\":\"Article\",\"@id\":\"https:\\\/\\\/www.copealcoy.es\\\/es\\\/frances-confia-en-que-finales-de-mes-se-tramite-los-presupuestos\\\/#article\",\"isPartOf\":{\"@id\":\"https:\\\/\\\/www.copealcoy.es\\\/es\\\/frances-confia-en-que-finales-de-mes-se-tramite-los-presupuestos\\\/\"},\"author\":{\"name\":\"Cope Alcoy\",\"@id\":\"https:\\\/\\\/www.copealcoy.es\\\/es\\\/#\\\/schema\\\/person\\\/e777c87fa024e57d40170af9df39882c\"},\"headline\":\"Franc\u00e9s conf\u00eda en que a finales de mes se tramiten los presupuestos\",\"datePublished\":\"2015-02-06T15:02:19+00:00\",\"dateModified\":\"2015-02-08T10:11:21+00:00\",\"mainEntityOfPage\":{\"@id\":\"https:\\\/\\\/www.copealcoy.es\\\/es\\\/frances-confia-en-que-finales-de-mes-se-tramite-los-presupuestos\\\/\"},\"wordCount\":266,\"commentCount\":0,\"image\":{\"@id\":\"https:\\\/\\\/www.copealcoy.es\\\/es\\\/frances-confia-en-que-finales-de-mes-se-tramite-los-presupuestos\\\/#primaryimage\"},\"thumbnailUrl\":\"https:\\\/\\\/www.copealcoy.es\\\/wp-content\\\/uploads\\\/2015\\\/02\\\/image12.jpg\",\"keywords\":[\"Alcoy\",\"Econom\u00eda\",\"Presupuestos\"],\"articleSection\":[\"Alcoy\",\"Noticias\",\"Portada\"],\"inLanguage\":\"es\"},{\"@type\":\"WebPage\",\"@id\":\"https:\\\/\\\/www.copealcoy.es\\\/es\\\/frances-confia-en-que-finales-de-mes-se-tramite-los-presupuestos\\\/\",\"url\":\"https:\\\/\\\/www.copealcoy.es\\\/es\\\/frances-confia-en-que-finales-de-mes-se-tramite-los-presupuestos\\\/\",\"name\":\"Franc\u00e9s conf\u00eda en que a finales de mes se tramiten los presupuestos - COPE Alcoy\",\"isPartOf\":{\"@id\":\"https:\\\/\\\/www.copealcoy.es\\\/es\\\/#website\"},\"primaryImageOfPage\":{\"@id\":\"https:\\\/\\\/www.copealcoy.es\\\/es\\\/frances-confia-en-que-finales-de-mes-se-tramite-los-presupuestos\\\/#primaryimage\"},\"image\":{\"@id\":\"https:\\\/\\\/www.copealcoy.es\\\/es\\\/frances-confia-en-que-finales-de-mes-se-tramite-los-presupuestos\\\/#primaryimage\"},\"thumbnailUrl\":\"https:\\\/\\\/www.copealcoy.es\\\/wp-content\\\/uploads\\\/2015\\\/02\\\/image12.jpg\",\"datePublished\":\"2015-02-06T15:02:19+00:00\",\"dateModified\":\"2015-02-08T10:11:21+00:00\",\"author\":{\"@id\":\"https:\\\/\\\/www.copealcoy.es\\\/es\\\/#\\\/schema\\\/person\\\/e777c87fa024e57d40170af9df39882c\"},\"breadcrumb\":{\"@id\":\"https:\\\/\\\/www.copealcoy.es\\\/es\\\/frances-confia-en-que-finales-de-mes-se-tramite-los-presupuestos\\\/#breadcrumb\"},\"inLanguage\":\"es\",\"potentialAction\":[{\"@type\":\"ReadAction\",\"target\":[\"https:\\\/\\\/www.copealcoy.es\\\/es\\\/frances-confia-en-que-finales-de-mes-se-tramite-los-presupuestos\\\/\"]}]},{\"@type\":\"ImageObject\",\"inLanguage\":\"es\",\"@id\":\"https:\\\/\\\/www.copealcoy.es\\\/es\\\/frances-confia-en-que-finales-de-mes-se-tramite-los-presupuestos\\\/#primaryimage\",\"url\":\"https:\\\/\\\/www.copealcoy.es\\\/wp-content\\\/uploads\\\/2015\\\/02\\\/image12.jpg\",\"contentUrl\":\"https:\\\/\\\/www.copealcoy.es\\\/wp-content\\\/uploads\\\/2015\\\/02\\\/image12.jpg\",\"width\":1386,\"height\":1080,\"caption\":\"Antonio Franc\u00e9s es alcalde de Alcoy\"},{\"@type\":\"BreadcrumbList\",\"@id\":\"https:\\\/\\\/www.copealcoy.es\\\/es\\\/frances-confia-en-que-finales-de-mes-se-tramite-los-presupuestos\\\/#breadcrumb\",\"itemListElement\":[{\"@type\":\"ListItem\",\"position\":1,\"name\":\"Portada\",\"item\":\"https:\\\/\\\/www.copealcoy.es\\\/es\\\/\"},{\"@type\":\"ListItem\",\"position\":2,\"name\":\"Franc\u00e9s conf\u00eda en que a finales de mes se tramiten los presupuestos\"}]},{\"@type\":\"WebSite\",\"@id\":\"https:\\\/\\\/www.copealcoy.es\\\/es\\\/#website\",\"url\":\"https:\\\/\\\/www.copealcoy.es\\\/es\\\/\",\"name\":\"COPE Alcoy\",\"description\":\"Emisora COPE de radio local con emisi\u00f3n online. Pont de Sant Jordi 8-10 03803 Alcoy\",\"potentialAction\":[{\"@type\":\"SearchAction\",\"target\":{\"@type\":\"EntryPoint\",\"urlTemplate\":\"https:\\\/\\\/www.copealcoy.es\\\/es\\\/?s={search_term_string}\"},\"query-input\":{\"@type\":\"PropertyValueSpecification\",\"valueRequired\":true,\"valueName\":\"search_term_string\"}}],\"inLanguage\":\"es\"},{\"@type\":\"Person\",\"@id\":\"https:\\\/\\\/www.copealcoy.es\\\/es\\\/#\\\/schema\\\/person\\\/e777c87fa024e57d40170af9df39882c\",\"name\":\"Cope Alcoy\",\"image\":{\"@type\":\"ImageObject\",\"inLanguage\":\"es\",\"@id\":\"https:\\\/\\\/secure.gravatar.com\\\/avatar\\\/bb65d0283347e303893ba14f0692005417c1e0e690a325a4c5d8bb2b3943ee14?s=96&d=mm&r=g\",\"url\":\"https:\\\/\\\/secure.gravatar.com\\\/avatar\\\/bb65d0283347e303893ba14f0692005417c1e0e690a325a4c5d8bb2b3943ee14?s=96&d=mm&r=g\",\"contentUrl\":\"https:\\\/\\\/secure.gravatar.com\\\/avatar\\\/bb65d0283347e303893ba14f0692005417c1e0e690a325a4c5d8bb2b3943ee14?s=96&d=mm&r=g\",\"caption\":\"Cope Alcoy\"}}]}<\/script>\n<!-- \/ Yoast SEO plugin. -->","yoast_head_json":{"title":"Franc\u00e9s conf\u00eda en que a finales de mes se tramiten los presupuestos - COPE Alcoy","robots":{"index":"index","follow":"follow","max-snippet":"max-snippet:-1","max-image-preview":"max-image-preview:large","max-video-preview":"max-video-preview:-1"},"canonical":"https:\/\/www.copealcoy.es\/es\/frances-confia-en-que-finales-de-mes-se-tramite-los-presupuestos\/","og_locale":"es_ES","og_type":"article","og_title":"Franc\u00e9s conf\u00eda en que a finales de mes se tramiten los presupuestos - COPE Alcoy","og_description":"El alcalde de Alcoy\u00a0y a su vez concejal de Hacienda, Antonio Franc\u00e9s, conf\u00eda en que a finales del mes de...","og_url":"https:\/\/www.copealcoy.es\/es\/frances-confia-en-que-finales-de-mes-se-tramite-los-presupuestos\/","og_site_name":"COPE Alcoy","article_published_time":"2015-02-06T15:02:19+00:00","article_modified_time":"2015-02-08T10:11:21+00:00","og_image":[{"width":2846,"height":2218,"url":"https:\/\/www.copealcoy.es\/wp-content\/uploads\/2015\/02\/image12.jpg","type":"image\/jpeg"}],"author":"Cope Alcoy","twitter_misc":{"Escrito por":"Cope Alcoy","Tiempo de lectura":"1 minuto"},"schema":{"@context":"https:\/\/schema.org","@graph":[{"@type":"Article","@id":"https:\/\/www.copealcoy.es\/es\/frances-confia-en-que-finales-de-mes-se-tramite-los-presupuestos\/#article","isPartOf":{"@id":"https:\/\/www.copealcoy.es\/es\/frances-confia-en-que-finales-de-mes-se-tramite-los-presupuestos\/"},"author":{"name":"Cope Alcoy","@id":"https:\/\/www.copealcoy.es\/es\/#\/schema\/person\/e777c87fa024e57d40170af9df39882c"},"headline":"Franc\u00e9s conf\u00eda en que a finales de mes se tramiten los presupuestos","datePublished":"2015-02-06T15:02:19+00:00","dateModified":"2015-02-08T10:11:21+00:00","mainEntityOfPage":{"@id":"https:\/\/www.copealcoy.es\/es\/frances-confia-en-que-finales-de-mes-se-tramite-los-presupuestos\/"},"wordCount":266,"commentCount":0,"image":{"@id":"https:\/\/www.copealcoy.es\/es\/frances-confia-en-que-finales-de-mes-se-tramite-los-presupuestos\/#primaryimage"},"thumbnailUrl":"https:\/\/www.copealcoy.es\/wp-content\/uploads\/2015\/02\/image12.jpg","keywords":["Alcoy","Econom\u00eda","Presupuestos"],"articleSection":["Alcoy","Noticias","Portada"],"inLanguage":"es"},{"@type":"WebPage","@id":"https:\/\/www.copealcoy.es\/es\/frances-confia-en-que-finales-de-mes-se-tramite-los-presupuestos\/","url":"https:\/\/www.copealcoy.es\/es\/frances-confia-en-que-finales-de-mes-se-tramite-los-presupuestos\/","name":"Franc\u00e9s conf\u00eda en que a finales de mes se tramiten los presupuestos - COPE Alcoy","isPartOf":{"@id":"https:\/\/www.copealcoy.es\/es\/#website"},"primaryImageOfPage":{"@id":"https:\/\/www.copealcoy.es\/es\/frances-confia-en-que-finales-de-mes-se-tramite-los-presupuestos\/#primaryimage"},"image":{"@id":"https:\/\/www.copealcoy.es\/es\/frances-confia-en-que-finales-de-mes-se-tramite-los-presupuestos\/#primaryimage"},"thumbnailUrl":"https:\/\/www.copealcoy.es\/wp-content\/uploads\/2015\/02\/image12.jpg","datePublished":"2015-02-06T15:02:19+00:00","dateModified":"2015-02-08T10:11:21+00:00","author":{"@id":"https:\/\/www.copealcoy.es\/es\/#\/schema\/person\/e777c87fa024e57d40170af9df39882c"},"breadcrumb":{"@id":"https:\/\/www.copealcoy.es\/es\/frances-confia-en-que-finales-de-mes-se-tramite-los-presupuestos\/#breadcrumb"},"inLanguage":"es","potentialAction":[{"@type":"ReadAction","target":["https:\/\/www.copealcoy.es\/es\/frances-confia-en-que-finales-de-mes-se-tramite-los-presupuestos\/"]}]},{"@type":"ImageObject","inLanguage":"es","@id":"https:\/\/www.copealcoy.es\/es\/frances-confia-en-que-finales-de-mes-se-tramite-los-presupuestos\/#primaryimage","url":"https:\/\/www.copealcoy.es\/wp-content\/uploads\/2015\/02\/image12.jpg","contentUrl":"https:\/\/www.copealcoy.es\/wp-content\/uploads\/2015\/02\/image12.jpg","width":1386,"height":1080,"caption":"Antonio Franc\u00e9s es alcalde de Alcoy"},{"@type":"BreadcrumbList","@id":"https:\/\/www.copealcoy.es\/es\/frances-confia-en-que-finales-de-mes-se-tramite-los-presupuestos\/#breadcrumb","itemListElement":[{"@type":"ListItem","position":1,"name":"Portada","item":"https:\/\/www.copealcoy.es\/es\/"},{"@type":"ListItem","position":2,"name":"Franc\u00e9s conf\u00eda en que a finales de mes se tramiten los presupuestos"}]},{"@type":"WebSite","@id":"https:\/\/www.copealcoy.es\/es\/#website","url":"https:\/\/www.copealcoy.es\/es\/","name":"COPE Alcoy","description":"Emisora COPE de radio local con emisi\u00f3n online. Pont de Sant Jordi 8-10 03803 Alcoy","potentialAction":[{"@type":"SearchAction","target":{"@type":"EntryPoint","urlTemplate":"https:\/\/www.copealcoy.es\/es\/?s={search_term_string}"},"query-input":{"@type":"PropertyValueSpecification","valueRequired":true,"valueName":"search_term_string"}}],"inLanguage":"es"},{"@type":"Person","@id":"https:\/\/www.copealcoy.es\/es\/#\/schema\/person\/e777c87fa024e57d40170af9df39882c","name":"Cope Alcoy","image":{"@type":"ImageObject","inLanguage":"es","@id":"https:\/\/secure.gravatar.com\/avatar\/bb65d0283347e303893ba14f0692005417c1e0e690a325a4c5d8bb2b3943ee14?s=96&d=mm&r=g","url":"https:\/\/secure.gravatar.com\/avatar\/bb65d0283347e303893ba14f0692005417c1e0e690a325a4c5d8bb2b3943ee14?s=96&d=mm&r=g","contentUrl":"https:\/\/secure.gravatar.com\/avatar\/bb65d0283347e303893ba14f0692005417c1e0e690a325a4c5d8bb2b3943ee14?s=96&d=mm&r=g","caption":"Cope Alcoy"}}]}},"_links":{"self":[{"href":"https:\/\/www.copealcoy.es\/es\/wp-json\/wp\/v2\/posts\/10356","targetHints":{"allow":["GET"]}}],"collection":[{"href":"https:\/\/www.copealcoy.es\/es\/wp-json\/wp\/v2\/posts"}],"about":[{"href":"https:\/\/www.copealcoy.es\/es\/wp-json\/wp\/v2\/types\/post"}],"author":[{"embeddable":true,"href":"https:\/\/www.copealcoy.es\/es\/wp-json\/wp\/v2\/users\/1"}],"replies":[{"embeddable":true,"href":"https:\/\/www.copealcoy.es\/es\/wp-json\/wp\/v2\/comments?post=10356"}],"version-history":[{"count":0,"href":"https:\/\/www.copealcoy.es\/es\/wp-json\/wp\/v2\/posts\/10356\/revisions"}],"wp:featuredmedia":[{"embeddable":true,"href":"https:\/\/www.copealcoy.es\/es\/wp-json\/wp\/v2\/media\/10357"}],"wp:attachment":[{"href":"https:\/\/www.copealcoy.es\/es\/wp-json\/wp\/v2\/media?parent=10356"}],"wp:term":[{"taxonomy":"category","embeddable":true,"href":"https:\/\/www.copealcoy.es\/es\/wp-json\/wp\/v2\/categories?post=10356"},{"taxonomy":"post_tag","embeddable":true,"href":"https:\/\/www.copealcoy.es\/es\/wp-json\/wp\/v2\/tags?post=10356"}],"curies":[{"name":"wp","href":"https:\/\/api.w.org\/{rel}","templated":true}]}}