{"id":10160,"date":"2015-01-30T20:27:03","date_gmt":"2015-01-30T20:27:03","guid":{"rendered":"http:\/\/copealcoi.es\/new\/?p=10160"},"modified":"2015-02-21T12:52:18","modified_gmt":"2015-02-21T12:52:18","slug":"esquerra-unida-presenta-sus-candidatos-por-alicante","status":"publish","type":"post","link":"https:\/\/www.copealcoy.es\/es\/esquerra-unida-presenta-sus-candidatos-por-alicante\/","title":{"rendered":"Esquerra Unida presenta sus candidatos por Alicante"},"content":{"rendered":"<p style=\"text-align: justify;\">Esquerra Unida ha prsentado esta ma\u00f1ana en Alcoy a\u00a0sus candidatos a las elecciones auton\u00f3micas por la provincia de Alicante. Como n\u00famero uno de la lista ir\u00e1 la actual Diputada en las Cortes Esther L\u00f3pez Barcel\u00f3 mientras que el n\u00famero 3 ser\u00e1 el edil alcoyano y teniente de alcalde, Paco Agull\u00f3. La representaci\u00f3n de la comarca seguir\u00e1 en el n\u00famero 6 con Rub\u00e9n Navas, de Castalla.<\/p>\n<p style=\"text-align: justify;\">Tanto Agull\u00f3 como Navas han destacado que su compromiso pasa por formar parte del cambio de Gobierno al territorio valenciano y han manifestado que traer\u00e1n al parlamento valenciano las reivindicaciones de la comarca como la mejora del tren Alcoi &#8211; X\u00e0tiva, la reactivaci\u00f3n de la industria o la preservaci\u00f3n del Medio Ambiente por medio de la paralizaci\u00f3n de las ATE que suponen un riesgo como la de La Espa\u00f1ola.<\/p>\n<p style=\"text-align: justify;\">Por su parte\u00a0la cabeza de lista ha se\u00f1alado que el objetivo del Partido pasa por dar protagonismo al asociacionismo y por reivindicar los derechos sociales tales como la sanidad y la educaci\u00f3n p\u00fablica o la tenencia de un empleo y vivienda dignos &#8220;han sido 20 a\u00f1os en los que el Gobierno del PP ha hecho un saquero a las arcas valencianas y esa tendencia tienen los ciudadanos oportunidad de revertirla en las urnas el pr\u00f3ximo 24 de mayo&#8221;, ha asegurado Barcel\u00f3.<\/p>\n<p style=\"text-align: justify;\">Los candidatos han sido muy cr\u00edticos con el PP y el Gobierno de Fabra al mismo tiempo que se han mostrado convencidos de que en mayo se iniciar\u00e1 una nueva etapa en el\u00a0Consell &#8220;creemos que Esquerra Unida tendr\u00e1 mucho que decir en los pr\u00f3ximos comicios&#8221;, ha se\u00f1alado el candidato a la presidencia de la Generalitat Valenciana, Ignacio Blanco.<\/p>\n<p style=\"text-align: justify;\">\n","protected":false},"excerpt":{"rendered":"<p>Esquerra Unida ha prsentado esta ma\u00f1ana en Alcoy a\u00a0sus candidatos a las elecciones auton\u00f3micas por la provincia de Alicante. Como&#8230;<\/p>\n","protected":false},"author":1,"featured_media":10161,"comment_status":"open","ping_status":"open","sticky":false,"template":"","format":"standard","meta":{"footnotes":""},"categories":[97,744,75,79],"tags":[269,389,242,422],"class_list":["post-10160","post","type-post","status-publish","format-standard","has-post-thumbnail","hentry","category-alcoy","category-elecciones","category-noticias","category-politicayeconomia","tag-alicante","tag-elecciones-autonomicas","tag-esquerra-unida","tag-politica"],"yoast_head":"<!-- This site is optimized with the Yoast SEO plugin v27.3 - https:\/\/yoast.com\/product\/yoast-seo-wordpress\/ -->\n<title>Esquerra Unida presenta sus candidatos por Alicante - COPE Alcoy<\/title>\n<meta name=\"robots\" content=\"index, follow, max-snippet:-1, max-image-preview:large, max-video-preview:-1\" \/>\n<link rel=\"canonical\" href=\"https:\/\/www.copealcoy.es\/es\/esquerra-unida-presenta-sus-candidatos-por-alicante\/\" \/>\n<meta property=\"og:locale\" content=\"es_ES\" \/>\n<meta property=\"og:type\" content=\"article\" \/>\n<meta property=\"og:title\" content=\"Esquerra Unida presenta sus candidatos por Alicante - COPE Alcoy\" \/>\n<meta property=\"og:description\" content=\"Esquerra Unida ha prsentado esta ma\u00f1ana en Alcoy a\u00a0sus candidatos a las elecciones auton\u00f3micas por la provincia de Alicante. Como...\" \/>\n<meta property=\"og:url\" content=\"https:\/\/www.copealcoy.es\/es\/esquerra-unida-presenta-sus-candidatos-por-alicante\/\" \/>\n<meta property=\"og:site_name\" content=\"COPE Alcoy\" \/>\n<meta property=\"article:published_time\" content=\"2015-01-30T20:27:03+00:00\" \/>\n<meta property=\"article:modified_time\" content=\"2015-02-21T12:52:18+00:00\" \/>\n<meta property=\"og:image\" content=\"https:\/\/www.copealcoy.es\/wp-content\/uploads\/2015\/01\/image150.jpg\" \/>\n\t<meta property=\"og:image:width\" content=\"1051\" \/>\n\t<meta property=\"og:image:height\" content=\"960\" \/>\n\t<meta property=\"og:image:type\" content=\"image\/jpeg\" \/>\n<meta name=\"author\" content=\"Cope Alcoy\" \/>\n<meta name=\"twitter:label1\" content=\"Escrito por\" \/>\n\t<meta name=\"twitter:data1\" content=\"Cope Alcoy\" \/>\n\t<meta name=\"twitter:label2\" content=\"Tiempo de lectura\" \/>\n\t<meta name=\"twitter:data2\" content=\"1 minuto\" \/>\n<script type=\"application\/ld+json\" class=\"yoast-schema-graph\">{\"@context\":\"https:\\\/\\\/schema.org\",\"@graph\":[{\"@type\":\"Article\",\"@id\":\"https:\\\/\\\/www.copealcoy.es\\\/es\\\/esquerra-unida-presenta-sus-candidatos-por-alicante\\\/#article\",\"isPartOf\":{\"@id\":\"https:\\\/\\\/www.copealcoy.es\\\/es\\\/esquerra-unida-presenta-sus-candidatos-por-alicante\\\/\"},\"author\":{\"name\":\"Cope Alcoy\",\"@id\":\"https:\\\/\\\/www.copealcoy.es\\\/es\\\/#\\\/schema\\\/person\\\/e777c87fa024e57d40170af9df39882c\"},\"headline\":\"Esquerra Unida presenta sus candidatos por Alicante\",\"datePublished\":\"2015-01-30T20:27:03+00:00\",\"dateModified\":\"2015-02-21T12:52:18+00:00\",\"mainEntityOfPage\":{\"@id\":\"https:\\\/\\\/www.copealcoy.es\\\/es\\\/esquerra-unida-presenta-sus-candidatos-por-alicante\\\/\"},\"wordCount\":301,\"commentCount\":0,\"image\":{\"@id\":\"https:\\\/\\\/www.copealcoy.es\\\/es\\\/esquerra-unida-presenta-sus-candidatos-por-alicante\\\/#primaryimage\"},\"thumbnailUrl\":\"https:\\\/\\\/www.copealcoy.es\\\/wp-content\\\/uploads\\\/2015\\\/01\\\/image150.jpg\",\"keywords\":[\"Alicante\",\"Elecciones Auton\u00f3micas\",\"Esquerra Unida\",\"Pol\u00edtica\"],\"articleSection\":[\"Alcoy\",\"Elecciones\",\"Noticias\",\"Pol\u00edtica y Econom\u00eda\"],\"inLanguage\":\"es\"},{\"@type\":\"WebPage\",\"@id\":\"https:\\\/\\\/www.copealcoy.es\\\/es\\\/esquerra-unida-presenta-sus-candidatos-por-alicante\\\/\",\"url\":\"https:\\\/\\\/www.copealcoy.es\\\/es\\\/esquerra-unida-presenta-sus-candidatos-por-alicante\\\/\",\"name\":\"Esquerra Unida presenta sus candidatos por Alicante - COPE Alcoy\",\"isPartOf\":{\"@id\":\"https:\\\/\\\/www.copealcoy.es\\\/es\\\/#website\"},\"primaryImageOfPage\":{\"@id\":\"https:\\\/\\\/www.copealcoy.es\\\/es\\\/esquerra-unida-presenta-sus-candidatos-por-alicante\\\/#primaryimage\"},\"image\":{\"@id\":\"https:\\\/\\\/www.copealcoy.es\\\/es\\\/esquerra-unida-presenta-sus-candidatos-por-alicante\\\/#primaryimage\"},\"thumbnailUrl\":\"https:\\\/\\\/www.copealcoy.es\\\/wp-content\\\/uploads\\\/2015\\\/01\\\/image150.jpg\",\"datePublished\":\"2015-01-30T20:27:03+00:00\",\"dateModified\":\"2015-02-21T12:52:18+00:00\",\"author\":{\"@id\":\"https:\\\/\\\/www.copealcoy.es\\\/es\\\/#\\\/schema\\\/person\\\/e777c87fa024e57d40170af9df39882c\"},\"breadcrumb\":{\"@id\":\"https:\\\/\\\/www.copealcoy.es\\\/es\\\/esquerra-unida-presenta-sus-candidatos-por-alicante\\\/#breadcrumb\"},\"inLanguage\":\"es\",\"potentialAction\":[{\"@type\":\"ReadAction\",\"target\":[\"https:\\\/\\\/www.copealcoy.es\\\/es\\\/esquerra-unida-presenta-sus-candidatos-por-alicante\\\/\"]}]},{\"@type\":\"ImageObject\",\"inLanguage\":\"es\",\"@id\":\"https:\\\/\\\/www.copealcoy.es\\\/es\\\/esquerra-unida-presenta-sus-candidatos-por-alicante\\\/#primaryimage\",\"url\":\"https:\\\/\\\/www.copealcoy.es\\\/wp-content\\\/uploads\\\/2015\\\/01\\\/image150.jpg\",\"contentUrl\":\"https:\\\/\\\/www.copealcoy.es\\\/wp-content\\\/uploads\\\/2015\\\/01\\\/image150.jpg\",\"width\":1051,\"height\":960,\"caption\":\"Los candidatos en la Plaza de Espa\u00f1a\"},{\"@type\":\"BreadcrumbList\",\"@id\":\"https:\\\/\\\/www.copealcoy.es\\\/es\\\/esquerra-unida-presenta-sus-candidatos-por-alicante\\\/#breadcrumb\",\"itemListElement\":[{\"@type\":\"ListItem\",\"position\":1,\"name\":\"Portada\",\"item\":\"https:\\\/\\\/www.copealcoy.es\\\/es\\\/\"},{\"@type\":\"ListItem\",\"position\":2,\"name\":\"Esquerra Unida presenta sus candidatos por Alicante\"}]},{\"@type\":\"WebSite\",\"@id\":\"https:\\\/\\\/www.copealcoy.es\\\/es\\\/#website\",\"url\":\"https:\\\/\\\/www.copealcoy.es\\\/es\\\/\",\"name\":\"COPE Alcoy\",\"description\":\"Emisora COPE de radio local con emisi\u00f3n online. Pont de Sant Jordi 8-10 03803 Alcoy\",\"potentialAction\":[{\"@type\":\"SearchAction\",\"target\":{\"@type\":\"EntryPoint\",\"urlTemplate\":\"https:\\\/\\\/www.copealcoy.es\\\/es\\\/?s={search_term_string}\"},\"query-input\":{\"@type\":\"PropertyValueSpecification\",\"valueRequired\":true,\"valueName\":\"search_term_string\"}}],\"inLanguage\":\"es\"},{\"@type\":\"Person\",\"@id\":\"https:\\\/\\\/www.copealcoy.es\\\/es\\\/#\\\/schema\\\/person\\\/e777c87fa024e57d40170af9df39882c\",\"name\":\"Cope Alcoy\",\"image\":{\"@type\":\"ImageObject\",\"inLanguage\":\"es\",\"@id\":\"https:\\\/\\\/secure.gravatar.com\\\/avatar\\\/bb65d0283347e303893ba14f0692005417c1e0e690a325a4c5d8bb2b3943ee14?s=96&d=mm&r=g\",\"url\":\"https:\\\/\\\/secure.gravatar.com\\\/avatar\\\/bb65d0283347e303893ba14f0692005417c1e0e690a325a4c5d8bb2b3943ee14?s=96&d=mm&r=g\",\"contentUrl\":\"https:\\\/\\\/secure.gravatar.com\\\/avatar\\\/bb65d0283347e303893ba14f0692005417c1e0e690a325a4c5d8bb2b3943ee14?s=96&d=mm&r=g\",\"caption\":\"Cope Alcoy\"}}]}<\/script>\n<!-- \/ Yoast SEO plugin. -->","yoast_head_json":{"title":"Esquerra Unida presenta sus candidatos por Alicante - COPE Alcoy","robots":{"index":"index","follow":"follow","max-snippet":"max-snippet:-1","max-image-preview":"max-image-preview:large","max-video-preview":"max-video-preview:-1"},"canonical":"https:\/\/www.copealcoy.es\/es\/esquerra-unida-presenta-sus-candidatos-por-alicante\/","og_locale":"es_ES","og_type":"article","og_title":"Esquerra Unida presenta sus candidatos por Alicante - COPE Alcoy","og_description":"Esquerra Unida ha prsentado esta ma\u00f1ana en Alcoy a\u00a0sus candidatos a las elecciones auton\u00f3micas por la provincia de Alicante. Como...","og_url":"https:\/\/www.copealcoy.es\/es\/esquerra-unida-presenta-sus-candidatos-por-alicante\/","og_site_name":"COPE Alcoy","article_published_time":"2015-01-30T20:27:03+00:00","article_modified_time":"2015-02-21T12:52:18+00:00","og_image":[{"width":1051,"height":960,"url":"https:\/\/www.copealcoy.es\/wp-content\/uploads\/2015\/01\/image150.jpg","type":"image\/jpeg"}],"author":"Cope Alcoy","twitter_misc":{"Escrito por":"Cope Alcoy","Tiempo de lectura":"1 minuto"},"schema":{"@context":"https:\/\/schema.org","@graph":[{"@type":"Article","@id":"https:\/\/www.copealcoy.es\/es\/esquerra-unida-presenta-sus-candidatos-por-alicante\/#article","isPartOf":{"@id":"https:\/\/www.copealcoy.es\/es\/esquerra-unida-presenta-sus-candidatos-por-alicante\/"},"author":{"name":"Cope Alcoy","@id":"https:\/\/www.copealcoy.es\/es\/#\/schema\/person\/e777c87fa024e57d40170af9df39882c"},"headline":"Esquerra Unida presenta sus candidatos por Alicante","datePublished":"2015-01-30T20:27:03+00:00","dateModified":"2015-02-21T12:52:18+00:00","mainEntityOfPage":{"@id":"https:\/\/www.copealcoy.es\/es\/esquerra-unida-presenta-sus-candidatos-por-alicante\/"},"wordCount":301,"commentCount":0,"image":{"@id":"https:\/\/www.copealcoy.es\/es\/esquerra-unida-presenta-sus-candidatos-por-alicante\/#primaryimage"},"thumbnailUrl":"https:\/\/www.copealcoy.es\/wp-content\/uploads\/2015\/01\/image150.jpg","keywords":["Alicante","Elecciones Auton\u00f3micas","Esquerra Unida","Pol\u00edtica"],"articleSection":["Alcoy","Elecciones","Noticias","Pol\u00edtica y Econom\u00eda"],"inLanguage":"es"},{"@type":"WebPage","@id":"https:\/\/www.copealcoy.es\/es\/esquerra-unida-presenta-sus-candidatos-por-alicante\/","url":"https:\/\/www.copealcoy.es\/es\/esquerra-unida-presenta-sus-candidatos-por-alicante\/","name":"Esquerra Unida presenta sus candidatos por Alicante - COPE Alcoy","isPartOf":{"@id":"https:\/\/www.copealcoy.es\/es\/#website"},"primaryImageOfPage":{"@id":"https:\/\/www.copealcoy.es\/es\/esquerra-unida-presenta-sus-candidatos-por-alicante\/#primaryimage"},"image":{"@id":"https:\/\/www.copealcoy.es\/es\/esquerra-unida-presenta-sus-candidatos-por-alicante\/#primaryimage"},"thumbnailUrl":"https:\/\/www.copealcoy.es\/wp-content\/uploads\/2015\/01\/image150.jpg","datePublished":"2015-01-30T20:27:03+00:00","dateModified":"2015-02-21T12:52:18+00:00","author":{"@id":"https:\/\/www.copealcoy.es\/es\/#\/schema\/person\/e777c87fa024e57d40170af9df39882c"},"breadcrumb":{"@id":"https:\/\/www.copealcoy.es\/es\/esquerra-unida-presenta-sus-candidatos-por-alicante\/#breadcrumb"},"inLanguage":"es","potentialAction":[{"@type":"ReadAction","target":["https:\/\/www.copealcoy.es\/es\/esquerra-unida-presenta-sus-candidatos-por-alicante\/"]}]},{"@type":"ImageObject","inLanguage":"es","@id":"https:\/\/www.copealcoy.es\/es\/esquerra-unida-presenta-sus-candidatos-por-alicante\/#primaryimage","url":"https:\/\/www.copealcoy.es\/wp-content\/uploads\/2015\/01\/image150.jpg","contentUrl":"https:\/\/www.copealcoy.es\/wp-content\/uploads\/2015\/01\/image150.jpg","width":1051,"height":960,"caption":"Los candidatos en la Plaza de Espa\u00f1a"},{"@type":"BreadcrumbList","@id":"https:\/\/www.copealcoy.es\/es\/esquerra-unida-presenta-sus-candidatos-por-alicante\/#breadcrumb","itemListElement":[{"@type":"ListItem","position":1,"name":"Portada","item":"https:\/\/www.copealcoy.es\/es\/"},{"@type":"ListItem","position":2,"name":"Esquerra Unida presenta sus candidatos por Alicante"}]},{"@type":"WebSite","@id":"https:\/\/www.copealcoy.es\/es\/#website","url":"https:\/\/www.copealcoy.es\/es\/","name":"COPE Alcoy","description":"Emisora COPE de radio local con emisi\u00f3n online. Pont de Sant Jordi 8-10 03803 Alcoy","potentialAction":[{"@type":"SearchAction","target":{"@type":"EntryPoint","urlTemplate":"https:\/\/www.copealcoy.es\/es\/?s={search_term_string}"},"query-input":{"@type":"PropertyValueSpecification","valueRequired":true,"valueName":"search_term_string"}}],"inLanguage":"es"},{"@type":"Person","@id":"https:\/\/www.copealcoy.es\/es\/#\/schema\/person\/e777c87fa024e57d40170af9df39882c","name":"Cope Alcoy","image":{"@type":"ImageObject","inLanguage":"es","@id":"https:\/\/secure.gravatar.com\/avatar\/bb65d0283347e303893ba14f0692005417c1e0e690a325a4c5d8bb2b3943ee14?s=96&d=mm&r=g","url":"https:\/\/secure.gravatar.com\/avatar\/bb65d0283347e303893ba14f0692005417c1e0e690a325a4c5d8bb2b3943ee14?s=96&d=mm&r=g","contentUrl":"https:\/\/secure.gravatar.com\/avatar\/bb65d0283347e303893ba14f0692005417c1e0e690a325a4c5d8bb2b3943ee14?s=96&d=mm&r=g","caption":"Cope Alcoy"}}]}},"_links":{"self":[{"href":"https:\/\/www.copealcoy.es\/es\/wp-json\/wp\/v2\/posts\/10160","targetHints":{"allow":["GET"]}}],"collection":[{"href":"https:\/\/www.copealcoy.es\/es\/wp-json\/wp\/v2\/posts"}],"about":[{"href":"https:\/\/www.copealcoy.es\/es\/wp-json\/wp\/v2\/types\/post"}],"author":[{"embeddable":true,"href":"https:\/\/www.copealcoy.es\/es\/wp-json\/wp\/v2\/users\/1"}],"replies":[{"embeddable":true,"href":"https:\/\/www.copealcoy.es\/es\/wp-json\/wp\/v2\/comments?post=10160"}],"version-history":[{"count":0,"href":"https:\/\/www.copealcoy.es\/es\/wp-json\/wp\/v2\/posts\/10160\/revisions"}],"wp:featuredmedia":[{"embeddable":true,"href":"https:\/\/www.copealcoy.es\/es\/wp-json\/wp\/v2\/media\/10161"}],"wp:attachment":[{"href":"https:\/\/www.copealcoy.es\/es\/wp-json\/wp\/v2\/media?parent=10160"}],"wp:term":[{"taxonomy":"category","embeddable":true,"href":"https:\/\/www.copealcoy.es\/es\/wp-json\/wp\/v2\/categories?post=10160"},{"taxonomy":"post_tag","embeddable":true,"href":"https:\/\/www.copealcoy.es\/es\/wp-json\/wp\/v2\/tags?post=10160"}],"curies":[{"name":"wp","href":"https:\/\/api.w.org\/{rel}","templated":true}]}}