{"id":10109,"date":"2015-01-29T15:43:07","date_gmt":"2015-01-29T15:43:07","guid":{"rendered":"http:\/\/copealcoi.es\/new\/?p=10109"},"modified":"2015-01-29T15:47:40","modified_gmt":"2015-01-29T15:47:40","slug":"el-psoe-de-cocentaina-critico-con-las-primarias-de-compromis-col-lectiu-03820","status":"publish","type":"post","link":"https:\/\/www.copealcoy.es\/es\/el-psoe-de-cocentaina-critico-con-las-primarias-de-compromis-col-lectiu-03820\/","title":{"rendered":"El PSOE de Cocentaina cr\u00edtico con las Primarias de Comprom\u00eds &#8211; Col.lectiu 03820"},"content":{"rendered":"<p style=\"text-align: justify;\">El Partido Socialista de Cocentaina califica de &#8220;oscuro, cuestionable y pucherazo&#8221; el proceso de Primarias llevado a cabo\u00a0por la coalici\u00f3n Col.lectiu 03820- Comprom\u00eds.<\/p>\n<p style=\"text-align: justify;\">Los socialistas, a trav\u00e9s de un comunicado, expresan que no se han aportado datos importantes como cuantas personas participaron en la votaci\u00f3n as\u00ed como qu\u00e9 resultado votaban. Desde la formaci\u00f3n pol\u00edtica critican tambi\u00e9n la maniobra de Jordi Pla y Xavi Anduix a quienes acusan de haber pactado la designaci\u00f3n del candidato final a la alcald\u00eda de la Villa Condal.\u00a0\u00a0Adem\u00e1s a\u00f1aden que el dato de participaci\u00f3n no se ha dado a conocer debido a que en realidad votaron 100 personas, una cifra que, dicen; representa el 10% de los votantes de las \u00faltimas elecciones municipales de 2011.<\/p>\n<p style=\"text-align: justify;\">Por \u00faltimo desde el PSOE Contestano\u00a0se\u00f1alan tambi\u00e9n que los actos convocados antes del proceso de primarias han sido un fracaso y ponen de ejemplo a la \u00faltima asamblea abierta a la ciudadan\u00eda de la que aseguran que tuvo una asistencia de\u00a040 personas.<\/p>\n","protected":false},"excerpt":{"rendered":"<p>El Partido Socialista de Cocentaina califica de &#8220;oscuro, cuestionable y pucherazo&#8221; el proceso de Primarias llevado a cabo\u00a0por la coalici\u00f3n&#8230;<\/p>\n","protected":false},"author":1,"featured_media":10110,"comment_status":"open","ping_status":"open","sticky":false,"template":"","format":"standard","meta":{"footnotes":""},"categories":[98],"tags":[610,152,307,306,371],"class_list":["post-10109","post","type-post","status-publish","format-standard","has-post-thumbnail","hentry","category-comarcas","tag-col-lectiu-03820","tag-compromis","tag-elecciones","tag-primarias","tag-psoe"],"yoast_head":"<!-- This site is optimized with the Yoast SEO plugin v27.3 - https:\/\/yoast.com\/product\/yoast-seo-wordpress\/ -->\n<title>El PSOE de Cocentaina cr\u00edtico con las Primarias de Comprom\u00eds - Col.lectiu 03820 - COPE Alcoy<\/title>\n<meta name=\"robots\" content=\"index, follow, max-snippet:-1, max-image-preview:large, max-video-preview:-1\" \/>\n<link rel=\"canonical\" href=\"https:\/\/www.copealcoy.es\/es\/el-psoe-de-cocentaina-critico-con-las-primarias-de-compromis-col-lectiu-03820\/\" \/>\n<meta property=\"og:locale\" content=\"es_ES\" \/>\n<meta property=\"og:type\" content=\"article\" \/>\n<meta property=\"og:title\" content=\"El PSOE de Cocentaina cr\u00edtico con las Primarias de Comprom\u00eds - Col.lectiu 03820 - COPE Alcoy\" \/>\n<meta property=\"og:description\" content=\"El Partido Socialista de Cocentaina califica de &#8220;oscuro, cuestionable y pucherazo&#8221; el proceso de Primarias llevado a cabo\u00a0por la coalici\u00f3n...\" \/>\n<meta property=\"og:url\" content=\"https:\/\/www.copealcoy.es\/es\/el-psoe-de-cocentaina-critico-con-las-primarias-de-compromis-col-lectiu-03820\/\" \/>\n<meta property=\"og:site_name\" content=\"COPE Alcoy\" \/>\n<meta property=\"article:published_time\" content=\"2015-01-29T15:43:07+00:00\" \/>\n<meta property=\"article:modified_time\" content=\"2015-01-29T15:47:40+00:00\" \/>\n<meta property=\"og:image\" content=\"https:\/\/www.copealcoy.es\/wp-content\/uploads\/2015\/01\/image141.jpg\" \/>\n\t<meta property=\"og:image:width\" content=\"960\" \/>\n\t<meta property=\"og:image:height\" content=\"637\" \/>\n\t<meta property=\"og:image:type\" content=\"image\/jpeg\" \/>\n<meta name=\"author\" content=\"Cope Alcoy\" \/>\n<meta name=\"twitter:label1\" content=\"Escrito por\" \/>\n\t<meta name=\"twitter:data1\" content=\"Cope Alcoy\" \/>\n\t<meta name=\"twitter:label2\" content=\"Tiempo de lectura\" \/>\n\t<meta name=\"twitter:data2\" content=\"1 minuto\" \/>\n<script type=\"application\/ld+json\" class=\"yoast-schema-graph\">{\"@context\":\"https:\\\/\\\/schema.org\",\"@graph\":[{\"@type\":\"Article\",\"@id\":\"https:\\\/\\\/www.copealcoy.es\\\/es\\\/el-psoe-de-cocentaina-critico-con-las-primarias-de-compromis-col-lectiu-03820\\\/#article\",\"isPartOf\":{\"@id\":\"https:\\\/\\\/www.copealcoy.es\\\/es\\\/el-psoe-de-cocentaina-critico-con-las-primarias-de-compromis-col-lectiu-03820\\\/\"},\"author\":{\"name\":\"Cope Alcoy\",\"@id\":\"https:\\\/\\\/www.copealcoy.es\\\/es\\\/#\\\/schema\\\/person\\\/e777c87fa024e57d40170af9df39882c\"},\"headline\":\"El PSOE de Cocentaina cr\u00edtico con las Primarias de Comprom\u00eds &#8211; Col.lectiu 03820\",\"datePublished\":\"2015-01-29T15:43:07+00:00\",\"dateModified\":\"2015-01-29T15:47:40+00:00\",\"mainEntityOfPage\":{\"@id\":\"https:\\\/\\\/www.copealcoy.es\\\/es\\\/el-psoe-de-cocentaina-critico-con-las-primarias-de-compromis-col-lectiu-03820\\\/\"},\"wordCount\":192,\"commentCount\":0,\"image\":{\"@id\":\"https:\\\/\\\/www.copealcoy.es\\\/es\\\/el-psoe-de-cocentaina-critico-con-las-primarias-de-compromis-col-lectiu-03820\\\/#primaryimage\"},\"thumbnailUrl\":\"https:\\\/\\\/www.copealcoy.es\\\/wp-content\\\/uploads\\\/2015\\\/01\\\/image141.jpg\",\"keywords\":[\"Col.lectiu 03820\",\"Comprom\u00eds\",\"Elecciones\",\"Primarias\",\"PSOE\"],\"articleSection\":[\"Comarcas\"],\"inLanguage\":\"es\"},{\"@type\":\"WebPage\",\"@id\":\"https:\\\/\\\/www.copealcoy.es\\\/es\\\/el-psoe-de-cocentaina-critico-con-las-primarias-de-compromis-col-lectiu-03820\\\/\",\"url\":\"https:\\\/\\\/www.copealcoy.es\\\/es\\\/el-psoe-de-cocentaina-critico-con-las-primarias-de-compromis-col-lectiu-03820\\\/\",\"name\":\"El PSOE de Cocentaina cr\u00edtico con las Primarias de Comprom\u00eds - Col.lectiu 03820 - COPE Alcoy\",\"isPartOf\":{\"@id\":\"https:\\\/\\\/www.copealcoy.es\\\/es\\\/#website\"},\"primaryImageOfPage\":{\"@id\":\"https:\\\/\\\/www.copealcoy.es\\\/es\\\/el-psoe-de-cocentaina-critico-con-las-primarias-de-compromis-col-lectiu-03820\\\/#primaryimage\"},\"image\":{\"@id\":\"https:\\\/\\\/www.copealcoy.es\\\/es\\\/el-psoe-de-cocentaina-critico-con-las-primarias-de-compromis-col-lectiu-03820\\\/#primaryimage\"},\"thumbnailUrl\":\"https:\\\/\\\/www.copealcoy.es\\\/wp-content\\\/uploads\\\/2015\\\/01\\\/image141.jpg\",\"datePublished\":\"2015-01-29T15:43:07+00:00\",\"dateModified\":\"2015-01-29T15:47:40+00:00\",\"author\":{\"@id\":\"https:\\\/\\\/www.copealcoy.es\\\/es\\\/#\\\/schema\\\/person\\\/e777c87fa024e57d40170af9df39882c\"},\"breadcrumb\":{\"@id\":\"https:\\\/\\\/www.copealcoy.es\\\/es\\\/el-psoe-de-cocentaina-critico-con-las-primarias-de-compromis-col-lectiu-03820\\\/#breadcrumb\"},\"inLanguage\":\"es\",\"potentialAction\":[{\"@type\":\"ReadAction\",\"target\":[\"https:\\\/\\\/www.copealcoy.es\\\/es\\\/el-psoe-de-cocentaina-critico-con-las-primarias-de-compromis-col-lectiu-03820\\\/\"]}]},{\"@type\":\"ImageObject\",\"inLanguage\":\"es\",\"@id\":\"https:\\\/\\\/www.copealcoy.es\\\/es\\\/el-psoe-de-cocentaina-critico-con-las-primarias-de-compromis-col-lectiu-03820\\\/#primaryimage\",\"url\":\"https:\\\/\\\/www.copealcoy.es\\\/wp-content\\\/uploads\\\/2015\\\/01\\\/image141.jpg\",\"contentUrl\":\"https:\\\/\\\/www.copealcoy.es\\\/wp-content\\\/uploads\\\/2015\\\/01\\\/image141.jpg\",\"width\":960,\"height\":637,\"caption\":\"La votaci\u00f3n de las primarias se realiz\u00f3 a las puertas de la sede de la formaci\u00f3n\"},{\"@type\":\"BreadcrumbList\",\"@id\":\"https:\\\/\\\/www.copealcoy.es\\\/es\\\/el-psoe-de-cocentaina-critico-con-las-primarias-de-compromis-col-lectiu-03820\\\/#breadcrumb\",\"itemListElement\":[{\"@type\":\"ListItem\",\"position\":1,\"name\":\"Portada\",\"item\":\"https:\\\/\\\/www.copealcoy.es\\\/es\\\/\"},{\"@type\":\"ListItem\",\"position\":2,\"name\":\"El PSOE de Cocentaina cr\u00edtico con las Primarias de Comprom\u00eds &#8211; Col.lectiu 03820\"}]},{\"@type\":\"WebSite\",\"@id\":\"https:\\\/\\\/www.copealcoy.es\\\/es\\\/#website\",\"url\":\"https:\\\/\\\/www.copealcoy.es\\\/es\\\/\",\"name\":\"COPE Alcoy\",\"description\":\"Emisora COPE de radio local con emisi\u00f3n online. Pont de Sant Jordi 8-10 03803 Alcoy\",\"potentialAction\":[{\"@type\":\"SearchAction\",\"target\":{\"@type\":\"EntryPoint\",\"urlTemplate\":\"https:\\\/\\\/www.copealcoy.es\\\/es\\\/?s={search_term_string}\"},\"query-input\":{\"@type\":\"PropertyValueSpecification\",\"valueRequired\":true,\"valueName\":\"search_term_string\"}}],\"inLanguage\":\"es\"},{\"@type\":\"Person\",\"@id\":\"https:\\\/\\\/www.copealcoy.es\\\/es\\\/#\\\/schema\\\/person\\\/e777c87fa024e57d40170af9df39882c\",\"name\":\"Cope Alcoy\",\"image\":{\"@type\":\"ImageObject\",\"inLanguage\":\"es\",\"@id\":\"https:\\\/\\\/secure.gravatar.com\\\/avatar\\\/bb65d0283347e303893ba14f0692005417c1e0e690a325a4c5d8bb2b3943ee14?s=96&d=mm&r=g\",\"url\":\"https:\\\/\\\/secure.gravatar.com\\\/avatar\\\/bb65d0283347e303893ba14f0692005417c1e0e690a325a4c5d8bb2b3943ee14?s=96&d=mm&r=g\",\"contentUrl\":\"https:\\\/\\\/secure.gravatar.com\\\/avatar\\\/bb65d0283347e303893ba14f0692005417c1e0e690a325a4c5d8bb2b3943ee14?s=96&d=mm&r=g\",\"caption\":\"Cope Alcoy\"}}]}<\/script>\n<!-- \/ Yoast SEO plugin. -->","yoast_head_json":{"title":"El PSOE de Cocentaina cr\u00edtico con las Primarias de Comprom\u00eds - Col.lectiu 03820 - COPE Alcoy","robots":{"index":"index","follow":"follow","max-snippet":"max-snippet:-1","max-image-preview":"max-image-preview:large","max-video-preview":"max-video-preview:-1"},"canonical":"https:\/\/www.copealcoy.es\/es\/el-psoe-de-cocentaina-critico-con-las-primarias-de-compromis-col-lectiu-03820\/","og_locale":"es_ES","og_type":"article","og_title":"El PSOE de Cocentaina cr\u00edtico con las Primarias de Comprom\u00eds - Col.lectiu 03820 - COPE Alcoy","og_description":"El Partido Socialista de Cocentaina califica de &#8220;oscuro, cuestionable y pucherazo&#8221; el proceso de Primarias llevado a cabo\u00a0por la coalici\u00f3n...","og_url":"https:\/\/www.copealcoy.es\/es\/el-psoe-de-cocentaina-critico-con-las-primarias-de-compromis-col-lectiu-03820\/","og_site_name":"COPE Alcoy","article_published_time":"2015-01-29T15:43:07+00:00","article_modified_time":"2015-01-29T15:47:40+00:00","og_image":[{"width":960,"height":637,"url":"https:\/\/www.copealcoy.es\/wp-content\/uploads\/2015\/01\/image141.jpg","type":"image\/jpeg"}],"author":"Cope Alcoy","twitter_misc":{"Escrito por":"Cope Alcoy","Tiempo de lectura":"1 minuto"},"schema":{"@context":"https:\/\/schema.org","@graph":[{"@type":"Article","@id":"https:\/\/www.copealcoy.es\/es\/el-psoe-de-cocentaina-critico-con-las-primarias-de-compromis-col-lectiu-03820\/#article","isPartOf":{"@id":"https:\/\/www.copealcoy.es\/es\/el-psoe-de-cocentaina-critico-con-las-primarias-de-compromis-col-lectiu-03820\/"},"author":{"name":"Cope Alcoy","@id":"https:\/\/www.copealcoy.es\/es\/#\/schema\/person\/e777c87fa024e57d40170af9df39882c"},"headline":"El PSOE de Cocentaina cr\u00edtico con las Primarias de Comprom\u00eds &#8211; Col.lectiu 03820","datePublished":"2015-01-29T15:43:07+00:00","dateModified":"2015-01-29T15:47:40+00:00","mainEntityOfPage":{"@id":"https:\/\/www.copealcoy.es\/es\/el-psoe-de-cocentaina-critico-con-las-primarias-de-compromis-col-lectiu-03820\/"},"wordCount":192,"commentCount":0,"image":{"@id":"https:\/\/www.copealcoy.es\/es\/el-psoe-de-cocentaina-critico-con-las-primarias-de-compromis-col-lectiu-03820\/#primaryimage"},"thumbnailUrl":"https:\/\/www.copealcoy.es\/wp-content\/uploads\/2015\/01\/image141.jpg","keywords":["Col.lectiu 03820","Comprom\u00eds","Elecciones","Primarias","PSOE"],"articleSection":["Comarcas"],"inLanguage":"es"},{"@type":"WebPage","@id":"https:\/\/www.copealcoy.es\/es\/el-psoe-de-cocentaina-critico-con-las-primarias-de-compromis-col-lectiu-03820\/","url":"https:\/\/www.copealcoy.es\/es\/el-psoe-de-cocentaina-critico-con-las-primarias-de-compromis-col-lectiu-03820\/","name":"El PSOE de Cocentaina cr\u00edtico con las Primarias de Comprom\u00eds - Col.lectiu 03820 - COPE Alcoy","isPartOf":{"@id":"https:\/\/www.copealcoy.es\/es\/#website"},"primaryImageOfPage":{"@id":"https:\/\/www.copealcoy.es\/es\/el-psoe-de-cocentaina-critico-con-las-primarias-de-compromis-col-lectiu-03820\/#primaryimage"},"image":{"@id":"https:\/\/www.copealcoy.es\/es\/el-psoe-de-cocentaina-critico-con-las-primarias-de-compromis-col-lectiu-03820\/#primaryimage"},"thumbnailUrl":"https:\/\/www.copealcoy.es\/wp-content\/uploads\/2015\/01\/image141.jpg","datePublished":"2015-01-29T15:43:07+00:00","dateModified":"2015-01-29T15:47:40+00:00","author":{"@id":"https:\/\/www.copealcoy.es\/es\/#\/schema\/person\/e777c87fa024e57d40170af9df39882c"},"breadcrumb":{"@id":"https:\/\/www.copealcoy.es\/es\/el-psoe-de-cocentaina-critico-con-las-primarias-de-compromis-col-lectiu-03820\/#breadcrumb"},"inLanguage":"es","potentialAction":[{"@type":"ReadAction","target":["https:\/\/www.copealcoy.es\/es\/el-psoe-de-cocentaina-critico-con-las-primarias-de-compromis-col-lectiu-03820\/"]}]},{"@type":"ImageObject","inLanguage":"es","@id":"https:\/\/www.copealcoy.es\/es\/el-psoe-de-cocentaina-critico-con-las-primarias-de-compromis-col-lectiu-03820\/#primaryimage","url":"https:\/\/www.copealcoy.es\/wp-content\/uploads\/2015\/01\/image141.jpg","contentUrl":"https:\/\/www.copealcoy.es\/wp-content\/uploads\/2015\/01\/image141.jpg","width":960,"height":637,"caption":"La votaci\u00f3n de las primarias se realiz\u00f3 a las puertas de la sede de la formaci\u00f3n"},{"@type":"BreadcrumbList","@id":"https:\/\/www.copealcoy.es\/es\/el-psoe-de-cocentaina-critico-con-las-primarias-de-compromis-col-lectiu-03820\/#breadcrumb","itemListElement":[{"@type":"ListItem","position":1,"name":"Portada","item":"https:\/\/www.copealcoy.es\/es\/"},{"@type":"ListItem","position":2,"name":"El PSOE de Cocentaina cr\u00edtico con las Primarias de Comprom\u00eds &#8211; Col.lectiu 03820"}]},{"@type":"WebSite","@id":"https:\/\/www.copealcoy.es\/es\/#website","url":"https:\/\/www.copealcoy.es\/es\/","name":"COPE Alcoy","description":"Emisora COPE de radio local con emisi\u00f3n online. Pont de Sant Jordi 8-10 03803 Alcoy","potentialAction":[{"@type":"SearchAction","target":{"@type":"EntryPoint","urlTemplate":"https:\/\/www.copealcoy.es\/es\/?s={search_term_string}"},"query-input":{"@type":"PropertyValueSpecification","valueRequired":true,"valueName":"search_term_string"}}],"inLanguage":"es"},{"@type":"Person","@id":"https:\/\/www.copealcoy.es\/es\/#\/schema\/person\/e777c87fa024e57d40170af9df39882c","name":"Cope Alcoy","image":{"@type":"ImageObject","inLanguage":"es","@id":"https:\/\/secure.gravatar.com\/avatar\/bb65d0283347e303893ba14f0692005417c1e0e690a325a4c5d8bb2b3943ee14?s=96&d=mm&r=g","url":"https:\/\/secure.gravatar.com\/avatar\/bb65d0283347e303893ba14f0692005417c1e0e690a325a4c5d8bb2b3943ee14?s=96&d=mm&r=g","contentUrl":"https:\/\/secure.gravatar.com\/avatar\/bb65d0283347e303893ba14f0692005417c1e0e690a325a4c5d8bb2b3943ee14?s=96&d=mm&r=g","caption":"Cope Alcoy"}}]}},"_links":{"self":[{"href":"https:\/\/www.copealcoy.es\/es\/wp-json\/wp\/v2\/posts\/10109","targetHints":{"allow":["GET"]}}],"collection":[{"href":"https:\/\/www.copealcoy.es\/es\/wp-json\/wp\/v2\/posts"}],"about":[{"href":"https:\/\/www.copealcoy.es\/es\/wp-json\/wp\/v2\/types\/post"}],"author":[{"embeddable":true,"href":"https:\/\/www.copealcoy.es\/es\/wp-json\/wp\/v2\/users\/1"}],"replies":[{"embeddable":true,"href":"https:\/\/www.copealcoy.es\/es\/wp-json\/wp\/v2\/comments?post=10109"}],"version-history":[{"count":0,"href":"https:\/\/www.copealcoy.es\/es\/wp-json\/wp\/v2\/posts\/10109\/revisions"}],"wp:featuredmedia":[{"embeddable":true,"href":"https:\/\/www.copealcoy.es\/es\/wp-json\/wp\/v2\/media\/10110"}],"wp:attachment":[{"href":"https:\/\/www.copealcoy.es\/es\/wp-json\/wp\/v2\/media?parent=10109"}],"wp:term":[{"taxonomy":"category","embeddable":true,"href":"https:\/\/www.copealcoy.es\/es\/wp-json\/wp\/v2\/categories?post=10109"},{"taxonomy":"post_tag","embeddable":true,"href":"https:\/\/www.copealcoy.es\/es\/wp-json\/wp\/v2\/tags?post=10109"}],"curies":[{"name":"wp","href":"https:\/\/api.w.org\/{rel}","templated":true}]}}