{"id":10101,"date":"2015-01-28T15:46:38","date_gmt":"2015-01-28T15:46:38","guid":{"rendered":"http:\/\/copealcoi.es\/new\/?p=10101"},"modified":"2015-01-28T15:48:19","modified_gmt":"2015-01-28T15:48:19","slug":"arranca-fitur-2015","status":"publish","type":"post","link":"https:\/\/www.copealcoy.es\/es\/arranca-fitur-2015\/","title":{"rendered":"Arranca FITUR 2015"},"content":{"rendered":"<p style=\"text-align: justify;\">La 35 edici\u00f3n de la Feria Internacional del Turismo, FITUR, ha arrancado esta ma\u00f1ana en Madrid con la inauguraci\u00f3n oficial que ha estado presidida por Sus Majestades Don Felipe y Do\u00f1a Letizia.<\/p>\n<p style=\"text-align: justify;\">El Patronato de Turismo Costa Blanca ha instalado all\u00ed su stand, que cuenta con 180 metros cuadrados, y un dise\u00f1o original e innovador. Las 141 localidades de la provincia han sido hoy las protagonistas y 28 informadores, ataviados con una camisa identificativa, han atendido a los primeros visitantes que se han acercado hasta el Certamen.<\/p>\n<p style=\"text-align: justify;\">Recordar que durante todos estos d\u00edas se buscar\u00e1 la difusi\u00f3n tur\u00edstica a trav\u00e9s de los canales tradicionales pero tambi\u00e9n de las nuevas tecnolog\u00edas, y adem\u00e1s se realizar\u00e1n actividades parea promocionar el interior y la costa de la provincia. Entre ellas destacan demostraciones gastron\u00f3micas, desfiles, representaciones teatrales y emisi\u00f3n de videos promoci\u00f3nales.<\/p>\n<p style=\"text-align: justify;\">El Diputado de Turismo, Joaqu\u00edn Albaladejo, ha explicado a Cope Alcoy que durante estos d\u00edas se dar\u00e1 a conocer la amplia oferta que tiene la provincia &#8220;tanto en el interior como en la costa y adem\u00e1s se mostrar\u00e1n cuestiones locales en una gran plaza central que se ha habilitado para tal efecto&#8221;, apunta.<\/p>\n<p style=\"text-align: justify;\">Indicar Alcoy tambi\u00e9n participa en este Feria en la que, entre otras cosas, presentar\u00e1 su nuevo portal tur\u00edstico y la Ruta N\u00f3rdica.<\/p>\n","protected":false},"excerpt":{"rendered":"<p>La 35 edici\u00f3n de la Feria Internacional del Turismo, FITUR, ha arrancado esta ma\u00f1ana en Madrid con la inauguraci\u00f3n oficial&#8230;<\/p>\n","protected":false},"author":1,"featured_media":10102,"comment_status":"open","ping_status":"open","sticky":false,"template":"","format":"standard","meta":{"footnotes":""},"categories":[75,79],"tags":[269,597,455,596,454,514],"class_list":["post-10101","post","type-post","status-publish","format-standard","has-post-thumbnail","hentry","category-noticias","category-politicayeconomia","tag-alicante","tag-costa-blanca","tag-difusion","tag-fitur","tag-promocion","tag-turismo"],"yoast_head":"<!-- This site is optimized with the Yoast SEO plugin v27.3 - https:\/\/yoast.com\/product\/yoast-seo-wordpress\/ -->\n<title>Arranca FITUR 2015 - COPE Alcoy<\/title>\n<meta name=\"robots\" content=\"index, follow, max-snippet:-1, max-image-preview:large, max-video-preview:-1\" \/>\n<link rel=\"canonical\" href=\"https:\/\/www.copealcoy.es\/es\/arranca-fitur-2015\/\" \/>\n<meta property=\"og:locale\" content=\"es_ES\" \/>\n<meta property=\"og:type\" content=\"article\" \/>\n<meta property=\"og:title\" content=\"Arranca FITUR 2015 - COPE Alcoy\" \/>\n<meta property=\"og:description\" content=\"La 35 edici\u00f3n de la Feria Internacional del Turismo, FITUR, ha arrancado esta ma\u00f1ana en Madrid con la inauguraci\u00f3n oficial...\" \/>\n<meta property=\"og:url\" content=\"https:\/\/www.copealcoy.es\/es\/arranca-fitur-2015\/\" \/>\n<meta property=\"og:site_name\" content=\"COPE Alcoy\" \/>\n<meta property=\"article:published_time\" content=\"2015-01-28T15:46:38+00:00\" \/>\n<meta property=\"article:modified_time\" content=\"2015-01-28T15:48:19+00:00\" \/>\n<meta property=\"og:image\" content=\"https:\/\/www.copealcoy.es\/wp-content\/uploads\/2015\/01\/image138.jpg\" \/>\n\t<meta property=\"og:image:width\" content=\"978\" \/>\n\t<meta property=\"og:image:height\" content=\"570\" \/>\n\t<meta property=\"og:image:type\" content=\"image\/jpeg\" \/>\n<meta name=\"author\" content=\"Cope Alcoy\" \/>\n<meta name=\"twitter:label1\" content=\"Escrito por\" \/>\n\t<meta name=\"twitter:data1\" content=\"Cope Alcoy\" \/>\n\t<meta name=\"twitter:label2\" content=\"Tiempo de lectura\" \/>\n\t<meta name=\"twitter:data2\" content=\"1 minuto\" \/>\n<script type=\"application\/ld+json\" class=\"yoast-schema-graph\">{\"@context\":\"https:\\\/\\\/schema.org\",\"@graph\":[{\"@type\":\"Article\",\"@id\":\"https:\\\/\\\/www.copealcoy.es\\\/es\\\/arranca-fitur-2015\\\/#article\",\"isPartOf\":{\"@id\":\"https:\\\/\\\/www.copealcoy.es\\\/es\\\/arranca-fitur-2015\\\/\"},\"author\":{\"name\":\"Cope Alcoy\",\"@id\":\"https:\\\/\\\/www.copealcoy.es\\\/es\\\/#\\\/schema\\\/person\\\/e777c87fa024e57d40170af9df39882c\"},\"headline\":\"Arranca FITUR 2015\",\"datePublished\":\"2015-01-28T15:46:38+00:00\",\"dateModified\":\"2015-01-28T15:48:19+00:00\",\"mainEntityOfPage\":{\"@id\":\"https:\\\/\\\/www.copealcoy.es\\\/es\\\/arranca-fitur-2015\\\/\"},\"wordCount\":234,\"commentCount\":0,\"image\":{\"@id\":\"https:\\\/\\\/www.copealcoy.es\\\/es\\\/arranca-fitur-2015\\\/#primaryimage\"},\"thumbnailUrl\":\"https:\\\/\\\/www.copealcoy.es\\\/wp-content\\\/uploads\\\/2015\\\/01\\\/image138.jpg\",\"keywords\":[\"Alicante\",\"Costa Blanca\",\"Difusi\u00f3n\",\"FITUR\",\"Promoci\u00f3n\",\"Turismo\"],\"articleSection\":[\"Noticias\",\"Pol\u00edtica y Econom\u00eda\"],\"inLanguage\":\"es\"},{\"@type\":\"WebPage\",\"@id\":\"https:\\\/\\\/www.copealcoy.es\\\/es\\\/arranca-fitur-2015\\\/\",\"url\":\"https:\\\/\\\/www.copealcoy.es\\\/es\\\/arranca-fitur-2015\\\/\",\"name\":\"Arranca FITUR 2015 - COPE Alcoy\",\"isPartOf\":{\"@id\":\"https:\\\/\\\/www.copealcoy.es\\\/es\\\/#website\"},\"primaryImageOfPage\":{\"@id\":\"https:\\\/\\\/www.copealcoy.es\\\/es\\\/arranca-fitur-2015\\\/#primaryimage\"},\"image\":{\"@id\":\"https:\\\/\\\/www.copealcoy.es\\\/es\\\/arranca-fitur-2015\\\/#primaryimage\"},\"thumbnailUrl\":\"https:\\\/\\\/www.copealcoy.es\\\/wp-content\\\/uploads\\\/2015\\\/01\\\/image138.jpg\",\"datePublished\":\"2015-01-28T15:46:38+00:00\",\"dateModified\":\"2015-01-28T15:48:19+00:00\",\"author\":{\"@id\":\"https:\\\/\\\/www.copealcoy.es\\\/es\\\/#\\\/schema\\\/person\\\/e777c87fa024e57d40170af9df39882c\"},\"breadcrumb\":{\"@id\":\"https:\\\/\\\/www.copealcoy.es\\\/es\\\/arranca-fitur-2015\\\/#breadcrumb\"},\"inLanguage\":\"es\",\"potentialAction\":[{\"@type\":\"ReadAction\",\"target\":[\"https:\\\/\\\/www.copealcoy.es\\\/es\\\/arranca-fitur-2015\\\/\"]}]},{\"@type\":\"ImageObject\",\"inLanguage\":\"es\",\"@id\":\"https:\\\/\\\/www.copealcoy.es\\\/es\\\/arranca-fitur-2015\\\/#primaryimage\",\"url\":\"https:\\\/\\\/www.copealcoy.es\\\/wp-content\\\/uploads\\\/2015\\\/01\\\/image138.jpg\",\"contentUrl\":\"https:\\\/\\\/www.copealcoy.es\\\/wp-content\\\/uploads\\\/2015\\\/01\\\/image138.jpg\",\"width\":978,\"height\":570,\"caption\":\"28 Informadores ya trabajan a pleno rendimiento en el stand de Costa Blanca\"},{\"@type\":\"BreadcrumbList\",\"@id\":\"https:\\\/\\\/www.copealcoy.es\\\/es\\\/arranca-fitur-2015\\\/#breadcrumb\",\"itemListElement\":[{\"@type\":\"ListItem\",\"position\":1,\"name\":\"Portada\",\"item\":\"https:\\\/\\\/www.copealcoy.es\\\/es\\\/\"},{\"@type\":\"ListItem\",\"position\":2,\"name\":\"Arranca FITUR 2015\"}]},{\"@type\":\"WebSite\",\"@id\":\"https:\\\/\\\/www.copealcoy.es\\\/es\\\/#website\",\"url\":\"https:\\\/\\\/www.copealcoy.es\\\/es\\\/\",\"name\":\"COPE Alcoy\",\"description\":\"Emisora COPE de radio local con emisi\u00f3n online. Pont de Sant Jordi 8-10 03803 Alcoy\",\"potentialAction\":[{\"@type\":\"SearchAction\",\"target\":{\"@type\":\"EntryPoint\",\"urlTemplate\":\"https:\\\/\\\/www.copealcoy.es\\\/es\\\/?s={search_term_string}\"},\"query-input\":{\"@type\":\"PropertyValueSpecification\",\"valueRequired\":true,\"valueName\":\"search_term_string\"}}],\"inLanguage\":\"es\"},{\"@type\":\"Person\",\"@id\":\"https:\\\/\\\/www.copealcoy.es\\\/es\\\/#\\\/schema\\\/person\\\/e777c87fa024e57d40170af9df39882c\",\"name\":\"Cope Alcoy\",\"image\":{\"@type\":\"ImageObject\",\"inLanguage\":\"es\",\"@id\":\"https:\\\/\\\/secure.gravatar.com\\\/avatar\\\/bb65d0283347e303893ba14f0692005417c1e0e690a325a4c5d8bb2b3943ee14?s=96&d=mm&r=g\",\"url\":\"https:\\\/\\\/secure.gravatar.com\\\/avatar\\\/bb65d0283347e303893ba14f0692005417c1e0e690a325a4c5d8bb2b3943ee14?s=96&d=mm&r=g\",\"contentUrl\":\"https:\\\/\\\/secure.gravatar.com\\\/avatar\\\/bb65d0283347e303893ba14f0692005417c1e0e690a325a4c5d8bb2b3943ee14?s=96&d=mm&r=g\",\"caption\":\"Cope Alcoy\"}}]}<\/script>\n<!-- \/ Yoast SEO plugin. -->","yoast_head_json":{"title":"Arranca FITUR 2015 - COPE Alcoy","robots":{"index":"index","follow":"follow","max-snippet":"max-snippet:-1","max-image-preview":"max-image-preview:large","max-video-preview":"max-video-preview:-1"},"canonical":"https:\/\/www.copealcoy.es\/es\/arranca-fitur-2015\/","og_locale":"es_ES","og_type":"article","og_title":"Arranca FITUR 2015 - COPE Alcoy","og_description":"La 35 edici\u00f3n de la Feria Internacional del Turismo, FITUR, ha arrancado esta ma\u00f1ana en Madrid con la inauguraci\u00f3n oficial...","og_url":"https:\/\/www.copealcoy.es\/es\/arranca-fitur-2015\/","og_site_name":"COPE Alcoy","article_published_time":"2015-01-28T15:46:38+00:00","article_modified_time":"2015-01-28T15:48:19+00:00","og_image":[{"width":978,"height":570,"url":"https:\/\/www.copealcoy.es\/wp-content\/uploads\/2015\/01\/image138.jpg","type":"image\/jpeg"}],"author":"Cope Alcoy","twitter_misc":{"Escrito por":"Cope Alcoy","Tiempo de lectura":"1 minuto"},"schema":{"@context":"https:\/\/schema.org","@graph":[{"@type":"Article","@id":"https:\/\/www.copealcoy.es\/es\/arranca-fitur-2015\/#article","isPartOf":{"@id":"https:\/\/www.copealcoy.es\/es\/arranca-fitur-2015\/"},"author":{"name":"Cope Alcoy","@id":"https:\/\/www.copealcoy.es\/es\/#\/schema\/person\/e777c87fa024e57d40170af9df39882c"},"headline":"Arranca FITUR 2015","datePublished":"2015-01-28T15:46:38+00:00","dateModified":"2015-01-28T15:48:19+00:00","mainEntityOfPage":{"@id":"https:\/\/www.copealcoy.es\/es\/arranca-fitur-2015\/"},"wordCount":234,"commentCount":0,"image":{"@id":"https:\/\/www.copealcoy.es\/es\/arranca-fitur-2015\/#primaryimage"},"thumbnailUrl":"https:\/\/www.copealcoy.es\/wp-content\/uploads\/2015\/01\/image138.jpg","keywords":["Alicante","Costa Blanca","Difusi\u00f3n","FITUR","Promoci\u00f3n","Turismo"],"articleSection":["Noticias","Pol\u00edtica y Econom\u00eda"],"inLanguage":"es"},{"@type":"WebPage","@id":"https:\/\/www.copealcoy.es\/es\/arranca-fitur-2015\/","url":"https:\/\/www.copealcoy.es\/es\/arranca-fitur-2015\/","name":"Arranca FITUR 2015 - COPE Alcoy","isPartOf":{"@id":"https:\/\/www.copealcoy.es\/es\/#website"},"primaryImageOfPage":{"@id":"https:\/\/www.copealcoy.es\/es\/arranca-fitur-2015\/#primaryimage"},"image":{"@id":"https:\/\/www.copealcoy.es\/es\/arranca-fitur-2015\/#primaryimage"},"thumbnailUrl":"https:\/\/www.copealcoy.es\/wp-content\/uploads\/2015\/01\/image138.jpg","datePublished":"2015-01-28T15:46:38+00:00","dateModified":"2015-01-28T15:48:19+00:00","author":{"@id":"https:\/\/www.copealcoy.es\/es\/#\/schema\/person\/e777c87fa024e57d40170af9df39882c"},"breadcrumb":{"@id":"https:\/\/www.copealcoy.es\/es\/arranca-fitur-2015\/#breadcrumb"},"inLanguage":"es","potentialAction":[{"@type":"ReadAction","target":["https:\/\/www.copealcoy.es\/es\/arranca-fitur-2015\/"]}]},{"@type":"ImageObject","inLanguage":"es","@id":"https:\/\/www.copealcoy.es\/es\/arranca-fitur-2015\/#primaryimage","url":"https:\/\/www.copealcoy.es\/wp-content\/uploads\/2015\/01\/image138.jpg","contentUrl":"https:\/\/www.copealcoy.es\/wp-content\/uploads\/2015\/01\/image138.jpg","width":978,"height":570,"caption":"28 Informadores ya trabajan a pleno rendimiento en el stand de Costa Blanca"},{"@type":"BreadcrumbList","@id":"https:\/\/www.copealcoy.es\/es\/arranca-fitur-2015\/#breadcrumb","itemListElement":[{"@type":"ListItem","position":1,"name":"Portada","item":"https:\/\/www.copealcoy.es\/es\/"},{"@type":"ListItem","position":2,"name":"Arranca FITUR 2015"}]},{"@type":"WebSite","@id":"https:\/\/www.copealcoy.es\/es\/#website","url":"https:\/\/www.copealcoy.es\/es\/","name":"COPE Alcoy","description":"Emisora COPE de radio local con emisi\u00f3n online. Pont de Sant Jordi 8-10 03803 Alcoy","potentialAction":[{"@type":"SearchAction","target":{"@type":"EntryPoint","urlTemplate":"https:\/\/www.copealcoy.es\/es\/?s={search_term_string}"},"query-input":{"@type":"PropertyValueSpecification","valueRequired":true,"valueName":"search_term_string"}}],"inLanguage":"es"},{"@type":"Person","@id":"https:\/\/www.copealcoy.es\/es\/#\/schema\/person\/e777c87fa024e57d40170af9df39882c","name":"Cope Alcoy","image":{"@type":"ImageObject","inLanguage":"es","@id":"https:\/\/secure.gravatar.com\/avatar\/bb65d0283347e303893ba14f0692005417c1e0e690a325a4c5d8bb2b3943ee14?s=96&d=mm&r=g","url":"https:\/\/secure.gravatar.com\/avatar\/bb65d0283347e303893ba14f0692005417c1e0e690a325a4c5d8bb2b3943ee14?s=96&d=mm&r=g","contentUrl":"https:\/\/secure.gravatar.com\/avatar\/bb65d0283347e303893ba14f0692005417c1e0e690a325a4c5d8bb2b3943ee14?s=96&d=mm&r=g","caption":"Cope Alcoy"}}]}},"_links":{"self":[{"href":"https:\/\/www.copealcoy.es\/es\/wp-json\/wp\/v2\/posts\/10101","targetHints":{"allow":["GET"]}}],"collection":[{"href":"https:\/\/www.copealcoy.es\/es\/wp-json\/wp\/v2\/posts"}],"about":[{"href":"https:\/\/www.copealcoy.es\/es\/wp-json\/wp\/v2\/types\/post"}],"author":[{"embeddable":true,"href":"https:\/\/www.copealcoy.es\/es\/wp-json\/wp\/v2\/users\/1"}],"replies":[{"embeddable":true,"href":"https:\/\/www.copealcoy.es\/es\/wp-json\/wp\/v2\/comments?post=10101"}],"version-history":[{"count":0,"href":"https:\/\/www.copealcoy.es\/es\/wp-json\/wp\/v2\/posts\/10101\/revisions"}],"wp:featuredmedia":[{"embeddable":true,"href":"https:\/\/www.copealcoy.es\/es\/wp-json\/wp\/v2\/media\/10102"}],"wp:attachment":[{"href":"https:\/\/www.copealcoy.es\/es\/wp-json\/wp\/v2\/media?parent=10101"}],"wp:term":[{"taxonomy":"category","embeddable":true,"href":"https:\/\/www.copealcoy.es\/es\/wp-json\/wp\/v2\/categories?post=10101"},{"taxonomy":"post_tag","embeddable":true,"href":"https:\/\/www.copealcoy.es\/es\/wp-json\/wp\/v2\/tags?post=10101"}],"curies":[{"name":"wp","href":"https:\/\/api.w.org\/{rel}","templated":true}]}}