{"id":10083,"date":"2015-01-27T16:09:02","date_gmt":"2015-01-27T16:09:02","guid":{"rendered":"http:\/\/copealcoi.es\/new\/?p=10083"},"modified":"2015-01-27T16:09:46","modified_gmt":"2015-01-27T16:09:46","slug":"aprobado-el-proyecto-alcoinnova","status":"publish","type":"post","link":"https:\/\/www.copealcoy.es\/es\/aprobado-el-proyecto-alcoinnova\/","title":{"rendered":"Aprobado el proyecto Alcoinnova"},"content":{"rendered":"<p style=\"text-align: justify;\">El Proyecto Alcoinnova\u00a0ya ha sido aprobado por parte de la Generalitat Valenciana seg\u00fan recoge hoy el Bolet\u00edn Oficial de la Provincia de Alicante. La iniciativa se convierte as\u00ed en la primera Actuaci\u00f3n Territorial Estrat\u00e9gica de la Comunidad y su primera fase deber\u00e1 estar ejecutada en un plazo de 30 meses una vez el Ayuntamiento de Alcoy apruebe las oportunas licencias de obras.<\/p>\n<p style=\"text-align: justify;\">El instructor y responsable de la ATE , Juan Giner, ha expresadosu satisfacci\u00f3n por la culminaci\u00f3n del expediente que se inici\u00f3 el 22 de\u00a0febrero del a\u00f1o 2013. El propio Giner ha destacado que los plazos han sido r\u00e1pidos y ha explicado que esto se debe a que detr\u00e1s del proyecto hay un grupo serio &#8220;en menos de dos a\u00f1os hemos aprobado una ATE que es todo un referente dentro de la Conseller\u00eda&#8221;, manifiesta.<\/p>\n<p style=\"text-align: justify;\">En la publicaci\u00f3n del BOP de este martes se recoge la resoluci\u00f3n de la autorizaci\u00f3n de la Generalitat Valenciana, aprobada en septiembre, con las respuestas a las alegaciones presentadas al citado proyecto y tambi\u00e9n se incluyen las normas urban\u00edsticas. Hay que se\u00f1alar que Alcoinnova supondr\u00e1\u00a0una inversi\u00f3n cercana a los 80 millones de euros y la creaci\u00f3n, en una primera fase\u00a0de aproximadamente 750 puestos de trabajo en la ciudad y la comarca, y entre directos, indirectos e inducidos, se podr\u00e1n alcanzar los 2.000 empleos en la segunda fase.<\/p>\n<p style=\"text-align: justify;\">Por otra parte apuntar que el Consistorio es ahora quien\u00a0definitivamente tiene que dar el visto bueno para as\u00ed licitar la obra y empezar la construcci\u00f3n del parque empresarial. Desde el Partido Popular, su presidente local Rafael Mir\u00f3\u00a0se\u00f1ala que estamos ante una buena noticia para la ciudad &#8220;supone consolidar en la zona una empresa seria y referente como La Espa\u00f1ola al mismo tiempo que es un punto importante para la creaci\u00f3n de empleo&#8221;, concluye.<\/p>\n<p style=\"text-align: justify;\">Finalmente el portavoz del PP, Fernando Pastor, insiste en que el Gobierno Local y m\u00e1s concretamente el PSOE deber\u00e1 manifestar ahora una postura clara &#8220;parece que ha llegado el momento de decidir y ahora los socialistas tienen que ver si se decantan por los intereses de la ciudad o mantener el Bipartito con sus socios de EU&#8221;, detalla.<\/p>\n<p style=\"text-align: justify;\">La resoluci\u00f3n de la aprobaci\u00f3n de la ATE se ha publicado hoy en el BOP de Alicante, y esta misma semana se publicar\u00e1 tambi\u00e9n un extracto de la misma en el DOGV.<\/p>\n","protected":false},"excerpt":{"rendered":"<p>El Proyecto Alcoinnova\u00a0ya ha sido aprobado por parte de la Generalitat Valenciana seg\u00fan recoge hoy el Bolet\u00edn Oficial de la&#8230;<\/p>\n","protected":false},"author":1,"featured_media":9340,"comment_status":"open","ping_status":"open","sticky":false,"template":"","format":"standard","meta":{"footnotes":""},"categories":[97,75,125],"tags":[478,1494,390,433,513,525],"class_list":["post-10083","post","type-post","status-publish","format-standard","has-post-thumbnail","hentry","category-alcoy","category-noticias","category-portada","tag-alcoinnova","tag-alcoy","tag-economia","tag-industria","tag-nuevas-tecnologias","tag-proyecto"],"yoast_head":"<!-- This site is optimized with the Yoast SEO plugin v27.3 - https:\/\/yoast.com\/product\/yoast-seo-wordpress\/ -->\n<title>Aprobado el proyecto Alcoinnova - COPE Alcoy<\/title>\n<meta name=\"robots\" content=\"index, follow, max-snippet:-1, max-image-preview:large, max-video-preview:-1\" \/>\n<link rel=\"canonical\" href=\"https:\/\/www.copealcoy.es\/es\/aprobado-el-proyecto-alcoinnova\/\" \/>\n<meta property=\"og:locale\" content=\"es_ES\" \/>\n<meta property=\"og:type\" content=\"article\" \/>\n<meta property=\"og:title\" content=\"Aprobado el proyecto Alcoinnova - COPE Alcoy\" \/>\n<meta property=\"og:description\" content=\"El Proyecto Alcoinnova\u00a0ya ha sido aprobado por parte de la Generalitat Valenciana seg\u00fan recoge hoy el Bolet\u00edn Oficial de la...\" \/>\n<meta property=\"og:url\" content=\"https:\/\/www.copealcoy.es\/es\/aprobado-el-proyecto-alcoinnova\/\" \/>\n<meta property=\"og:site_name\" content=\"COPE Alcoy\" \/>\n<meta property=\"article:published_time\" content=\"2015-01-27T16:09:02+00:00\" \/>\n<meta property=\"article:modified_time\" content=\"2015-01-27T16:09:46+00:00\" \/>\n<meta property=\"og:image\" content=\"https:\/\/www.copealcoy.es\/wp-content\/uploads\/2014\/12\/image142.jpg\" \/>\n\t<meta property=\"og:image:width\" content=\"3960\" \/>\n\t<meta property=\"og:image:height\" content=\"2465\" \/>\n\t<meta property=\"og:image:type\" content=\"image\/jpeg\" \/>\n<meta name=\"author\" content=\"Cope Alcoy\" \/>\n<meta name=\"twitter:label1\" content=\"Escrito por\" \/>\n\t<meta name=\"twitter:data1\" content=\"Cope Alcoy\" \/>\n\t<meta name=\"twitter:label2\" content=\"Tiempo de lectura\" \/>\n\t<meta name=\"twitter:data2\" content=\"2 minutos\" \/>\n<script type=\"application\/ld+json\" class=\"yoast-schema-graph\">{\"@context\":\"https:\\\/\\\/schema.org\",\"@graph\":[{\"@type\":\"Article\",\"@id\":\"https:\\\/\\\/www.copealcoy.es\\\/es\\\/aprobado-el-proyecto-alcoinnova\\\/#article\",\"isPartOf\":{\"@id\":\"https:\\\/\\\/www.copealcoy.es\\\/es\\\/aprobado-el-proyecto-alcoinnova\\\/\"},\"author\":{\"name\":\"Cope Alcoy\",\"@id\":\"https:\\\/\\\/www.copealcoy.es\\\/es\\\/#\\\/schema\\\/person\\\/e777c87fa024e57d40170af9df39882c\"},\"headline\":\"Aprobado el proyecto Alcoinnova\",\"datePublished\":\"2015-01-27T16:09:02+00:00\",\"dateModified\":\"2015-01-27T16:09:46+00:00\",\"mainEntityOfPage\":{\"@id\":\"https:\\\/\\\/www.copealcoy.es\\\/es\\\/aprobado-el-proyecto-alcoinnova\\\/\"},\"wordCount\":416,\"commentCount\":0,\"image\":{\"@id\":\"https:\\\/\\\/www.copealcoy.es\\\/es\\\/aprobado-el-proyecto-alcoinnova\\\/#primaryimage\"},\"thumbnailUrl\":\"https:\\\/\\\/www.copealcoy.es\\\/wp-content\\\/uploads\\\/2014\\\/12\\\/image142.jpg\",\"keywords\":[\"Alcoinnova\",\"Alcoy\",\"Econom\u00eda\",\"Industria\",\"Nuevas Tecnolog\u00edas\",\"Proyecto\"],\"articleSection\":[\"Alcoy\",\"Noticias\",\"Portada\"],\"inLanguage\":\"es\"},{\"@type\":\"WebPage\",\"@id\":\"https:\\\/\\\/www.copealcoy.es\\\/es\\\/aprobado-el-proyecto-alcoinnova\\\/\",\"url\":\"https:\\\/\\\/www.copealcoy.es\\\/es\\\/aprobado-el-proyecto-alcoinnova\\\/\",\"name\":\"Aprobado el proyecto Alcoinnova - COPE Alcoy\",\"isPartOf\":{\"@id\":\"https:\\\/\\\/www.copealcoy.es\\\/es\\\/#website\"},\"primaryImageOfPage\":{\"@id\":\"https:\\\/\\\/www.copealcoy.es\\\/es\\\/aprobado-el-proyecto-alcoinnova\\\/#primaryimage\"},\"image\":{\"@id\":\"https:\\\/\\\/www.copealcoy.es\\\/es\\\/aprobado-el-proyecto-alcoinnova\\\/#primaryimage\"},\"thumbnailUrl\":\"https:\\\/\\\/www.copealcoy.es\\\/wp-content\\\/uploads\\\/2014\\\/12\\\/image142.jpg\",\"datePublished\":\"2015-01-27T16:09:02+00:00\",\"dateModified\":\"2015-01-27T16:09:46+00:00\",\"author\":{\"@id\":\"https:\\\/\\\/www.copealcoy.es\\\/es\\\/#\\\/schema\\\/person\\\/e777c87fa024e57d40170af9df39882c\"},\"breadcrumb\":{\"@id\":\"https:\\\/\\\/www.copealcoy.es\\\/es\\\/aprobado-el-proyecto-alcoinnova\\\/#breadcrumb\"},\"inLanguage\":\"es\",\"potentialAction\":[{\"@type\":\"ReadAction\",\"target\":[\"https:\\\/\\\/www.copealcoy.es\\\/es\\\/aprobado-el-proyecto-alcoinnova\\\/\"]}]},{\"@type\":\"ImageObject\",\"inLanguage\":\"es\",\"@id\":\"https:\\\/\\\/www.copealcoy.es\\\/es\\\/aprobado-el-proyecto-alcoinnova\\\/#primaryimage\",\"url\":\"https:\\\/\\\/www.copealcoy.es\\\/wp-content\\\/uploads\\\/2014\\\/12\\\/image142.jpg\",\"contentUrl\":\"https:\\\/\\\/www.copealcoy.es\\\/wp-content\\\/uploads\\\/2014\\\/12\\\/image142.jpg\",\"width\":1735,\"height\":1080,\"caption\":\"\u00c1rea del parque empresarial Alcoinnova\"},{\"@type\":\"BreadcrumbList\",\"@id\":\"https:\\\/\\\/www.copealcoy.es\\\/es\\\/aprobado-el-proyecto-alcoinnova\\\/#breadcrumb\",\"itemListElement\":[{\"@type\":\"ListItem\",\"position\":1,\"name\":\"Portada\",\"item\":\"https:\\\/\\\/www.copealcoy.es\\\/es\\\/\"},{\"@type\":\"ListItem\",\"position\":2,\"name\":\"Aprobado el proyecto Alcoinnova\"}]},{\"@type\":\"WebSite\",\"@id\":\"https:\\\/\\\/www.copealcoy.es\\\/es\\\/#website\",\"url\":\"https:\\\/\\\/www.copealcoy.es\\\/es\\\/\",\"name\":\"COPE Alcoy\",\"description\":\"Emisora COPE de radio local con emisi\u00f3n online. Pont de Sant Jordi 8-10 03803 Alcoy\",\"potentialAction\":[{\"@type\":\"SearchAction\",\"target\":{\"@type\":\"EntryPoint\",\"urlTemplate\":\"https:\\\/\\\/www.copealcoy.es\\\/es\\\/?s={search_term_string}\"},\"query-input\":{\"@type\":\"PropertyValueSpecification\",\"valueRequired\":true,\"valueName\":\"search_term_string\"}}],\"inLanguage\":\"es\"},{\"@type\":\"Person\",\"@id\":\"https:\\\/\\\/www.copealcoy.es\\\/es\\\/#\\\/schema\\\/person\\\/e777c87fa024e57d40170af9df39882c\",\"name\":\"Cope Alcoy\",\"image\":{\"@type\":\"ImageObject\",\"inLanguage\":\"es\",\"@id\":\"https:\\\/\\\/secure.gravatar.com\\\/avatar\\\/bb65d0283347e303893ba14f0692005417c1e0e690a325a4c5d8bb2b3943ee14?s=96&d=mm&r=g\",\"url\":\"https:\\\/\\\/secure.gravatar.com\\\/avatar\\\/bb65d0283347e303893ba14f0692005417c1e0e690a325a4c5d8bb2b3943ee14?s=96&d=mm&r=g\",\"contentUrl\":\"https:\\\/\\\/secure.gravatar.com\\\/avatar\\\/bb65d0283347e303893ba14f0692005417c1e0e690a325a4c5d8bb2b3943ee14?s=96&d=mm&r=g\",\"caption\":\"Cope Alcoy\"}}]}<\/script>\n<!-- \/ Yoast SEO plugin. -->","yoast_head_json":{"title":"Aprobado el proyecto Alcoinnova - COPE Alcoy","robots":{"index":"index","follow":"follow","max-snippet":"max-snippet:-1","max-image-preview":"max-image-preview:large","max-video-preview":"max-video-preview:-1"},"canonical":"https:\/\/www.copealcoy.es\/es\/aprobado-el-proyecto-alcoinnova\/","og_locale":"es_ES","og_type":"article","og_title":"Aprobado el proyecto Alcoinnova - COPE Alcoy","og_description":"El Proyecto Alcoinnova\u00a0ya ha sido aprobado por parte de la Generalitat Valenciana seg\u00fan recoge hoy el Bolet\u00edn Oficial de la...","og_url":"https:\/\/www.copealcoy.es\/es\/aprobado-el-proyecto-alcoinnova\/","og_site_name":"COPE Alcoy","article_published_time":"2015-01-27T16:09:02+00:00","article_modified_time":"2015-01-27T16:09:46+00:00","og_image":[{"width":3960,"height":2465,"url":"https:\/\/www.copealcoy.es\/wp-content\/uploads\/2014\/12\/image142.jpg","type":"image\/jpeg"}],"author":"Cope Alcoy","twitter_misc":{"Escrito por":"Cope Alcoy","Tiempo de lectura":"2 minutos"},"schema":{"@context":"https:\/\/schema.org","@graph":[{"@type":"Article","@id":"https:\/\/www.copealcoy.es\/es\/aprobado-el-proyecto-alcoinnova\/#article","isPartOf":{"@id":"https:\/\/www.copealcoy.es\/es\/aprobado-el-proyecto-alcoinnova\/"},"author":{"name":"Cope Alcoy","@id":"https:\/\/www.copealcoy.es\/es\/#\/schema\/person\/e777c87fa024e57d40170af9df39882c"},"headline":"Aprobado el proyecto Alcoinnova","datePublished":"2015-01-27T16:09:02+00:00","dateModified":"2015-01-27T16:09:46+00:00","mainEntityOfPage":{"@id":"https:\/\/www.copealcoy.es\/es\/aprobado-el-proyecto-alcoinnova\/"},"wordCount":416,"commentCount":0,"image":{"@id":"https:\/\/www.copealcoy.es\/es\/aprobado-el-proyecto-alcoinnova\/#primaryimage"},"thumbnailUrl":"https:\/\/www.copealcoy.es\/wp-content\/uploads\/2014\/12\/image142.jpg","keywords":["Alcoinnova","Alcoy","Econom\u00eda","Industria","Nuevas Tecnolog\u00edas","Proyecto"],"articleSection":["Alcoy","Noticias","Portada"],"inLanguage":"es"},{"@type":"WebPage","@id":"https:\/\/www.copealcoy.es\/es\/aprobado-el-proyecto-alcoinnova\/","url":"https:\/\/www.copealcoy.es\/es\/aprobado-el-proyecto-alcoinnova\/","name":"Aprobado el proyecto Alcoinnova - COPE Alcoy","isPartOf":{"@id":"https:\/\/www.copealcoy.es\/es\/#website"},"primaryImageOfPage":{"@id":"https:\/\/www.copealcoy.es\/es\/aprobado-el-proyecto-alcoinnova\/#primaryimage"},"image":{"@id":"https:\/\/www.copealcoy.es\/es\/aprobado-el-proyecto-alcoinnova\/#primaryimage"},"thumbnailUrl":"https:\/\/www.copealcoy.es\/wp-content\/uploads\/2014\/12\/image142.jpg","datePublished":"2015-01-27T16:09:02+00:00","dateModified":"2015-01-27T16:09:46+00:00","author":{"@id":"https:\/\/www.copealcoy.es\/es\/#\/schema\/person\/e777c87fa024e57d40170af9df39882c"},"breadcrumb":{"@id":"https:\/\/www.copealcoy.es\/es\/aprobado-el-proyecto-alcoinnova\/#breadcrumb"},"inLanguage":"es","potentialAction":[{"@type":"ReadAction","target":["https:\/\/www.copealcoy.es\/es\/aprobado-el-proyecto-alcoinnova\/"]}]},{"@type":"ImageObject","inLanguage":"es","@id":"https:\/\/www.copealcoy.es\/es\/aprobado-el-proyecto-alcoinnova\/#primaryimage","url":"https:\/\/www.copealcoy.es\/wp-content\/uploads\/2014\/12\/image142.jpg","contentUrl":"https:\/\/www.copealcoy.es\/wp-content\/uploads\/2014\/12\/image142.jpg","width":1735,"height":1080,"caption":"\u00c1rea del parque empresarial Alcoinnova"},{"@type":"BreadcrumbList","@id":"https:\/\/www.copealcoy.es\/es\/aprobado-el-proyecto-alcoinnova\/#breadcrumb","itemListElement":[{"@type":"ListItem","position":1,"name":"Portada","item":"https:\/\/www.copealcoy.es\/es\/"},{"@type":"ListItem","position":2,"name":"Aprobado el proyecto Alcoinnova"}]},{"@type":"WebSite","@id":"https:\/\/www.copealcoy.es\/es\/#website","url":"https:\/\/www.copealcoy.es\/es\/","name":"COPE Alcoy","description":"Emisora COPE de radio local con emisi\u00f3n online. Pont de Sant Jordi 8-10 03803 Alcoy","potentialAction":[{"@type":"SearchAction","target":{"@type":"EntryPoint","urlTemplate":"https:\/\/www.copealcoy.es\/es\/?s={search_term_string}"},"query-input":{"@type":"PropertyValueSpecification","valueRequired":true,"valueName":"search_term_string"}}],"inLanguage":"es"},{"@type":"Person","@id":"https:\/\/www.copealcoy.es\/es\/#\/schema\/person\/e777c87fa024e57d40170af9df39882c","name":"Cope Alcoy","image":{"@type":"ImageObject","inLanguage":"es","@id":"https:\/\/secure.gravatar.com\/avatar\/bb65d0283347e303893ba14f0692005417c1e0e690a325a4c5d8bb2b3943ee14?s=96&d=mm&r=g","url":"https:\/\/secure.gravatar.com\/avatar\/bb65d0283347e303893ba14f0692005417c1e0e690a325a4c5d8bb2b3943ee14?s=96&d=mm&r=g","contentUrl":"https:\/\/secure.gravatar.com\/avatar\/bb65d0283347e303893ba14f0692005417c1e0e690a325a4c5d8bb2b3943ee14?s=96&d=mm&r=g","caption":"Cope Alcoy"}}]}},"_links":{"self":[{"href":"https:\/\/www.copealcoy.es\/es\/wp-json\/wp\/v2\/posts\/10083","targetHints":{"allow":["GET"]}}],"collection":[{"href":"https:\/\/www.copealcoy.es\/es\/wp-json\/wp\/v2\/posts"}],"about":[{"href":"https:\/\/www.copealcoy.es\/es\/wp-json\/wp\/v2\/types\/post"}],"author":[{"embeddable":true,"href":"https:\/\/www.copealcoy.es\/es\/wp-json\/wp\/v2\/users\/1"}],"replies":[{"embeddable":true,"href":"https:\/\/www.copealcoy.es\/es\/wp-json\/wp\/v2\/comments?post=10083"}],"version-history":[{"count":0,"href":"https:\/\/www.copealcoy.es\/es\/wp-json\/wp\/v2\/posts\/10083\/revisions"}],"wp:featuredmedia":[{"embeddable":true,"href":"https:\/\/www.copealcoy.es\/es\/wp-json\/wp\/v2\/media\/9340"}],"wp:attachment":[{"href":"https:\/\/www.copealcoy.es\/es\/wp-json\/wp\/v2\/media?parent=10083"}],"wp:term":[{"taxonomy":"category","embeddable":true,"href":"https:\/\/www.copealcoy.es\/es\/wp-json\/wp\/v2\/categories?post=10083"},{"taxonomy":"post_tag","embeddable":true,"href":"https:\/\/www.copealcoy.es\/es\/wp-json\/wp\/v2\/tags?post=10083"}],"curies":[{"name":"wp","href":"https:\/\/api.w.org\/{rel}","templated":true}]}}