{"id":10061,"date":"2015-01-27T15:04:18","date_gmt":"2015-01-27T15:04:18","guid":{"rendered":"http:\/\/copealcoi.es\/new\/?p=10061"},"modified":"2015-01-27T15:04:18","modified_gmt":"2015-01-27T15:04:18","slug":"la-mostra-de-teatre-prepara-su-despegue","status":"publish","type":"post","link":"https:\/\/www.copealcoy.es\/es\/la-mostra-de-teatre-prepara-su-despegue\/","title":{"rendered":"La Mostra de Teatre prepara su despegue"},"content":{"rendered":"<p style=\"text-align: justify;\">La Mostra de Teatre Amateur, Vila de Cocentaina, ya ha dado a conocer las obras que se representar\u00e1n durante el pr\u00f3ximo mes de febrero en su XVI edici\u00f3n. Se\u00f1alar que de nuevo el tel\u00f3n del Teular se abrir\u00e1 cada s\u00e1bado, a excepci\u00f3n del d\u00eda 14, por coincidir con los Carnavales y la fiesta de San Valent\u00edn.<\/p>\n<p style=\"text-align: justify;\">La primera de las representaciones ser\u00e1 el 7 de febrero con la obra \u201cP\u00edntame en la eternidad\u201d de Alberto Miralles, a cargo del grupo Carasses Teatre de Elda. La segunda ser\u00e1 el s\u00e1bado d\u00eda 21, de la mano de la Associaci\u00f3 de Teatre P\u00e0nic Esc\u00e8nic de Valencia, que representar\u00e1 \u201cAmant a Sou\u201d de Julie de Grandy. Finalmente la clausura est\u00e1 reservada para el grupo local, Tel\u00f3 Teatre, que pondr\u00e1 en escena \u201cTerra Baixa\u201d, un drama de car\u00e1cter rural ambientado en el Ampurd\u00e1n, y adaptado para la ocasi\u00f3n por un cl\u00e1sico del teatro contestano como es Paco Insa a partir de una obra de Angel Guimer\u00e0.<\/p>\n<p style=\"text-align: justify;\">Se\u00f1alar que todas las representaciones ser\u00e1n a partir de las ocho y media de la tarde y que en la XVI edici\u00f3n se han presentado un total de 25 grupos con 26 obras de los que la organizaci\u00f3n ha escogido tras\u00a0un largo proceso de evaluaci\u00f3n las dos que se pondr\u00e1n en escena los d\u00edas 7 y 21 de febrero.<\/p>\n","protected":false},"excerpt":{"rendered":"<p>La Mostra de Teatre Amateur, Vila de Cocentaina, ya ha dado a conocer las obras que se representar\u00e1n durante el&#8230;<\/p>\n","protected":false},"author":1,"featured_media":10062,"comment_status":"open","ping_status":"open","sticky":false,"template":"","format":"standard","meta":{"footnotes":""},"categories":[98,75],"tags":[629,132,414,480,332,630],"class_list":["post-10061","post","type-post","status-publish","format-standard","has-post-thumbnail","hentry","category-comarcas","category-noticias","tag-amateur","tag-cocentaina","tag-cultura","tag-mostra","tag-teatro","tag-telo-teatre"],"yoast_head":"<!-- This site is optimized with the Yoast SEO plugin v27.3 - https:\/\/yoast.com\/product\/yoast-seo-wordpress\/ -->\n<title>La Mostra de Teatre prepara su despegue - COPE Alcoy<\/title>\n<meta name=\"robots\" content=\"index, follow, max-snippet:-1, max-image-preview:large, max-video-preview:-1\" \/>\n<link rel=\"canonical\" href=\"https:\/\/www.copealcoy.es\/es\/la-mostra-de-teatre-prepara-su-despegue\/\" \/>\n<meta property=\"og:locale\" content=\"es_ES\" \/>\n<meta property=\"og:type\" content=\"article\" \/>\n<meta property=\"og:title\" content=\"La Mostra de Teatre prepara su despegue - COPE Alcoy\" \/>\n<meta property=\"og:description\" content=\"La Mostra de Teatre Amateur, Vila de Cocentaina, ya ha dado a conocer las obras que se representar\u00e1n durante el...\" \/>\n<meta property=\"og:url\" content=\"https:\/\/www.copealcoy.es\/es\/la-mostra-de-teatre-prepara-su-despegue\/\" \/>\n<meta property=\"og:site_name\" content=\"COPE Alcoy\" \/>\n<meta property=\"article:published_time\" content=\"2015-01-27T15:04:18+00:00\" \/>\n<meta property=\"og:image\" content=\"https:\/\/www.copealcoy.es\/wp-content\/uploads\/2015\/01\/image128.jpg\" \/>\n\t<meta property=\"og:image:width\" content=\"1902\" \/>\n\t<meta property=\"og:image:height\" content=\"1167\" \/>\n\t<meta property=\"og:image:type\" content=\"image\/jpeg\" \/>\n<meta name=\"author\" content=\"Cope Alcoy\" \/>\n<meta name=\"twitter:label1\" content=\"Escrito por\" \/>\n\t<meta name=\"twitter:data1\" content=\"Cope Alcoy\" \/>\n\t<meta name=\"twitter:label2\" content=\"Tiempo de lectura\" \/>\n\t<meta name=\"twitter:data2\" content=\"1 minuto\" \/>\n<script type=\"application\/ld+json\" class=\"yoast-schema-graph\">{\"@context\":\"https:\\\/\\\/schema.org\",\"@graph\":[{\"@type\":\"Article\",\"@id\":\"https:\\\/\\\/www.copealcoy.es\\\/es\\\/la-mostra-de-teatre-prepara-su-despegue\\\/#article\",\"isPartOf\":{\"@id\":\"https:\\\/\\\/www.copealcoy.es\\\/es\\\/la-mostra-de-teatre-prepara-su-despegue\\\/\"},\"author\":{\"name\":\"Cope Alcoy\",\"@id\":\"https:\\\/\\\/www.copealcoy.es\\\/es\\\/#\\\/schema\\\/person\\\/e777c87fa024e57d40170af9df39882c\"},\"headline\":\"La Mostra de Teatre prepara su despegue\",\"datePublished\":\"2015-01-27T15:04:18+00:00\",\"mainEntityOfPage\":{\"@id\":\"https:\\\/\\\/www.copealcoy.es\\\/es\\\/la-mostra-de-teatre-prepara-su-despegue\\\/\"},\"wordCount\":246,\"commentCount\":0,\"image\":{\"@id\":\"https:\\\/\\\/www.copealcoy.es\\\/es\\\/la-mostra-de-teatre-prepara-su-despegue\\\/#primaryimage\"},\"thumbnailUrl\":\"https:\\\/\\\/www.copealcoy.es\\\/wp-content\\\/uploads\\\/2015\\\/01\\\/image128.jpg\",\"keywords\":[\"Amateur\",\"Cocentaina\",\"Cultura\",\"Mostra\",\"teatro\",\"Tel\u00f3 Teatre\"],\"articleSection\":[\"Comarcas\",\"Noticias\"],\"inLanguage\":\"es\"},{\"@type\":\"WebPage\",\"@id\":\"https:\\\/\\\/www.copealcoy.es\\\/es\\\/la-mostra-de-teatre-prepara-su-despegue\\\/\",\"url\":\"https:\\\/\\\/www.copealcoy.es\\\/es\\\/la-mostra-de-teatre-prepara-su-despegue\\\/\",\"name\":\"La Mostra de Teatre prepara su despegue - COPE Alcoy\",\"isPartOf\":{\"@id\":\"https:\\\/\\\/www.copealcoy.es\\\/es\\\/#website\"},\"primaryImageOfPage\":{\"@id\":\"https:\\\/\\\/www.copealcoy.es\\\/es\\\/la-mostra-de-teatre-prepara-su-despegue\\\/#primaryimage\"},\"image\":{\"@id\":\"https:\\\/\\\/www.copealcoy.es\\\/es\\\/la-mostra-de-teatre-prepara-su-despegue\\\/#primaryimage\"},\"thumbnailUrl\":\"https:\\\/\\\/www.copealcoy.es\\\/wp-content\\\/uploads\\\/2015\\\/01\\\/image128.jpg\",\"datePublished\":\"2015-01-27T15:04:18+00:00\",\"author\":{\"@id\":\"https:\\\/\\\/www.copealcoy.es\\\/es\\\/#\\\/schema\\\/person\\\/e777c87fa024e57d40170af9df39882c\"},\"breadcrumb\":{\"@id\":\"https:\\\/\\\/www.copealcoy.es\\\/es\\\/la-mostra-de-teatre-prepara-su-despegue\\\/#breadcrumb\"},\"inLanguage\":\"es\",\"potentialAction\":[{\"@type\":\"ReadAction\",\"target\":[\"https:\\\/\\\/www.copealcoy.es\\\/es\\\/la-mostra-de-teatre-prepara-su-despegue\\\/\"]}]},{\"@type\":\"ImageObject\",\"inLanguage\":\"es\",\"@id\":\"https:\\\/\\\/www.copealcoy.es\\\/es\\\/la-mostra-de-teatre-prepara-su-despegue\\\/#primaryimage\",\"url\":\"https:\\\/\\\/www.copealcoy.es\\\/wp-content\\\/uploads\\\/2015\\\/01\\\/image128.jpg\",\"contentUrl\":\"https:\\\/\\\/www.copealcoy.es\\\/wp-content\\\/uploads\\\/2015\\\/01\\\/image128.jpg\",\"width\":1760,\"height\":1080},{\"@type\":\"BreadcrumbList\",\"@id\":\"https:\\\/\\\/www.copealcoy.es\\\/es\\\/la-mostra-de-teatre-prepara-su-despegue\\\/#breadcrumb\",\"itemListElement\":[{\"@type\":\"ListItem\",\"position\":1,\"name\":\"Portada\",\"item\":\"https:\\\/\\\/www.copealcoy.es\\\/es\\\/\"},{\"@type\":\"ListItem\",\"position\":2,\"name\":\"La Mostra de Teatre prepara su despegue\"}]},{\"@type\":\"WebSite\",\"@id\":\"https:\\\/\\\/www.copealcoy.es\\\/es\\\/#website\",\"url\":\"https:\\\/\\\/www.copealcoy.es\\\/es\\\/\",\"name\":\"COPE Alcoy\",\"description\":\"Emisora COPE de radio local con emisi\u00f3n online. Pont de Sant Jordi 8-10 03803 Alcoy\",\"potentialAction\":[{\"@type\":\"SearchAction\",\"target\":{\"@type\":\"EntryPoint\",\"urlTemplate\":\"https:\\\/\\\/www.copealcoy.es\\\/es\\\/?s={search_term_string}\"},\"query-input\":{\"@type\":\"PropertyValueSpecification\",\"valueRequired\":true,\"valueName\":\"search_term_string\"}}],\"inLanguage\":\"es\"},{\"@type\":\"Person\",\"@id\":\"https:\\\/\\\/www.copealcoy.es\\\/es\\\/#\\\/schema\\\/person\\\/e777c87fa024e57d40170af9df39882c\",\"name\":\"Cope Alcoy\",\"image\":{\"@type\":\"ImageObject\",\"inLanguage\":\"es\",\"@id\":\"https:\\\/\\\/secure.gravatar.com\\\/avatar\\\/bb65d0283347e303893ba14f0692005417c1e0e690a325a4c5d8bb2b3943ee14?s=96&d=mm&r=g\",\"url\":\"https:\\\/\\\/secure.gravatar.com\\\/avatar\\\/bb65d0283347e303893ba14f0692005417c1e0e690a325a4c5d8bb2b3943ee14?s=96&d=mm&r=g\",\"contentUrl\":\"https:\\\/\\\/secure.gravatar.com\\\/avatar\\\/bb65d0283347e303893ba14f0692005417c1e0e690a325a4c5d8bb2b3943ee14?s=96&d=mm&r=g\",\"caption\":\"Cope Alcoy\"}}]}<\/script>\n<!-- \/ Yoast SEO plugin. -->","yoast_head_json":{"title":"La Mostra de Teatre prepara su despegue - COPE Alcoy","robots":{"index":"index","follow":"follow","max-snippet":"max-snippet:-1","max-image-preview":"max-image-preview:large","max-video-preview":"max-video-preview:-1"},"canonical":"https:\/\/www.copealcoy.es\/es\/la-mostra-de-teatre-prepara-su-despegue\/","og_locale":"es_ES","og_type":"article","og_title":"La Mostra de Teatre prepara su despegue - COPE Alcoy","og_description":"La Mostra de Teatre Amateur, Vila de Cocentaina, ya ha dado a conocer las obras que se representar\u00e1n durante el...","og_url":"https:\/\/www.copealcoy.es\/es\/la-mostra-de-teatre-prepara-su-despegue\/","og_site_name":"COPE Alcoy","article_published_time":"2015-01-27T15:04:18+00:00","og_image":[{"width":1902,"height":1167,"url":"https:\/\/www.copealcoy.es\/wp-content\/uploads\/2015\/01\/image128.jpg","type":"image\/jpeg"}],"author":"Cope Alcoy","twitter_misc":{"Escrito por":"Cope Alcoy","Tiempo de lectura":"1 minuto"},"schema":{"@context":"https:\/\/schema.org","@graph":[{"@type":"Article","@id":"https:\/\/www.copealcoy.es\/es\/la-mostra-de-teatre-prepara-su-despegue\/#article","isPartOf":{"@id":"https:\/\/www.copealcoy.es\/es\/la-mostra-de-teatre-prepara-su-despegue\/"},"author":{"name":"Cope Alcoy","@id":"https:\/\/www.copealcoy.es\/es\/#\/schema\/person\/e777c87fa024e57d40170af9df39882c"},"headline":"La Mostra de Teatre prepara su despegue","datePublished":"2015-01-27T15:04:18+00:00","mainEntityOfPage":{"@id":"https:\/\/www.copealcoy.es\/es\/la-mostra-de-teatre-prepara-su-despegue\/"},"wordCount":246,"commentCount":0,"image":{"@id":"https:\/\/www.copealcoy.es\/es\/la-mostra-de-teatre-prepara-su-despegue\/#primaryimage"},"thumbnailUrl":"https:\/\/www.copealcoy.es\/wp-content\/uploads\/2015\/01\/image128.jpg","keywords":["Amateur","Cocentaina","Cultura","Mostra","teatro","Tel\u00f3 Teatre"],"articleSection":["Comarcas","Noticias"],"inLanguage":"es"},{"@type":"WebPage","@id":"https:\/\/www.copealcoy.es\/es\/la-mostra-de-teatre-prepara-su-despegue\/","url":"https:\/\/www.copealcoy.es\/es\/la-mostra-de-teatre-prepara-su-despegue\/","name":"La Mostra de Teatre prepara su despegue - COPE Alcoy","isPartOf":{"@id":"https:\/\/www.copealcoy.es\/es\/#website"},"primaryImageOfPage":{"@id":"https:\/\/www.copealcoy.es\/es\/la-mostra-de-teatre-prepara-su-despegue\/#primaryimage"},"image":{"@id":"https:\/\/www.copealcoy.es\/es\/la-mostra-de-teatre-prepara-su-despegue\/#primaryimage"},"thumbnailUrl":"https:\/\/www.copealcoy.es\/wp-content\/uploads\/2015\/01\/image128.jpg","datePublished":"2015-01-27T15:04:18+00:00","author":{"@id":"https:\/\/www.copealcoy.es\/es\/#\/schema\/person\/e777c87fa024e57d40170af9df39882c"},"breadcrumb":{"@id":"https:\/\/www.copealcoy.es\/es\/la-mostra-de-teatre-prepara-su-despegue\/#breadcrumb"},"inLanguage":"es","potentialAction":[{"@type":"ReadAction","target":["https:\/\/www.copealcoy.es\/es\/la-mostra-de-teatre-prepara-su-despegue\/"]}]},{"@type":"ImageObject","inLanguage":"es","@id":"https:\/\/www.copealcoy.es\/es\/la-mostra-de-teatre-prepara-su-despegue\/#primaryimage","url":"https:\/\/www.copealcoy.es\/wp-content\/uploads\/2015\/01\/image128.jpg","contentUrl":"https:\/\/www.copealcoy.es\/wp-content\/uploads\/2015\/01\/image128.jpg","width":1760,"height":1080},{"@type":"BreadcrumbList","@id":"https:\/\/www.copealcoy.es\/es\/la-mostra-de-teatre-prepara-su-despegue\/#breadcrumb","itemListElement":[{"@type":"ListItem","position":1,"name":"Portada","item":"https:\/\/www.copealcoy.es\/es\/"},{"@type":"ListItem","position":2,"name":"La Mostra de Teatre prepara su despegue"}]},{"@type":"WebSite","@id":"https:\/\/www.copealcoy.es\/es\/#website","url":"https:\/\/www.copealcoy.es\/es\/","name":"COPE Alcoy","description":"Emisora COPE de radio local con emisi\u00f3n online. Pont de Sant Jordi 8-10 03803 Alcoy","potentialAction":[{"@type":"SearchAction","target":{"@type":"EntryPoint","urlTemplate":"https:\/\/www.copealcoy.es\/es\/?s={search_term_string}"},"query-input":{"@type":"PropertyValueSpecification","valueRequired":true,"valueName":"search_term_string"}}],"inLanguage":"es"},{"@type":"Person","@id":"https:\/\/www.copealcoy.es\/es\/#\/schema\/person\/e777c87fa024e57d40170af9df39882c","name":"Cope Alcoy","image":{"@type":"ImageObject","inLanguage":"es","@id":"https:\/\/secure.gravatar.com\/avatar\/bb65d0283347e303893ba14f0692005417c1e0e690a325a4c5d8bb2b3943ee14?s=96&d=mm&r=g","url":"https:\/\/secure.gravatar.com\/avatar\/bb65d0283347e303893ba14f0692005417c1e0e690a325a4c5d8bb2b3943ee14?s=96&d=mm&r=g","contentUrl":"https:\/\/secure.gravatar.com\/avatar\/bb65d0283347e303893ba14f0692005417c1e0e690a325a4c5d8bb2b3943ee14?s=96&d=mm&r=g","caption":"Cope Alcoy"}}]}},"_links":{"self":[{"href":"https:\/\/www.copealcoy.es\/es\/wp-json\/wp\/v2\/posts\/10061","targetHints":{"allow":["GET"]}}],"collection":[{"href":"https:\/\/www.copealcoy.es\/es\/wp-json\/wp\/v2\/posts"}],"about":[{"href":"https:\/\/www.copealcoy.es\/es\/wp-json\/wp\/v2\/types\/post"}],"author":[{"embeddable":true,"href":"https:\/\/www.copealcoy.es\/es\/wp-json\/wp\/v2\/users\/1"}],"replies":[{"embeddable":true,"href":"https:\/\/www.copealcoy.es\/es\/wp-json\/wp\/v2\/comments?post=10061"}],"version-history":[{"count":0,"href":"https:\/\/www.copealcoy.es\/es\/wp-json\/wp\/v2\/posts\/10061\/revisions"}],"wp:featuredmedia":[{"embeddable":true,"href":"https:\/\/www.copealcoy.es\/es\/wp-json\/wp\/v2\/media\/10062"}],"wp:attachment":[{"href":"https:\/\/www.copealcoy.es\/es\/wp-json\/wp\/v2\/media?parent=10061"}],"wp:term":[{"taxonomy":"category","embeddable":true,"href":"https:\/\/www.copealcoy.es\/es\/wp-json\/wp\/v2\/categories?post=10061"},{"taxonomy":"post_tag","embeddable":true,"href":"https:\/\/www.copealcoy.es\/es\/wp-json\/wp\/v2\/tags?post=10061"}],"curies":[{"name":"wp","href":"https:\/\/api.w.org\/{rel}","templated":true}]}}