{"id":10021,"date":"2015-01-26T15:50:20","date_gmt":"2015-01-26T15:50:20","guid":{"rendered":"http:\/\/copealcoi.es\/new\/?p=10021"},"modified":"2015-01-26T15:52:01","modified_gmt":"2015-01-26T15:52:01","slug":"simulacro-de-incendio-en-el-matzem-de-muro","status":"publish","type":"post","link":"https:\/\/www.copealcoy.es\/es\/simulacro-de-incendio-en-el-matzem-de-muro\/","title":{"rendered":"Simulacro de incendio en el Matzem de Muro"},"content":{"rendered":"<p style=\"text-align: justify;\">El Centro Social Matzem de Muro fue objeto la pasada semana de un simulacro de incendio en el que participaron un total de 27 efectivos del Parque Comarcal de Bomberos La Monta\u00f1a as\u00ed como de la Polic\u00eda Local y Protecci\u00f3n Civil. \u00a0En el simulacro se evacu\u00f3 a un total de 70 personas y su principal objetivo era asegurar el cumplimiento del Protocolo Local de Emergencias.<\/p>\n<p style=\"text-align: justify;\">La edil de Seguridad en el Ayuntamiento de Muro, Marina Cerd\u00e0, ha explicado a Cope Alcoy que durante la acci\u00f3n se tomaron las medidas marcadas en este Protocolo y despu\u00e9s se realiz\u00f3 la oportuna valoraci\u00f3n &#8220;se nos aconseja que la alarma suene m\u00e1s fuerte, que se corte el suministro el\u00e9ctrico, que el ascensor se bloquee o que la rampa de acceso sea\u00a0antideslizante&#8221;, se\u00f1ala.<\/p>\n<p style=\"text-align: justify;\">Tanto los efectivos como la aseguradora valoraron positivamente las medidas adoptadas y ahora se trasladar\u00e1n las peque\u00f1as anomal\u00edas a la ingeniera municipal para que se subsanen.<\/p>\n","protected":false},"excerpt":{"rendered":"<p>El Centro Social Matzem de Muro fue objeto la pasada semana de un simulacro de incendio en el que participaron&#8230;<\/p>\n","protected":false},"author":1,"featured_media":10022,"comment_status":"open","ping_status":"open","sticky":false,"template":"","format":"standard","meta":{"footnotes":""},"categories":[98,75],"tags":[615,612,614,135,613],"class_list":["post-10021","post","type-post","status-publish","format-standard","has-post-thumbnail","hentry","category-comarcas","category-noticias","tag-bomberos","tag-incendio","tag-matzem","tag-muro","tag-simulacro"],"yoast_head":"<!-- This site is optimized with the Yoast SEO plugin v27.3 - https:\/\/yoast.com\/product\/yoast-seo-wordpress\/ -->\n<title>Simulacro de incendio en el Matzem de Muro - COPE Alcoy<\/title>\n<meta name=\"robots\" content=\"index, follow, max-snippet:-1, max-image-preview:large, max-video-preview:-1\" \/>\n<link rel=\"canonical\" href=\"https:\/\/www.copealcoy.es\/es\/simulacro-de-incendio-en-el-matzem-de-muro\/\" \/>\n<meta property=\"og:locale\" content=\"es_ES\" \/>\n<meta property=\"og:type\" content=\"article\" \/>\n<meta property=\"og:title\" content=\"Simulacro de incendio en el Matzem de Muro - COPE Alcoy\" \/>\n<meta property=\"og:description\" content=\"El Centro Social Matzem de Muro fue objeto la pasada semana de un simulacro de incendio en el que participaron...\" \/>\n<meta property=\"og:url\" content=\"https:\/\/www.copealcoy.es\/es\/simulacro-de-incendio-en-el-matzem-de-muro\/\" \/>\n<meta property=\"og:site_name\" content=\"COPE Alcoy\" \/>\n<meta property=\"article:published_time\" content=\"2015-01-26T15:50:20+00:00\" \/>\n<meta property=\"article:modified_time\" content=\"2015-01-26T15:52:01+00:00\" \/>\n<meta property=\"og:image\" content=\"https:\/\/www.copealcoy.es\/wp-content\/uploads\/2015\/01\/image122.jpg\" \/>\n\t<meta property=\"og:image:width\" content=\"646\" \/>\n\t<meta property=\"og:image:height\" content=\"341\" \/>\n\t<meta property=\"og:image:type\" content=\"image\/jpeg\" \/>\n<meta name=\"author\" content=\"Cope Alcoy\" \/>\n<meta name=\"twitter:label1\" content=\"Escrito por\" \/>\n\t<meta name=\"twitter:data1\" content=\"Cope Alcoy\" \/>\n\t<meta name=\"twitter:label2\" content=\"Tiempo de lectura\" \/>\n\t<meta name=\"twitter:data2\" content=\"1 minuto\" \/>\n<script type=\"application\/ld+json\" class=\"yoast-schema-graph\">{\"@context\":\"https:\\\/\\\/schema.org\",\"@graph\":[{\"@type\":\"Article\",\"@id\":\"https:\\\/\\\/www.copealcoy.es\\\/es\\\/simulacro-de-incendio-en-el-matzem-de-muro\\\/#article\",\"isPartOf\":{\"@id\":\"https:\\\/\\\/www.copealcoy.es\\\/es\\\/simulacro-de-incendio-en-el-matzem-de-muro\\\/\"},\"author\":{\"name\":\"Cope Alcoy\",\"@id\":\"https:\\\/\\\/www.copealcoy.es\\\/es\\\/#\\\/schema\\\/person\\\/e777c87fa024e57d40170af9df39882c\"},\"headline\":\"Simulacro de incendio en el Matzem de Muro\",\"datePublished\":\"2015-01-26T15:50:20+00:00\",\"dateModified\":\"2015-01-26T15:52:01+00:00\",\"mainEntityOfPage\":{\"@id\":\"https:\\\/\\\/www.copealcoy.es\\\/es\\\/simulacro-de-incendio-en-el-matzem-de-muro\\\/\"},\"wordCount\":173,\"commentCount\":0,\"image\":{\"@id\":\"https:\\\/\\\/www.copealcoy.es\\\/es\\\/simulacro-de-incendio-en-el-matzem-de-muro\\\/#primaryimage\"},\"thumbnailUrl\":\"https:\\\/\\\/www.copealcoy.es\\\/wp-content\\\/uploads\\\/2015\\\/01\\\/image122.jpg\",\"keywords\":[\"Bomberos\",\"Incendio\",\"Matzem\",\"Muro\",\"Simulacro\"],\"articleSection\":[\"Comarcas\",\"Noticias\"],\"inLanguage\":\"es\"},{\"@type\":\"WebPage\",\"@id\":\"https:\\\/\\\/www.copealcoy.es\\\/es\\\/simulacro-de-incendio-en-el-matzem-de-muro\\\/\",\"url\":\"https:\\\/\\\/www.copealcoy.es\\\/es\\\/simulacro-de-incendio-en-el-matzem-de-muro\\\/\",\"name\":\"Simulacro de incendio en el Matzem de Muro - COPE Alcoy\",\"isPartOf\":{\"@id\":\"https:\\\/\\\/www.copealcoy.es\\\/es\\\/#website\"},\"primaryImageOfPage\":{\"@id\":\"https:\\\/\\\/www.copealcoy.es\\\/es\\\/simulacro-de-incendio-en-el-matzem-de-muro\\\/#primaryimage\"},\"image\":{\"@id\":\"https:\\\/\\\/www.copealcoy.es\\\/es\\\/simulacro-de-incendio-en-el-matzem-de-muro\\\/#primaryimage\"},\"thumbnailUrl\":\"https:\\\/\\\/www.copealcoy.es\\\/wp-content\\\/uploads\\\/2015\\\/01\\\/image122.jpg\",\"datePublished\":\"2015-01-26T15:50:20+00:00\",\"dateModified\":\"2015-01-26T15:52:01+00:00\",\"author\":{\"@id\":\"https:\\\/\\\/www.copealcoy.es\\\/es\\\/#\\\/schema\\\/person\\\/e777c87fa024e57d40170af9df39882c\"},\"breadcrumb\":{\"@id\":\"https:\\\/\\\/www.copealcoy.es\\\/es\\\/simulacro-de-incendio-en-el-matzem-de-muro\\\/#breadcrumb\"},\"inLanguage\":\"es\",\"potentialAction\":[{\"@type\":\"ReadAction\",\"target\":[\"https:\\\/\\\/www.copealcoy.es\\\/es\\\/simulacro-de-incendio-en-el-matzem-de-muro\\\/\"]}]},{\"@type\":\"ImageObject\",\"inLanguage\":\"es\",\"@id\":\"https:\\\/\\\/www.copealcoy.es\\\/es\\\/simulacro-de-incendio-en-el-matzem-de-muro\\\/#primaryimage\",\"url\":\"https:\\\/\\\/www.copealcoy.es\\\/wp-content\\\/uploads\\\/2015\\\/01\\\/image122.jpg\",\"contentUrl\":\"https:\\\/\\\/www.copealcoy.es\\\/wp-content\\\/uploads\\\/2015\\\/01\\\/image122.jpg\",\"width\":646,\"height\":341,\"caption\":\"Camiones de bomberos a las puertas del Matzem \\\/ Rai Mart\u00ednez\"},{\"@type\":\"BreadcrumbList\",\"@id\":\"https:\\\/\\\/www.copealcoy.es\\\/es\\\/simulacro-de-incendio-en-el-matzem-de-muro\\\/#breadcrumb\",\"itemListElement\":[{\"@type\":\"ListItem\",\"position\":1,\"name\":\"Portada\",\"item\":\"https:\\\/\\\/www.copealcoy.es\\\/es\\\/\"},{\"@type\":\"ListItem\",\"position\":2,\"name\":\"Simulacro de incendio en el Matzem de Muro\"}]},{\"@type\":\"WebSite\",\"@id\":\"https:\\\/\\\/www.copealcoy.es\\\/es\\\/#website\",\"url\":\"https:\\\/\\\/www.copealcoy.es\\\/es\\\/\",\"name\":\"COPE Alcoy\",\"description\":\"Emisora COPE de radio local con emisi\u00f3n online. Pont de Sant Jordi 8-10 03803 Alcoy\",\"potentialAction\":[{\"@type\":\"SearchAction\",\"target\":{\"@type\":\"EntryPoint\",\"urlTemplate\":\"https:\\\/\\\/www.copealcoy.es\\\/es\\\/?s={search_term_string}\"},\"query-input\":{\"@type\":\"PropertyValueSpecification\",\"valueRequired\":true,\"valueName\":\"search_term_string\"}}],\"inLanguage\":\"es\"},{\"@type\":\"Person\",\"@id\":\"https:\\\/\\\/www.copealcoy.es\\\/es\\\/#\\\/schema\\\/person\\\/e777c87fa024e57d40170af9df39882c\",\"name\":\"Cope Alcoy\",\"image\":{\"@type\":\"ImageObject\",\"inLanguage\":\"es\",\"@id\":\"https:\\\/\\\/secure.gravatar.com\\\/avatar\\\/bb65d0283347e303893ba14f0692005417c1e0e690a325a4c5d8bb2b3943ee14?s=96&d=mm&r=g\",\"url\":\"https:\\\/\\\/secure.gravatar.com\\\/avatar\\\/bb65d0283347e303893ba14f0692005417c1e0e690a325a4c5d8bb2b3943ee14?s=96&d=mm&r=g\",\"contentUrl\":\"https:\\\/\\\/secure.gravatar.com\\\/avatar\\\/bb65d0283347e303893ba14f0692005417c1e0e690a325a4c5d8bb2b3943ee14?s=96&d=mm&r=g\",\"caption\":\"Cope Alcoy\"}}]}<\/script>\n<!-- \/ Yoast SEO plugin. -->","yoast_head_json":{"title":"Simulacro de incendio en el Matzem de Muro - COPE Alcoy","robots":{"index":"index","follow":"follow","max-snippet":"max-snippet:-1","max-image-preview":"max-image-preview:large","max-video-preview":"max-video-preview:-1"},"canonical":"https:\/\/www.copealcoy.es\/es\/simulacro-de-incendio-en-el-matzem-de-muro\/","og_locale":"es_ES","og_type":"article","og_title":"Simulacro de incendio en el Matzem de Muro - COPE Alcoy","og_description":"El Centro Social Matzem de Muro fue objeto la pasada semana de un simulacro de incendio en el que participaron...","og_url":"https:\/\/www.copealcoy.es\/es\/simulacro-de-incendio-en-el-matzem-de-muro\/","og_site_name":"COPE Alcoy","article_published_time":"2015-01-26T15:50:20+00:00","article_modified_time":"2015-01-26T15:52:01+00:00","og_image":[{"width":646,"height":341,"url":"https:\/\/www.copealcoy.es\/wp-content\/uploads\/2015\/01\/image122.jpg","type":"image\/jpeg"}],"author":"Cope Alcoy","twitter_misc":{"Escrito por":"Cope Alcoy","Tiempo de lectura":"1 minuto"},"schema":{"@context":"https:\/\/schema.org","@graph":[{"@type":"Article","@id":"https:\/\/www.copealcoy.es\/es\/simulacro-de-incendio-en-el-matzem-de-muro\/#article","isPartOf":{"@id":"https:\/\/www.copealcoy.es\/es\/simulacro-de-incendio-en-el-matzem-de-muro\/"},"author":{"name":"Cope Alcoy","@id":"https:\/\/www.copealcoy.es\/es\/#\/schema\/person\/e777c87fa024e57d40170af9df39882c"},"headline":"Simulacro de incendio en el Matzem de Muro","datePublished":"2015-01-26T15:50:20+00:00","dateModified":"2015-01-26T15:52:01+00:00","mainEntityOfPage":{"@id":"https:\/\/www.copealcoy.es\/es\/simulacro-de-incendio-en-el-matzem-de-muro\/"},"wordCount":173,"commentCount":0,"image":{"@id":"https:\/\/www.copealcoy.es\/es\/simulacro-de-incendio-en-el-matzem-de-muro\/#primaryimage"},"thumbnailUrl":"https:\/\/www.copealcoy.es\/wp-content\/uploads\/2015\/01\/image122.jpg","keywords":["Bomberos","Incendio","Matzem","Muro","Simulacro"],"articleSection":["Comarcas","Noticias"],"inLanguage":"es"},{"@type":"WebPage","@id":"https:\/\/www.copealcoy.es\/es\/simulacro-de-incendio-en-el-matzem-de-muro\/","url":"https:\/\/www.copealcoy.es\/es\/simulacro-de-incendio-en-el-matzem-de-muro\/","name":"Simulacro de incendio en el Matzem de Muro - COPE Alcoy","isPartOf":{"@id":"https:\/\/www.copealcoy.es\/es\/#website"},"primaryImageOfPage":{"@id":"https:\/\/www.copealcoy.es\/es\/simulacro-de-incendio-en-el-matzem-de-muro\/#primaryimage"},"image":{"@id":"https:\/\/www.copealcoy.es\/es\/simulacro-de-incendio-en-el-matzem-de-muro\/#primaryimage"},"thumbnailUrl":"https:\/\/www.copealcoy.es\/wp-content\/uploads\/2015\/01\/image122.jpg","datePublished":"2015-01-26T15:50:20+00:00","dateModified":"2015-01-26T15:52:01+00:00","author":{"@id":"https:\/\/www.copealcoy.es\/es\/#\/schema\/person\/e777c87fa024e57d40170af9df39882c"},"breadcrumb":{"@id":"https:\/\/www.copealcoy.es\/es\/simulacro-de-incendio-en-el-matzem-de-muro\/#breadcrumb"},"inLanguage":"es","potentialAction":[{"@type":"ReadAction","target":["https:\/\/www.copealcoy.es\/es\/simulacro-de-incendio-en-el-matzem-de-muro\/"]}]},{"@type":"ImageObject","inLanguage":"es","@id":"https:\/\/www.copealcoy.es\/es\/simulacro-de-incendio-en-el-matzem-de-muro\/#primaryimage","url":"https:\/\/www.copealcoy.es\/wp-content\/uploads\/2015\/01\/image122.jpg","contentUrl":"https:\/\/www.copealcoy.es\/wp-content\/uploads\/2015\/01\/image122.jpg","width":646,"height":341,"caption":"Camiones de bomberos a las puertas del Matzem \/ Rai Mart\u00ednez"},{"@type":"BreadcrumbList","@id":"https:\/\/www.copealcoy.es\/es\/simulacro-de-incendio-en-el-matzem-de-muro\/#breadcrumb","itemListElement":[{"@type":"ListItem","position":1,"name":"Portada","item":"https:\/\/www.copealcoy.es\/es\/"},{"@type":"ListItem","position":2,"name":"Simulacro de incendio en el Matzem de Muro"}]},{"@type":"WebSite","@id":"https:\/\/www.copealcoy.es\/es\/#website","url":"https:\/\/www.copealcoy.es\/es\/","name":"COPE Alcoy","description":"Emisora COPE de radio local con emisi\u00f3n online. Pont de Sant Jordi 8-10 03803 Alcoy","potentialAction":[{"@type":"SearchAction","target":{"@type":"EntryPoint","urlTemplate":"https:\/\/www.copealcoy.es\/es\/?s={search_term_string}"},"query-input":{"@type":"PropertyValueSpecification","valueRequired":true,"valueName":"search_term_string"}}],"inLanguage":"es"},{"@type":"Person","@id":"https:\/\/www.copealcoy.es\/es\/#\/schema\/person\/e777c87fa024e57d40170af9df39882c","name":"Cope Alcoy","image":{"@type":"ImageObject","inLanguage":"es","@id":"https:\/\/secure.gravatar.com\/avatar\/bb65d0283347e303893ba14f0692005417c1e0e690a325a4c5d8bb2b3943ee14?s=96&d=mm&r=g","url":"https:\/\/secure.gravatar.com\/avatar\/bb65d0283347e303893ba14f0692005417c1e0e690a325a4c5d8bb2b3943ee14?s=96&d=mm&r=g","contentUrl":"https:\/\/secure.gravatar.com\/avatar\/bb65d0283347e303893ba14f0692005417c1e0e690a325a4c5d8bb2b3943ee14?s=96&d=mm&r=g","caption":"Cope Alcoy"}}]}},"_links":{"self":[{"href":"https:\/\/www.copealcoy.es\/es\/wp-json\/wp\/v2\/posts\/10021","targetHints":{"allow":["GET"]}}],"collection":[{"href":"https:\/\/www.copealcoy.es\/es\/wp-json\/wp\/v2\/posts"}],"about":[{"href":"https:\/\/www.copealcoy.es\/es\/wp-json\/wp\/v2\/types\/post"}],"author":[{"embeddable":true,"href":"https:\/\/www.copealcoy.es\/es\/wp-json\/wp\/v2\/users\/1"}],"replies":[{"embeddable":true,"href":"https:\/\/www.copealcoy.es\/es\/wp-json\/wp\/v2\/comments?post=10021"}],"version-history":[{"count":0,"href":"https:\/\/www.copealcoy.es\/es\/wp-json\/wp\/v2\/posts\/10021\/revisions"}],"wp:featuredmedia":[{"embeddable":true,"href":"https:\/\/www.copealcoy.es\/es\/wp-json\/wp\/v2\/media\/10022"}],"wp:attachment":[{"href":"https:\/\/www.copealcoy.es\/es\/wp-json\/wp\/v2\/media?parent=10021"}],"wp:term":[{"taxonomy":"category","embeddable":true,"href":"https:\/\/www.copealcoy.es\/es\/wp-json\/wp\/v2\/categories?post=10021"},{"taxonomy":"post_tag","embeddable":true,"href":"https:\/\/www.copealcoy.es\/es\/wp-json\/wp\/v2\/tags?post=10021"}],"curies":[{"name":"wp","href":"https:\/\/api.w.org\/{rel}","templated":true}]}}